{"id":195198,"date":"2025-06-22T06:12:12","date_gmt":"2025-06-22T06:12:12","guid":{"rendered":"https:\/\/www.europesays.com\/fr\/195198\/"},"modified":"2025-06-22T06:12:12","modified_gmt":"2025-06-22T06:12:12","slug":"paris-le-fonctionnaire-handicape-isole-par-anne-hidalgo-devra-se-contenter-de-son-nouveau-poste","status":"publish","type":"post","link":"https:\/\/www.europesays.com\/fr\/195198\/","title":{"rendered":"Paris. Le fonctionnaire handicap\u00e9 \u00ab\u00a0isol\u00e9\u00a0\u00bb par Anne Hidalgo devra se contenter de son nouveau poste"},"content":{"rendered":"<p>            Par<br \/>\n        <strong><br \/>\n            <a href=\"https:\/\/actu.fr\/auteur\/redaction-paris\" title=\"Consulter tous les articles de R\u00e9daction Paris\" rel=\"nofollow noopener\" target=\"_blank\">R\u00e9daction Paris<\/a><br \/>\n        <\/strong><\/p>\n<p>        Publi\u00e9 le<\/p>\n<p>            22 juin 2025 \u00e0 6h58        <\/p>\n<p>Recrut\u00e9 en 2006 comme \u00ab\u2009r\u00e9dacteur juridique\u2009\u00bb au \u00ab\u2009bureau du droit priv\u00e9\u2009\u00bb de la direction des affaires juridiques de la <a href=\"https:\/\/actu.fr\/tag\/mairie-de-paris\" rel=\"nofollow noopener\" target=\"_blank\">Ville de Paris<\/a>, un \u00ab\u2009secr\u00e9taire administratif\u2009\u00bb a \u00e9t\u00e9 sanctionn\u00e9 d\u2019un premier \u00ab\u2009bl\u00e2me\u2009\u00bb en 2013 \u00ab\u2009\u00e0 la suite de divers manquements\u2009\u00bb.<br \/>De \u00ab\u2009nouveaux manquements similaires\u2009\u00bb ont conduit la maire (PS) de Paris, <a href=\"https:\/\/actu.fr\/tag\/anne-hidalgo\" rel=\"nofollow noopener\" target=\"_blank\">Anne Hidalgo<\/a>, \u00e0 lui infliger en 2015 un \u00ab\u2009d\u00e9placement d\u2019office\u2009\u00bb \u00e0 la direction de l\u2019action sociale, de l\u2019enfance et de la sant\u00e9 (Dases), mais le juriste a fait annuler cette sanction devant le tribunal administratif de Paris en 2017. La maire avait donc pris un nouvel arr\u00eat\u00e9\u2026<\/p>\n<p class=\" wall-content\">Le requ\u00e9rant avait \u00e9t\u00e9 affect\u00e9 toujours \u00e0 la Dases, justifiant cette fois-ci sa d\u00e9cision par \u00ab\u2009l\u2019int\u00e9r\u00eat du service\u2009\u00bb dans lequel il travaillait jusqu\u2019alors.<\/p>\n<p>La Ville avait voulu \u00ab\u00a0le sanctionner \u00e0 nouveau\u00a0\u00bb<\/p>\n<p class=\" wall-content\">Cette seconde proc\u00e9dure, valid\u00e9e par le<a href=\"https:\/\/actu.fr\/tag\/tribunal-administratif-de-paris\" rel=\"nofollow noopener\" target=\"_blank\"> tribunal administratif de Paris<\/a> en juillet 2020, a \u00e9t\u00e9 censur\u00e9e \u00e0 son tour par la cour administrative d\u2019appel de Paris en juillet 2021. \u00ab\u2009Les t\u00e2ches qui lui ont \u00e9t\u00e9 r\u00e9ellement confi\u00e9es ont consist\u00e9 \u00e0 recopier des mod\u00e8les types de lettres administratives courantes, en r\u00e9ponse aux demandes de tutelles des mineurs, et \u00e0 adresser des bordereaux de notification en mati\u00e8re d\u2019assistance \u00e9ducative\u2009\u00bb, r\u00e9sumaient les juges. \u00ab\u2009Il s\u2019est trouv\u00e9 isol\u00e9, n\u2019ayant plus aucune relation professionnelle avec ses coll\u00e8gues et les autres services de la Ville. Cette affectation s\u2019est traduite par une baisse de ses responsabilit\u00e9s et de son r\u00e9gime de primes d\u2019environ 3\u2009800 euros.\u2009\u00bb<\/p>\n<p class=\" wall-content\">\u00ab\u2009Le requ\u00e9rant est donc fond\u00e9 \u00e0 soutenir que la Ville de Paris a entendu, par l\u2019arr\u00eat\u00e9 attaqu\u00e9, en r\u00e9alit\u00e9 de nouveau le sanctionner en raison de ses manquements professionnels pass\u00e9s, sans prendre en compte le trouble du spectre autistique de type<a href=\"https:\/\/actu.fr\/hauts-de-france\/marquette-lez-lille_59386\/pierre-antoine-van-autiste-asperger-aux-autres-de-sadapter-a-moi_61758977.html\" rel=\"nofollow noopener\" target=\"_blank\"> syndrome d\u2019Asperger<\/a> dont il est atteint\u2009\u00bb, en avaient conclu les juges \u00e0 propos de cette \u00ab\u2009sanction d\u00e9guis\u00e9e\u2009\u00bb. Il avait donc \u00e9t\u00e9 fait \u00ab\u2009injonction\u2009\u00bb \u00e0 la maire de Paris de lui trouver sous trois mois un \u00ab\u2009poste am\u00e9nag\u00e9\u2009\u00bb qui \u00ab\u2009tienne compte de son handicap\u2009\u00bb et dans un emploi \u00ab\u2009correspondant \u00e0 son grade\u2009\u00bb.<\/p>\n<p class=\" wall-content\">Le requ\u00e9rant avait alors \u00e9t\u00e9 effectivement affect\u00e9 en f\u00e9vrier\u00a02022 comme \u00ab\u2009charg\u00e9 de mission\u2009\u00bb \u00e0 la direction des finances et des achats de la Ville. Or, son \u00ab\u2009unique t\u00e2che\u2009\u00bb avait \u00ab\u2009un moindre int\u00e9r\u00eat\u2009\u00bb par rapport aux pr\u00e9c\u00e9dentes, se plaignait-il\u2009: la mission, li\u00e9e \u00e0 la \u00ab\u2009fiabilisation de la base tiers taxe de balayage\u2009\u00bb, ne n\u00e9cessite \u00ab\u2009aucune analyse\u2009\u00bb et \u00ab\u2009ne requiert que l\u2019usage de la fonction copier-coller\u2009\u00bb, d\u00e9plorait cet agent qui avait postul\u00e9 en vain comme \u00ab\u2009gestionnaire des occupations privatives du domaine public\u2009\u00bb. Dans ces conditions, il avait donc de nouveau saisi la cour administrative d\u2019appel de Paris pour qu\u2019elle ordonne \u00e0 la Ville d\u2019ex\u00e9cuter \u00ab\u2009compl\u00e8tement\u2009\u00bb son pr\u00e9c\u00e9dent arr\u00eat en date de juillet\u00a02021.<\/p>\n<p>Un autre poste tenant compte de son handicap<\/p>\n<p class=\" wall-content\">Mais, cette fois-ci, les juges estiment, dans <a href=\"https:\/\/juricaf.org\/arret\/FRANCE-COURADMINISTRATIVEDAPPELDEPARIS-20250415-23PA04879\" rel=\"nofollow noopener\" target=\"_blank\">un arr\u00eat<\/a> qui vient d\u2019\u00eatre rendu public, que ce nouveau poste \u00e0 la direction des finances ne comporte pas que des \u00ab\u2009t\u00e2ches r\u00e9p\u00e9titives de recueil de donn\u00e9es d\u2019entreprises soumises \u00e0 la taxe de balayage\u2009\u00bb, comme le soutenait le requ\u00e9rant. Son nouveau job vise \u00e0 \u00ab\u2009am\u00e9liorer le recouvrement des recettes budg\u00e9taires de la Ville de Paris\u2009\u00bb, positivent les magistrats.<\/p>\n<p class=\" wall-content\">\u00ab\u2009Si le requ\u00e9rant soutient qu\u2019il n\u2019a pas \u00e9t\u00e9 tenu compte de son handicap, au contraire, la Ville a entendu prendre en compte les troubles du spectre de l\u2019autisme en l\u2019affectant dans un environnement de travail qualifi\u00e9 de\u2009\u00bb non stressant \u00ab\u2009et limitant les interactions, comportant des t\u00e2ches planifiables et anticipables\u2009\u00bb, souligne la cour. Le m\u00e9decin du travail avait m\u00eame plaid\u00e9 pour \u00ab\u2009un t\u00e9l\u00e9travail total ou partiel\u2009\u00bb pour cet agent devant \u00e9voluer dans \u00ab\u2009un environnement de travail calme\u2009\u00bb.<\/p>\n<p class=\" wall-content\"><strong>\/MJ (PressPepper)<\/strong><\/p>\n<p class=\" wall-content\">Suivez toute l\u2019actualit\u00e9 de vos villes et m\u00e9dias favoris en vous inscrivant \u00e0 <a href=\"https:\/\/moncompte.actu.fr\" title=\"D\u00e9couvez Mon Actu\" rel=\"nofollow noopener\" data-trk=\"{&quot;cta&quot;:{&quot;action&quot;:&quot;https:\\\/\\\/moncompte.actu.fr&quot;,&quot;category&quot;:&quot;mon compte&quot;,&quot;from&quot;:&quot;article footer&quot;,&quot;name&quot;:&quot;Mon actu&quot;,&quot;type&quot;:&quot;cta&quot;}}\" target=\"_blank\">Mon Actu<\/a>.<\/p>\n","protected":false},"excerpt":{"rendered":"Par R\u00e9daction Paris Publi\u00e9 le 22 juin 2025 \u00e0 6h58 Recrut\u00e9 en 2006 comme \u00ab\u2009r\u00e9dacteur juridique\u2009\u00bb au \u00ab\u2009bureau&hellip;\n","protected":false},"author":2,"featured_media":195199,"comment_status":"","ping_status":"","sticky":false,"template":"","format":"standard","meta":{"footnotes":""},"categories":[1888],"tags":[11,1777,674,118,1011,27,1943,303,2381,12,626,25],"class_list":{"0":"post-195198","1":"post","2":"type-post","3":"status-publish","4":"format-standard","5":"has-post-thumbnail","7":"category-paris","8":"tag-actualites","9":"tag-eu","10":"tag-europe","11":"tag-faits-divers","12":"tag-fr","13":"tag-france","14":"tag-handicap","15":"tag-justice","16":"tag-mairie-de-paris","17":"tag-news","18":"tag-paris","19":"tag-republique-francaise"},"share_on_mastodon":{"url":"https:\/\/pubeurope.com\/@fr\/114725542079521304","error":""},"_links":{"self":[{"href":"https:\/\/www.europesays.com\/fr\/wp-json\/wp\/v2\/posts\/195198","targetHints":{"allow":["GET"]}}],"collection":[{"href":"https:\/\/www.europesays.com\/fr\/wp-json\/wp\/v2\/posts"}],"about":[{"href":"https:\/\/www.europesays.com\/fr\/wp-json\/wp\/v2\/types\/post"}],"author":[{"embeddable":true,"href":"https:\/\/www.europesays.com\/fr\/wp-json\/wp\/v2\/users\/2"}],"replies":[{"embeddable":true,"href":"https:\/\/www.europesays.com\/fr\/wp-json\/wp\/v2\/comments?post=195198"}],"version-history":[{"count":0,"href":"https:\/\/www.europesays.com\/fr\/wp-json\/wp\/v2\/posts\/195198\/revisions"}],"wp:featuredmedia":[{"embeddable":true,"href":"https:\/\/www.europesays.com\/fr\/wp-json\/wp\/v2\/media\/195199"}],"wp:attachment":[{"href":"https:\/\/www.europesays.com\/fr\/wp-json\/wp\/v2\/media?parent=195198"}],"wp:term":[{"taxonomy":"category","embeddable":true,"href":"https:\/\/www.europesays.com\/fr\/wp-json\/wp\/v2\/categories?post=195198"},{"taxonomy":"post_tag","embeddable":true,"href":"https:\/\/www.europesays.com\/fr\/wp-json\/wp\/v2\/tags?post=195198"}],"curies":[{"name":"wp","href":"https:\/\/api.w.org\/{rel}","templated":true}]}}