{"id":195211,"date":"2025-06-22T06:19:09","date_gmt":"2025-06-22T06:19:09","guid":{"rendered":"https:\/\/www.europesays.com\/fr\/195211\/"},"modified":"2025-06-22T06:19:09","modified_gmt":"2025-06-22T06:19:09","slug":"guerre-israel-iran-leurope-a-encore-une-carte-a-jouer","status":"publish","type":"post","link":"https:\/\/www.europesays.com\/fr\/195211\/","title":{"rendered":"Guerre Isra\u00ebl-Iran\u00a0: l\u2019Europe a encore une carte \u00e0 jouer"},"content":{"rendered":"<p class=\"paragraph text_align_left lp-f-body-02\">La phrase est cinglante, voire m\u00e9prisante. \u00ab L\u2019Iran ne veut pas parler \u00e0 l\u2019Europe. Ils veulent nous parler \u00e0 nous. L\u2019Europe ne va pas pouvoir aider sur ce sujet \u00bb, a claironn\u00e9, vendredi soir, <a href=\"https:\/\/www.leparisien.fr\/international\/etats-unis\/cest-moi-qui-decide-comment-donald-trump-fait-de-la-guerre-israel-iran-son-show-19-06-2025-BRHQEESDUJGODKFUQP25KMB5LE.php\" target=\"_blank\" rel=\"noreferrer noopener\">le pr\u00e9sident am\u00e9ricain Donald Trump<\/a>, apr\u00e8s <a href=\"https:\/\/www.leparisien.fr\/international\/iran\/guerre-iran-israel-les-europeens-ne-seront-pas-utiles-pour-resoudre-le-conflit-assene-trump-20-06-2025-IFA4L5UUA5CWTC7PAL42D7P2FA.php\" target=\"_blank\" rel=\"noreferrer noopener\">une rencontre \u00e0 Gen\u00e8ve<\/a> entre les ministres des Affaires \u00e9trang\u00e8res allemand, britannique, fran\u00e7ais et iranien. Des propos tranchants mais lucides sur les chances de mettre un terme \u00e0 <a href=\"https:\/\/www.leparisien.fr\/international\/ca-y-est-nous-sommes-dans-une-guerre-en-iran-la-population-craint-lescalade-13-06-2025-GIKNK2Q2LRBWVAMZ7XTNPWXRXI.php\" target=\"_blank\" rel=\"noreferrer noopener\">cette nouvelle guerre<\/a> dont les observateurs craignent qu\u2019elle se prolonge et rel\u00e8vent son extr\u00eame dangerosit\u00e9 pour le monde.<\/p>\n<p class=\"paragraph text_align_left lp-f-body-02\">Si les conflits se multiplient depuis <a href=\"https:\/\/www.leparisien.fr\/crise-ukraine-russie\/\" target=\"_blank\" rel=\"noreferrer noopener\">l\u2019invasion de l\u2019Ukraine<\/a> puis entre Isra\u00ebl et Gaza, cette poudri\u00e8re introduit une donn\u00e9e in\u00e9dite et effrayante : \u00ab T\u00e9h\u00e9ran dispose bien de toutes les pi\u00e8ces pour produire sa bombe nucl\u00e9aire \u00bb, nous assure, <a href=\"https:\/\/www.leparisien.fr\/politique\/sebastien-lecornu-liran-dispose-bien-des-differentes-pieces-pour-faire-une-bombe-nucleaire-21-06-2025-LW34TRYKWFAEBLM3SHSI5CHKA4.php\" target=\"_blank\" rel=\"noreferrer noopener\">dans une interview exclusive, le ministre de la D\u00e9fense, S\u00e9bastien Lecornu<\/a>, qui redoute par ailleurs le sc\u00e9nario de l\u2019enlisement et les risques d\u2019escalade dont les cons\u00e9quences seraient lourdes pour le Vieux Continent. Tant pour sa s\u00e9curit\u00e9 que pour son \u00e9conomie.<\/p>\n","protected":false},"excerpt":{"rendered":"La phrase est cinglante, voire m\u00e9prisante. \u00ab L\u2019Iran ne veut pas parler \u00e0 l\u2019Europe. Ils veulent nous parler&hellip;\n","protected":false},"author":2,"featured_media":195212,"comment_status":"","ping_status":"","sticky":false,"template":"","format":"standard","meta":{"footnotes":""},"categories":[1586],"tags":[11,2518,1777,674,1011,27,14,12,316,25],"class_list":{"0":"post-195211","1":"post","2":"type-post","3":"status-publish","4":"format-standard","5":"has-post-thumbnail","7":"category-europe","8":"tag-actualites","9":"tag-edito","10":"tag-eu","11":"tag-europe","12":"tag-fr","13":"tag-france","14":"tag-international","15":"tag-news","16":"tag-politique","17":"tag-republique-francaise"},"share_on_mastodon":{"url":"https:\/\/pubeurope.com\/@fr\/114725569479410658","error":""},"_links":{"self":[{"href":"https:\/\/www.europesays.com\/fr\/wp-json\/wp\/v2\/posts\/195211","targetHints":{"allow":["GET"]}}],"collection":[{"href":"https:\/\/www.europesays.com\/fr\/wp-json\/wp\/v2\/posts"}],"about":[{"href":"https:\/\/www.europesays.com\/fr\/wp-json\/wp\/v2\/types\/post"}],"author":[{"embeddable":true,"href":"https:\/\/www.europesays.com\/fr\/wp-json\/wp\/v2\/users\/2"}],"replies":[{"embeddable":true,"href":"https:\/\/www.europesays.com\/fr\/wp-json\/wp\/v2\/comments?post=195211"}],"version-history":[{"count":0,"href":"https:\/\/www.europesays.com\/fr\/wp-json\/wp\/v2\/posts\/195211\/revisions"}],"wp:featuredmedia":[{"embeddable":true,"href":"https:\/\/www.europesays.com\/fr\/wp-json\/wp\/v2\/media\/195212"}],"wp:attachment":[{"href":"https:\/\/www.europesays.com\/fr\/wp-json\/wp\/v2\/media?parent=195211"}],"wp:term":[{"taxonomy":"category","embeddable":true,"href":"https:\/\/www.europesays.com\/fr\/wp-json\/wp\/v2\/categories?post=195211"},{"taxonomy":"post_tag","embeddable":true,"href":"https:\/\/www.europesays.com\/fr\/wp-json\/wp\/v2\/tags?post=195211"}],"curies":[{"name":"wp","href":"https:\/\/api.w.org\/{rel}","templated":true}]}}