{"id":195217,"date":"2025-06-22T06:22:12","date_gmt":"2025-06-22T06:22:12","guid":{"rendered":"https:\/\/www.europesays.com\/fr\/195217\/"},"modified":"2025-06-22T06:22:12","modified_gmt":"2025-06-22T06:22:12","slug":"lepisode-de-chaleur-en-france-pourrait-avoir-un-impact-sur-le-parc-nucleaire","status":"publish","type":"post","link":"https:\/\/www.europesays.com\/fr\/195217\/","title":{"rendered":"L\u2019\u00e9pisode de chaleur en France pourrait avoir un impact sur le parc nucl\u00e9aire"},"content":{"rendered":"<p>Coup de chaud sur les centrales ? Le pic de chaleur enregistr\u00e9 sur l\u2019ouest de la France va se d\u00e9caler vers l\u2019est dimanche et pourrait peser d\u00e8s le lendemain sur la production d\u2019\u00e9lectricit\u00e9 du parc nucl\u00e9aire, qui d\u00e9pend des cours d\u2019eau pour se refroidir, a pr\u00e9venu l\u2019\u00e9lectricien fran\u00e7ais EDF samedi.<\/p>\n<\/p>\n<p>M\u00e9t\u00e9o-France avait d\u00e9cr\u00e9t\u00e9 pour samedi la vigilance orange \u00ab\u00a0canicule\u00a0\u00bb dans 16 d\u00e9partements, principalement dans l\u2019ouest de la France. \u00ab\u00a0En raison des pr\u00e9visions de temp\u00e9ratures \u00e9lev\u00e9es du (fleuve) Rh\u00f4ne, des restrictions de production sont susceptibles d\u2019affecter le parc de production nucl\u00e9aire d\u2019EDF \u00e0 partir du lundi 23\u00a0juin\u00a0\u00bb, a expliqu\u00e9 EDF.<\/p>\n<p>Des cons\u00e9quences sur les cours d&rsquo;eau<\/p>\n<p>L\u2019activit\u00e9 des centrales nucl\u00e9aires, qui pompent l\u2019eau des cours d\u2019eau adjacents &#8211; ou de la mer le cas \u00e9ch\u00e9ant &#8211; pour leur refroidissement, avant de la rejeter plus chaude, est encadr\u00e9e par des seuils d\u2019\u00e9chauffement et de d\u00e9bit pour prot\u00e9ger la faune et la flore.<\/p>\n<p>Divers \u00e9v\u00e9nements sportifs ou culturels ont \u00e9t\u00e9 annul\u00e9s en raison de cette vague de chaleur, comme un concert pr\u00e9vu pour la F\u00eate de la musique dans l\u2019ouest de la France. Plusieurs villes aussi ont d\u00e9cid\u00e9 de laisser ouverts des parcs et jardins toute la nuit jusqu\u2019\u00e0 la fin de cet \u00e9pisode pr\u00e9coce de chaleur pour permettre aux habitants de se rafra\u00eechir.<\/p>\n<p><a href=\"https:\/\/www.20minutes.fr\/planete\/climat\/\" class=\"c-link c-btn c-btn--primary\" target=\"_blank\" rel=\"noopener\">Notre dossier R\u00e9chauffement climatique<\/a><\/p>\n<p>C\u2019est la 50e vague de chaleur recens\u00e9e par M\u00e9t\u00e9o-France depuis\u00a01947 et l\u2019une des plus pr\u00e9coces.<\/p>\n","protected":false},"excerpt":{"rendered":"Coup de chaud sur les centrales ? Le pic de chaleur enregistr\u00e9 sur l\u2019ouest de la France va&hellip;\n","protected":false},"author":2,"featured_media":195218,"comment_status":"","ping_status":"","sticky":false,"template":"","format":"standard","meta":{"footnotes":""},"categories":[2],"tags":[11,6698,13208,1647,25885,1011,27,2357,12,5654,52,25],"class_list":{"0":"post-195217","1":"post","2":"type-post","3":"status-publish","4":"format-standard","5":"has-post-thumbnail","7":"category-actualites","8":"tag-actualites","9":"tag-canicule","10":"tag-chaleur","11":"tag-edf","12":"tag-fete-de-la-musique","13":"tag-fr","14":"tag-france","15":"tag-meteo-france","16":"tag-news","17":"tag-nucleaire","18":"tag-planete","19":"tag-republique-francaise"},"share_on_mastodon":{"url":"https:\/\/pubeurope.com\/@fr\/114725581226964873","error":""},"_links":{"self":[{"href":"https:\/\/www.europesays.com\/fr\/wp-json\/wp\/v2\/posts\/195217","targetHints":{"allow":["GET"]}}],"collection":[{"href":"https:\/\/www.europesays.com\/fr\/wp-json\/wp\/v2\/posts"}],"about":[{"href":"https:\/\/www.europesays.com\/fr\/wp-json\/wp\/v2\/types\/post"}],"author":[{"embeddable":true,"href":"https:\/\/www.europesays.com\/fr\/wp-json\/wp\/v2\/users\/2"}],"replies":[{"embeddable":true,"href":"https:\/\/www.europesays.com\/fr\/wp-json\/wp\/v2\/comments?post=195217"}],"version-history":[{"count":0,"href":"https:\/\/www.europesays.com\/fr\/wp-json\/wp\/v2\/posts\/195217\/revisions"}],"wp:featuredmedia":[{"embeddable":true,"href":"https:\/\/www.europesays.com\/fr\/wp-json\/wp\/v2\/media\/195218"}],"wp:attachment":[{"href":"https:\/\/www.europesays.com\/fr\/wp-json\/wp\/v2\/media?parent=195217"}],"wp:term":[{"taxonomy":"category","embeddable":true,"href":"https:\/\/www.europesays.com\/fr\/wp-json\/wp\/v2\/categories?post=195217"},{"taxonomy":"post_tag","embeddable":true,"href":"https:\/\/www.europesays.com\/fr\/wp-json\/wp\/v2\/tags?post=195217"}],"curies":[{"name":"wp","href":"https:\/\/api.w.org\/{rel}","templated":true}]}}