{"id":195235,"date":"2025-06-22T06:33:13","date_gmt":"2025-06-22T06:33:13","guid":{"rendered":"https:\/\/www.europesays.com\/fr\/195235\/"},"modified":"2025-06-22T06:33:13","modified_gmt":"2025-06-22T06:33:13","slug":"meme-orlando-bloom-a-trouve-le-voyage-de-katy-perry-dans-lespace-genant","status":"publish","type":"post","link":"https:\/\/www.europesays.com\/fr\/195235\/","title":{"rendered":"M\u00eame Orlando Bloom a trouv\u00e9 le voyage de Katy Perry dans l&rsquo;espace \u00abg\u00eanant\u00bb"},"content":{"rendered":"<p>Les r\u00e9seaux sociaux, les d\u00e9fenseurs de l&rsquo;environnement, <a href=\"https:\/\/www.vanityfair.fr\/dossier\/emily-ratajkowski\" isautogenerated=\"true\" rel=\"nofollow noopener\" target=\"_blank\">Emily Ratajkowski<\/a>\u2026 Personne n&rsquo;a aim\u00e9 le vol aussi rapide que d\u00e9nu\u00e9 d&rsquo;int\u00e9r\u00eat scientifique de la fus\u00e9e Blue Origin, l&rsquo;entreprise spatiale de <a href=\"https:\/\/www.vanityfair.fr\/dossier\/jeff-bezos\" isautogenerated=\"true\" rel=\"nofollow noopener\" target=\"_blank\">Jeff Bezos<\/a> en avril dernier. Pour avoir eu le malheur d&rsquo;y participer, et d&rsquo;\u00eatre la personnalit\u00e9 la plus c\u00e9l\u00e8bre de <a href=\"https:\/\/www.vanityfair.fr\/article\/katy-perry-revele-seul-objet-apporte-espace-pour-honorer-sa-fille\" rel=\"nofollow noopener\" target=\"_blank\">ce vol compos\u00e9 exclusivement de femmes<\/a>, Katy Perry se prend depuis les foudres de ce \u00ab d\u00e9potoir pour les personnes d\u00e9s\u00e9quilibr\u00e9es et non gu\u00e9ries \u00bb qu&rsquo;est Internet, <a href=\"https:\/\/www.vanityfair.fr\/article\/katy-perry-est-fatiguee-detre-la-pinata-humaine-dinternet\" rel=\"nofollow noopener\" target=\"_blank\">selon ses dires<\/a>. Mais \u00e9galement, selon les derni\u00e8res nouvelles, de son fianc\u00e9 <a href=\"https:\/\/www.vanityfair.fr\/dossier\/orlando-bloom\" isautogenerated=\"true\" rel=\"nofollow noopener\" target=\"_blank\">Orlando Bloom<\/a>, qui n&rsquo;a pas non plus appr\u00e9ci\u00e9 son excursion.<\/p>\n<p>Le vol spatial de la chanteuse aurait \u00e9t\u00e9 le point d&rsquo;implosion de leur relation, rapporte le <a data-offer-url=\"https:\/\/www.dailymail.co.uk\/tvshowbiz\/article-14828233\/Katy-Perry-Orlando-Bloom-hypocrisy-Lauren-Sanchez-wedding-jeff-bezos.html\" class=\"external-link\" data-event-click=\"{&quot;element&quot;:&quot;ExternalLink&quot;,&quot;outgoingURL&quot;:&quot;https:\/\/www.dailymail.co.uk\/tvshowbiz\/article-14828233\/Katy-Perry-Orlando-Bloom-hypocrisy-Lauren-Sanchez-wedding-jeff-bezos.html&quot;}\" href=\"https:\/\/www.dailymail.co.uk\/tvshowbiz\/article-14828233\/Katy-Perry-Orlando-Bloom-hypocrisy-Lauren-Sanchez-wedding-jeff-bezos.html\" rel=\"nofollow noopener\" target=\"_blank\">Daily Mail<\/a>. Au cours d&rsquo;une violente dispute, Orlando Bloom aurait tenu \u00e0 lui dire \u00ab que tout cela \u00e9tait ridicule \u00bb,  \u00ab g\u00eanant \u00bb et m\u00eame \u00ab embarrassant \u00bb, assure une source proche de la chanteuse. Des propos virulents qui ont profond\u00e9ment \u00ab bless\u00e9 \u00bb Katy Perry. \u00ab Imaginez que vous alliez dans l&rsquo;espace et que votre partenaire ne soit pas impressionn\u00e9 \u00bb, a ajout\u00e9 l&rsquo;initi\u00e9. \u00ab Elle esp\u00e9rait qu&rsquo;il la soutiendrait davantage. \u00bb<\/p>\n<p>Au bord de la s\u00e9paration ?<\/p>\n<p>Un autre sujet aurait pouss\u00e9 le couple au bord de la s\u00e9paration. \u00c0 savoir <a href=\"https:\/\/www.vanityfair.fr\/article\/jeff-bezos-et-lauren-sanchez-tout-ce-quil-faut-savoir-sur-leur-mariage\" rel=\"nofollow noopener\" target=\"_blank\">le d\u00e9cri\u00e9 mariage v\u00e9nitien de Lauren S\u00e1nchez et Jeff Bezos<\/a>, le 24 juin prochain. <a data-offer-url=\"https:\/\/www.tmz.com\/2025\/06\/17\/orlando-bloom-solo-jeff-bezos-wedding-katy-perry-breakup-rumors\/\" class=\"external-link\" data-event-click=\"{&quot;element&quot;:&quot;ExternalLink&quot;,&quot;outgoingURL&quot;:&quot;https:\/\/www.tmz.com\/2025\/06\/17\/orlando-bloom-solo-jeff-bezos-wedding-katy-perry-breakup-rumors\/&quot;}\" href=\"https:\/\/www.tmz.com\/2025\/06\/17\/orlando-bloom-solo-jeff-bezos-wedding-katy-perry-breakup-rumors\/\" rel=\"nofollow noopener\" target=\"_blank\">TMZ<\/a> r\u00e9v\u00e9lait en d\u00e9but de semaine que <a href=\"https:\/\/www.vanityfair.fr\/article\/katy-perry-sera-absente-du-mariage-de-ses-amis-jeff-bezos-et-lauren-sanchez\" rel=\"nofollow noopener\" target=\"_blank\">seul le com\u00e9dien s&rsquo;y rendrait<\/a> apr\u00e8s que les deux stars se soient disput\u00e9es pour savoir laquelle des deux irait. Orlando Bloom \u00ab insiste pour y aller \u00bb, ce qui \u00ab agace \u00bb Katy Perry qui estime que les mari\u00e9s \u00ab sont plus ses amis que les siens \u00bb, confie la source du Daily Mail. \u00ab Il se plaint qu&rsquo;elle aille dans l&rsquo;espace, puis veut assister au mariage de ceux qui lui ont permis de faire tout cela \u00bb, a ajout\u00e9 cette m\u00eame personne. S&rsquo;envoler en Italie serait la fa\u00e7on d&rsquo;Orlando Bloom de dire \u00e0 sa fianc\u00e9e d&rsquo;aller se \u00ab faire foutre \u00bb. En attendant, l&rsquo;interpr\u00e8te de Fireworks pourra rester en Australie ce week-end-l\u00e0, o\u00f9 elle est attendue pour son Lifetimes Tour.<\/p>\n<p>Entre Katy et Orlando, rien ne va plus, s&rsquo;accordent \u00e0 dire les tablo\u00efds. Tous deux se sont rencontr\u00e9s en 2016, se sont s\u00e9par\u00e9s en 2017 et retrouv\u00e9s l&rsquo;ann\u00e9e suivante. Un an apr\u00e8s leurs fian\u00e7ailles, en 2019, ils ont accueilli leur fille <strong>Daisy<\/strong>. Mais apr\u00e8s des ann\u00e9es de bonheur, les \u00e9checs professionnels de Katy Perry l&rsquo;auraient rendue m\u00e9connaissable, et imperm\u00e9able aux conseils de son fianc\u00e9. \u00ab Il lui a d\u00e9conseill\u00e9 cet album. Elle l&rsquo;a fait. Il lui a d\u00e9conseill\u00e9 l&rsquo;espace. Elle l&rsquo;a fait. Il lui a d\u00e9conseill\u00e9 cette tourn\u00e9e et elle l&rsquo;a fait \u00bb, soupire l&rsquo;inform\u00e9 aupr\u00e8s du Daily Mail.<\/p>\n","protected":false},"excerpt":{"rendered":"Les r\u00e9seaux sociaux, les d\u00e9fenseurs de l&rsquo;environnement, Emily Ratajkowski\u2026 Personne n&rsquo;a aim\u00e9 le vol aussi rapide que d\u00e9nu\u00e9&hellip;\n","protected":false},"author":2,"featured_media":195236,"comment_status":"","ping_status":"","sticky":false,"template":"","format":"standard","meta":{"footnotes":""},"categories":[1359],"tags":[58,59,1011,27,33392,973],"class_list":{"0":"post-195235","1":"post","2":"type-post","3":"status-publish","4":"format-standard","5":"has-post-thumbnail","7":"category-people","8":"tag-divertissement","9":"tag-entertainment","10":"tag-fr","11":"tag-france","12":"tag-orlando-bloom","13":"tag-people"},"share_on_mastodon":{"url":"https:\/\/pubeurope.com\/@fr\/114725624414068765","error":""},"_links":{"self":[{"href":"https:\/\/www.europesays.com\/fr\/wp-json\/wp\/v2\/posts\/195235","targetHints":{"allow":["GET"]}}],"collection":[{"href":"https:\/\/www.europesays.com\/fr\/wp-json\/wp\/v2\/posts"}],"about":[{"href":"https:\/\/www.europesays.com\/fr\/wp-json\/wp\/v2\/types\/post"}],"author":[{"embeddable":true,"href":"https:\/\/www.europesays.com\/fr\/wp-json\/wp\/v2\/users\/2"}],"replies":[{"embeddable":true,"href":"https:\/\/www.europesays.com\/fr\/wp-json\/wp\/v2\/comments?post=195235"}],"version-history":[{"count":0,"href":"https:\/\/www.europesays.com\/fr\/wp-json\/wp\/v2\/posts\/195235\/revisions"}],"wp:featuredmedia":[{"embeddable":true,"href":"https:\/\/www.europesays.com\/fr\/wp-json\/wp\/v2\/media\/195236"}],"wp:attachment":[{"href":"https:\/\/www.europesays.com\/fr\/wp-json\/wp\/v2\/media?parent=195235"}],"wp:term":[{"taxonomy":"category","embeddable":true,"href":"https:\/\/www.europesays.com\/fr\/wp-json\/wp\/v2\/categories?post=195235"},{"taxonomy":"post_tag","embeddable":true,"href":"https:\/\/www.europesays.com\/fr\/wp-json\/wp\/v2\/tags?post=195235"}],"curies":[{"name":"wp","href":"https:\/\/api.w.org\/{rel}","templated":true}]}}