{"id":195237,"date":"2025-06-22T06:34:09","date_gmt":"2025-06-22T06:34:09","guid":{"rendered":"https:\/\/www.europesays.com\/fr\/195237\/"},"modified":"2025-06-22T06:34:09","modified_gmt":"2025-06-22T06:34:09","slug":"metropole-de-lyon-ce-couple-de-rillieux-la-pape-photographie-les-femmes-facon-pin-up-pour-booster-leur-confiance","status":"publish","type":"post","link":"https:\/\/www.europesays.com\/fr\/195237\/","title":{"rendered":"M\u00e9tropole de Lyon. Ce couple de Rillieux-la-Pape photographie les femmes fa\u00e7on pin-up pour booster leur confiance"},"content":{"rendered":"<p>Elles poussent souvent la porte du studio avec une estime d\u2019elles dans les chaussettes. \u00ab\u00a0Vous ne serez pas vex\u00e9s si je ne trouve pas vos clich\u00e9s beaux. Je ne m\u2019aime jamais sur les photos\u00a0!\u00a0\u00bb, pr\u00e9viennent-elles.<\/p>\n<p>\u00ab\u00a0Mais je peux vous dire que quand ces femmes se voient sur l\u2019\u00e9cran au fur et \u00e0 mesure de la s\u00e9ance, elles n\u2019en reviennent pas. Nous en avons vu pleurer plus d\u2019une\u00a0\u00bb, sourient Aur\u00e9lie et Cyril, le regard p\u00e9tillant. Ces r\u00e9actions sont leur plus belle r\u00e9compense car le couple a mont\u00e9 son&#8230;<\/p>\n","protected":false},"excerpt":{"rendered":"Elles poussent souvent la porte du studio avec une estime d\u2019elles dans les chaussettes. \u00ab\u00a0Vous ne serez pas&hellip;\n","protected":false},"author":2,"featured_media":195238,"comment_status":"","ping_status":"","sticky":false,"template":"","format":"standard","meta":{"footnotes":""},"categories":[1358],"tags":[1348,1384,1385,130,1386,58,33,3153,59,107,1011,27,2429,23109,17092,273],"class_list":{"0":"post-195237","1":"post","2":"type-post","3":"status-publish","4":"format-standard","5":"has-post-thumbnail","7":"category-arts-et-design","8":"tag-arts","9":"tag-arts-and-design","10":"tag-arts-et-design","11":"tag-consommation","12":"tag-design","13":"tag-divertissement","14":"tag-economie","15":"tag-edition-ouest-lyonnais","16":"tag-entertainment","17":"tag-fil-info","18":"tag-fr","19":"tag-france","20":"tag-rhone","21":"tag-rillieux-bassin","22":"tag-rillieux-la-pape","23":"tag-selection-de-la-redaction"},"share_on_mastodon":{"url":"https:\/\/pubeurope.com\/@fr\/114725628368704999","error":""},"_links":{"self":[{"href":"https:\/\/www.europesays.com\/fr\/wp-json\/wp\/v2\/posts\/195237","targetHints":{"allow":["GET"]}}],"collection":[{"href":"https:\/\/www.europesays.com\/fr\/wp-json\/wp\/v2\/posts"}],"about":[{"href":"https:\/\/www.europesays.com\/fr\/wp-json\/wp\/v2\/types\/post"}],"author":[{"embeddable":true,"href":"https:\/\/www.europesays.com\/fr\/wp-json\/wp\/v2\/users\/2"}],"replies":[{"embeddable":true,"href":"https:\/\/www.europesays.com\/fr\/wp-json\/wp\/v2\/comments?post=195237"}],"version-history":[{"count":0,"href":"https:\/\/www.europesays.com\/fr\/wp-json\/wp\/v2\/posts\/195237\/revisions"}],"wp:featuredmedia":[{"embeddable":true,"href":"https:\/\/www.europesays.com\/fr\/wp-json\/wp\/v2\/media\/195238"}],"wp:attachment":[{"href":"https:\/\/www.europesays.com\/fr\/wp-json\/wp\/v2\/media?parent=195237"}],"wp:term":[{"taxonomy":"category","embeddable":true,"href":"https:\/\/www.europesays.com\/fr\/wp-json\/wp\/v2\/categories?post=195237"},{"taxonomy":"post_tag","embeddable":true,"href":"https:\/\/www.europesays.com\/fr\/wp-json\/wp\/v2\/tags?post=195237"}],"curies":[{"name":"wp","href":"https:\/\/api.w.org\/{rel}","templated":true}]}}