{"id":195253,"date":"2025-06-22T06:42:08","date_gmt":"2025-06-22T06:42:08","guid":{"rendered":"https:\/\/www.europesays.com\/fr\/195253\/"},"modified":"2025-06-22T06:42:08","modified_gmt":"2025-06-22T06:42:08","slug":"un-pecheur-photographie-un-iceberg-noir-une-decouverte-qui-inquiete-les-scientifiques","status":"publish","type":"post","link":"https:\/\/www.europesays.com\/fr\/195253\/","title":{"rendered":"Un p\u00eacheur photographie un iceberg noir, une d\u00e9couverte qui inqui\u00e8te les scientifiques"},"content":{"rendered":"<p>En mai <strong>2025<\/strong>, un ph\u00e9nom\u00e8ne plut\u00f4t rare a attir\u00e9 les regards dans la mer du Labrador, non loin des c\u00f4tes canadiennes. Un p\u00eacheur exp\u00e9riment\u00e9, Hallur Antoniussen, a remarqu\u00e9 un iceberg d\u2019une couleur \u00e9tonnamment noire. La nouvelle a rapidement fait le tour des r\u00e9seaux sociaux et a aliment\u00e9 bien des discussions, aussi bien aupr\u00e8s du grand public que des scientifiques.<\/p>\n<p>Un t\u00e9moignage de p\u00eache en bord de mer<\/p>\n<p>Hallur Antoniussen, originaire des \u00eeles F\u00e9ro\u00e9, se trouvait \u00e0 bord du \u00ab\u00a0Saputi\u00a0\u00bb, un chalutier-usine, quand il a aper\u00e7u cet iceberg exceptionnel. Fort de cinquante ann\u00e9es d\u2019exp\u00e9rience dans la p\u00eache au large du Groenland et \u0153uvrant dans les eaux du Labrador depuis <strong>1989<\/strong>, Antoniussen n\u2019est pas \u00e9tranger aux ph\u00e9nom\u00e8nes marins insolites. Pourtant, il affirme que celui-ci \u00e9tait vraiment hors du commun : \u00ab J\u2019ai d\u00e9j\u00e0 vu des icebergs qui roulent sur les plages en se couvrant de pierres, mais celui-ci est compl\u00e8tement diff\u00e9rent. En plus d\u2019\u00eatre noir, il a la forme d\u2019un diamant. \u00bb<\/p>\n<p>N\u2019ayant pas d\u2019appareil photo \u00e0 port\u00e9e de main, le p\u00eacheur s\u2019est pr\u00e9cipit\u00e9 vers sa cabine pour attraper son t\u00e9l\u00e9phone portable et immortaliser ce moment unique. La <a href=\"https:\/\/m.facebook.com\/ScienceetVieMag\/photos\/myst%C3%A9rieux-iceberg-noir-d%C3%A9concertant-au-large-du-canada-%EF%B8%8F-httpslscience-et-vieco\/1015244670755370\/\" rel=\"noopener noreferrer nofollow\" target=\"_blank\">photo de l\u2019iceberg noir publi\u00e9e sur Facebook<\/a> a tr\u00e8s vite enflamm\u00e9 les discussions, donnant lieu \u00e0 une ribambelle d\u2019hypoth\u00e8ses farfelues.<\/p>\n<p>Des caract\u00e9ristiques bien particuli\u00e8res<\/p>\n<p>Cet iceberg se d\u00e9marque par sa taille impressionnante, environ trois fois plus gros que ce \u00e0 quoi on pourrait s\u2019attendre dans la r\u00e9gion. Sa couleur, d\u2019un noir profond, est vraiment rare. Pour rappel, les icebergs blancs doivent leur apparence aux poches d\u2019air qui refl\u00e8tent la lumi\u00e8re du soleil, tandis que les bleus proviennent d\u2019une <a href=\"https:\/\/www.rse-magazine.com\/le-plus-grand-iceberg-du-monde-se-brise-et-menace-de-percuter-une-ile-britannique\/\" rel=\"noopener noreferrer nofollow\" target=\"_blank\">d\u00e9sint\u00e9gration progressive<\/a> qui expulse l\u2019air, laissant passer la lumi\u00e8re bleue.<\/p>\n<p>Les sp\u00e9cialistes n\u2019ont pas encore la recette exacte pour expliquer la couleur noire de ces icebergs. Parmi les pistes envisag\u00e9es, certains \u00e9voquent un m\u00e9lange de glace avec des particules de poussi\u00e8re et des cendres provenant d\u2019une vieille \u00e9ruption volcanique, tandis que d\u2019autres pensent que le passage sur une surface terrestre aurait pu int\u00e9grer de la poussi\u00e8re et des cailloux dans la glace, causant un <a href=\"https:\/\/www.rse-magazine.com\/il-fond-en-silence-le-plus-grand-iceberg-du-monde-met-en-peril-tout-un-ecosysteme\/\" rel=\"noopener noreferrer nofollow\" target=\"_blank\">impact environnemental<\/a>.<\/p>\n<p>Des analyses et des suppositions<\/p>\n<p><a href=\"https:\/\/www.physics.mun.ca\/~lev\/\" rel=\"noopener noreferrer nofollow\" target=\"_blank\">Lev Tarasov<\/a>, physicien et mod\u00e9lisateur des syst\u00e8mes glaciaires terrestres \u00e0 l\u2019universit\u00e9 Memorial de Terre-Neuve, propose plusieurs pistes pour expliquer la teinte noire de cet iceberg particulier. L\u2019une des explications sugg\u00e8re qu\u2019il pourrait contenir une forte concentration de cendres volcaniques dues \u00e0 une ancienne \u00e9ruption survenue au Groenland entre <strong>1000<\/strong> et <strong>100 000<\/strong> ans. Une autre th\u00e9orie avance qu\u2019il s\u2019agirait d\u2019un vieux morceau de glacier m\u00ealant terre et d\u00e9bris accumul\u00e9s lors de son mouvement vers la mer.<\/p>\n<p>Pour vraiment percer le secret de ce ph\u00e9nom\u00e8ne, les scientifiques insistent sur la n\u00e9cessit\u00e9 d\u2019analyser directement des \u00e9chantillons pr\u00e9lev\u00e9s sur ces icebergs noirs.<\/p>\n<p>Un myst\u00e8re qui fascine<\/p>\n<p>M\u00eame si les icebergs noirs restent rares, ils ne sont pas inconnus des chercheurs. Leur formation demeure cependant envelopp\u00e9e de myst\u00e8re du fait du peu d\u2019\u00e9chantillons disponibles pour des \u00e9tudes pouss\u00e9es. Leur allure singuli\u00e8re continue d\u2019intriguer aussi bien les amateurs que les sp\u00e9cialistes de la glaciologie.<\/p>\n","protected":false},"excerpt":{"rendered":"En mai 2025, un ph\u00e9nom\u00e8ne plut\u00f4t rare a attir\u00e9 les regards dans la mer du Labrador, non loin&hellip;\n","protected":false},"author":2,"featured_media":195254,"comment_status":"","ping_status":"","sticky":false,"template":"","format":"standard","meta":{"footnotes":""},"categories":[7],"tags":[1011,27,43,40,41,39,42,44],"class_list":{"0":"post-195253","1":"post","2":"type-post","3":"status-publish","4":"format-standard","5":"has-post-thumbnail","7":"category-sciences-et-technologies","8":"tag-fr","9":"tag-france","10":"tag-science","11":"tag-science-and-technology","12":"tag-sciences","13":"tag-sciences-et-technologies","14":"tag-technologies","15":"tag-technology"},"share_on_mastodon":{"url":"https:\/\/pubeurope.com\/@fr\/114725659917771197","error":""},"_links":{"self":[{"href":"https:\/\/www.europesays.com\/fr\/wp-json\/wp\/v2\/posts\/195253","targetHints":{"allow":["GET"]}}],"collection":[{"href":"https:\/\/www.europesays.com\/fr\/wp-json\/wp\/v2\/posts"}],"about":[{"href":"https:\/\/www.europesays.com\/fr\/wp-json\/wp\/v2\/types\/post"}],"author":[{"embeddable":true,"href":"https:\/\/www.europesays.com\/fr\/wp-json\/wp\/v2\/users\/2"}],"replies":[{"embeddable":true,"href":"https:\/\/www.europesays.com\/fr\/wp-json\/wp\/v2\/comments?post=195253"}],"version-history":[{"count":0,"href":"https:\/\/www.europesays.com\/fr\/wp-json\/wp\/v2\/posts\/195253\/revisions"}],"wp:featuredmedia":[{"embeddable":true,"href":"https:\/\/www.europesays.com\/fr\/wp-json\/wp\/v2\/media\/195254"}],"wp:attachment":[{"href":"https:\/\/www.europesays.com\/fr\/wp-json\/wp\/v2\/media?parent=195253"}],"wp:term":[{"taxonomy":"category","embeddable":true,"href":"https:\/\/www.europesays.com\/fr\/wp-json\/wp\/v2\/categories?post=195253"},{"taxonomy":"post_tag","embeddable":true,"href":"https:\/\/www.europesays.com\/fr\/wp-json\/wp\/v2\/tags?post=195253"}],"curies":[{"name":"wp","href":"https:\/\/api.w.org\/{rel}","templated":true}]}}