{"id":195260,"date":"2025-06-22T06:46:16","date_gmt":"2025-06-22T06:46:16","guid":{"rendered":"https:\/\/www.europesays.com\/fr\/195260\/"},"modified":"2025-06-22T06:46:16","modified_gmt":"2025-06-22T06:46:16","slug":"erdogan-met-en-garde-contre-un-nouvel-ordre-sykes-picot-au-moyen-orient","status":"publish","type":"post","link":"https:\/\/www.europesays.com\/fr\/195260\/","title":{"rendered":"Erdogan met en garde contre un \u00ab\u00a0nouvel ordre Sykes-Picot\u00a0\u00bb au Moyen-Orient"},"content":{"rendered":"<p>  Par&amp;nbsp<a href=\"https:\/\/fr.euronews.com\/profils\/3402\" target=\"_blank\" rel=\"noopener\">Natasha Bowler<\/a>&amp;nbspavec&amp;nbsp<b>AP<\/b><\/p>\n<p>\n         Publi\u00e9 le<br \/>\n            21\/06\/2025 &#8211; 17:25 UTC+2<\/p>\n<p><img decoding=\"async\" class=\"c-ad__placeholder__logo\" src=\"https:\/\/static.euronews.com\/website\/images\/logos\/logo-euronews-grey-6-180x22.svg\" width=\"180\" height=\"22\" alt=\"\" loading=\"lazy\"\/>PUBLICIT\u00c9<\/p>\n<p>Ce n&rsquo;\u00e9tait pas sa seule r\u00e9f\u00e9rence historique. S&rsquo;exprimant lors de la 51e session du Conseil des ministres des Affaires \u00e9trang\u00e8res de l&rsquo;Organisation de la coop\u00e9ration islamique (OCI), le dirigeant turc a \u00e9galement mis en garde contre un \u00ab\u00a0nouvel ordre Sykes-Picot\u00a0\u00bb au Moyen-Orient, en r\u00e9f\u00e9rence \u00e0 un accord secret conclu en 1916 entre les puissances occidentales et la Russie pr\u00e9voyant le d\u00e9coupage du Proche-Orient \u00e0 la fin de la Premi\u00e8re guerre mondiale.<\/p>\n<p>\u00ab\u00a0Nous ne permettrons pas l&rsquo;\u00e9tablissement d&rsquo;un nouvel ordre Sykes-Picot dans notre r\u00e9gion, dont les fronti\u00e8res seraient trac\u00e9es dans le sang\u00a0\u00bb, a d\u00e9clar\u00e9 le pr\u00e9sident Erdogan \u00e0 Istanbul.<\/p>\n<p>En 1916, les Anglais et les Fran\u00e7ais se sont r\u00e9unis en secret pour d\u00e9finir leurs zones d&rsquo;influence et de contr\u00f4le mutuellement convenues en cas de partition de l&rsquo;Empire ottoman, un accord qui d\u00e9pendait d&rsquo;une victoire des Alli\u00e9s.<\/p>\n<p>Le document, qui sera \u00e9galement approuv\u00e9 par la Russie et par l&rsquo;Italie, pr\u00e9voyait que la France aurait le contr\u00f4le ou l&rsquo;influence sur la Syrie et le Liban actuels, et la Grande-Bretagne sur l&rsquo;Irak, la Jordanie et certaines parties de la Palestine actuels. La Russie obtiendrait les D\u00e9troits, Constantinople et L&rsquo;Arm\u00e9nie occidentale.<\/p>\n<p>Le pr\u00e9sident Erdogan a \u00e9galement d\u00e9crit aujourd&rsquo;hui les conditions de vie \u00e0 Gaza comme \u00e9tant pires que celles des \u00ab\u00a0camps de concentration nazis\u00a0\u00bb lors de son discours \u00e0 la r\u00e9union de l&rsquo;OCI.<\/p>\n<p>\u00ab\u00a0Deux millions de nos s\u0153urs et fr\u00e8res de Gaza luttent pour survivre dans ces conditions depuis 21 mois\u00a0\u00bb, a-t-il d\u00e9clar\u00e9.<\/p>\n<p>Ses commentaires interviennent alors que les tensions continuent de s&rsquo;intensifier au Moyen-Orient, en particulier entre l&rsquo;Iran et Isra\u00ebl, alors que le conflit entre dans sa deuxi\u00e8me semaine.<\/p>\n<p>Erdo\u011fan a vivement critiqu\u00e9 le Premier ministre isra\u00e9lien Benjamin Netanyahu, l&rsquo;accusant de \u00ab\u00a0ne pas vouloir r\u00e9soudre les probl\u00e8mes par des moyens diplomatiques\u00a0\u00bb et comparant m\u00eame ses \u00ab\u00a0ambitions\u00a0\u00bb \u00e0 celles d&rsquo;Hitler.<\/p>\n<p>L&rsquo;OCI devrait tenir une session sp\u00e9ciale \u00e0 huis clos samedi soir \u00e0 la demande de l&rsquo;Iran, selon l&rsquo;agence d&rsquo;\u00c9tat turque Anadolu.<\/p>\n","protected":false},"excerpt":{"rendered":"Par&amp;nbspNatasha Bowler&amp;nbspavec&amp;nbspAP Publi\u00e9 le 21\/06\/2025 &#8211; 17:25 UTC+2 PUBLICIT\u00c9 Ce n&rsquo;\u00e9tait pas sa seule r\u00e9f\u00e9rence historique. S&rsquo;exprimant lors&hellip;\n","protected":false},"author":2,"featured_media":195261,"comment_status":"","ping_status":"","sticky":false,"template":"","format":"standard","meta":{"footnotes":""},"categories":[2],"tags":[11,4628,31122,1011,27,12,3497],"class_list":{"0":"post-195260","1":"post","2":"type-post","3":"status-publish","4":"format-standard","5":"has-post-thumbnail","7":"category-actualites","8":"tag-actualites","9":"tag-bande-de-gaza","10":"tag-conflit-israel-iran","11":"tag-fr","12":"tag-france","13":"tag-news","14":"tag-recep-tayyip-erdogan"},"share_on_mastodon":{"url":"https:\/\/pubeurope.com\/@fr\/114725675547105317","error":""},"_links":{"self":[{"href":"https:\/\/www.europesays.com\/fr\/wp-json\/wp\/v2\/posts\/195260","targetHints":{"allow":["GET"]}}],"collection":[{"href":"https:\/\/www.europesays.com\/fr\/wp-json\/wp\/v2\/posts"}],"about":[{"href":"https:\/\/www.europesays.com\/fr\/wp-json\/wp\/v2\/types\/post"}],"author":[{"embeddable":true,"href":"https:\/\/www.europesays.com\/fr\/wp-json\/wp\/v2\/users\/2"}],"replies":[{"embeddable":true,"href":"https:\/\/www.europesays.com\/fr\/wp-json\/wp\/v2\/comments?post=195260"}],"version-history":[{"count":0,"href":"https:\/\/www.europesays.com\/fr\/wp-json\/wp\/v2\/posts\/195260\/revisions"}],"wp:featuredmedia":[{"embeddable":true,"href":"https:\/\/www.europesays.com\/fr\/wp-json\/wp\/v2\/media\/195261"}],"wp:attachment":[{"href":"https:\/\/www.europesays.com\/fr\/wp-json\/wp\/v2\/media?parent=195260"}],"wp:term":[{"taxonomy":"category","embeddable":true,"href":"https:\/\/www.europesays.com\/fr\/wp-json\/wp\/v2\/categories?post=195260"},{"taxonomy":"post_tag","embeddable":true,"href":"https:\/\/www.europesays.com\/fr\/wp-json\/wp\/v2\/tags?post=195260"}],"curies":[{"name":"wp","href":"https:\/\/api.w.org\/{rel}","templated":true}]}}