{"id":195262,"date":"2025-06-22T06:47:10","date_gmt":"2025-06-22T06:47:10","guid":{"rendered":"https:\/\/www.europesays.com\/fr\/195262\/"},"modified":"2025-06-22T06:47:10","modified_gmt":"2025-06-22T06:47:10","slug":"deux-morts-pour-une-danse-refusee","status":"publish","type":"post","link":"https:\/\/www.europesays.com\/fr\/195262\/","title":{"rendered":"deux morts pour une danse refus\u00e9e"},"content":{"rendered":"<p>\u00ab Deux hommes morts, une femme gri\u00e8vement bless\u00e9e\u00a0\u00bb. Ces quelques mots en entame de l&rsquo;article publi\u00e9 au matin du lundi 24 juin 1985 r\u00e9sument le drame qui s&rsquo;est nou\u00e9, la veille, au pied d&rsquo;un immeuble de La Talaudi\u00e8re. Une folie meurtri\u00e8re qui a co\u00fbt\u00e9 la vie \u00e0 deux fr\u00e8res originaires de G\u00e9nilac.<\/p>\n<p>L&rsquo;affaire d\u00e9bute le samedi soir, dans une pizzeria de Saint-\u00c9tienne. Les deux victimes, Bernard et Gilbert V., ont d\u00e9cid\u00e9 de s&rsquo;offrir une sortie. Leur table cohabite avec celle de deux jeunes filles, deux amies et voisines qui habitent, quant \u00e0 elle, \u00e0 La Talaudi\u00e8re. La discussion s&rsquo;engage entre les deux tabl\u00e9es. L&rsquo;ambiance est conviviale et les quatre convives d\u00e9cident de prolonger la soir\u00e9e ensemble en se rendant dans un club de la rue Honor\u00e9-de-Balzac.<\/p>\n<p>C&rsquo;est l\u00e0 que la soir\u00e9e prend un tournant, par un incident totalement anodin en apparence. Dans l&rsquo;\u00e9tablissement de nuit, les deux amies rencontrent un autre de leur voisin\u00a0: Jean-Luc V., 27 ans, pr\u00e9pos\u00e9 au PTT. Avin\u00e9, il vient qu\u00e9mander une danse et se fait rabrouer. L&rsquo;histoire en reste l\u00e0 et le danseur \u00e9conduit d\u00e9cide de quitter le bar.<\/p>\n<p>  Six coups de feu, deux morts<\/p>\n<p>La suite s&rsquo;\u00e9crit \u00e0 4h40, au pied de l&rsquo;immeuble des deux amies, rue Florent-Evrard \u00e0 La Talaudi\u00e8re. Elles ont \u00e9t\u00e9 raccompagn\u00e9es chez elles par les deux fr\u00e8res et tous les quatre discutent au pied de l&rsquo;immeuble. \u00ab Soudain, ils virent en face d&rsquo;eux Jean-Luc V. Celui-ci tenait une arme \u00e0 la main\u00a0: un fusil de chasse \u00e0 canons superpos\u00e9s de calibre 16. Il ne dit pas un mot. Il mit seulement en joue les quatre personnes et tira \u00e0 six reprises\u00a0\u00bb, d\u00e9taille notre journaliste Christine Navarro dans La Tribune &#8211; Le Progr\u00e8s du lundi 24 juin 1995.<\/p>\n<p>Pour une danse refus\u00e9e, Jean-Luc V. vient de devenir un meurtrier. Ses tirs ont atteint mortellement les deux fr\u00e8res, \u00e2g\u00e9s de 25 et 28 ans. Une des deux voisines, \u00e2g\u00e9e de 34 ans, est \u00e9galement atteinte d&rsquo;un projectile en plein visage et est gri\u00e8vement bless\u00e9e.<\/p>\n<p>La nuit de f\u00eate vient de se transformer en bain de sang. A G\u00e9nilac et \u00e0 Chateauneuf o\u00f9 ils \u00e9taient tous les deux licenci\u00e9s du club de foot, l&rsquo;annonce du d\u00e9c\u00e8s des fr\u00e8res V. jette un vent de consternation. <\/p>\n<p>  \u00ab J&rsquo;ai fait une grosse b\u00eatise, j&rsquo;ai tu\u00e9 des gens\u00a0\u00bb<\/p>\n<p>Lorsque les secours arrivent sur place, le tireur s&rsquo;est d\u00e9j\u00e0 enfui. On retrouve sa trace quelques instants plus tard \u00e0 l&rsquo;h\u00f4pital de Bellevue o\u00f9 son \u00e9pouse est hospitalis\u00e9e apr\u00e8s un grave accident de la route. Apr\u00e8s avoir forc\u00e9 l&rsquo;entr\u00e9e et mis en joue une aide-soignante, le tireur se confie \u00e0 sa femme\u00a0: \u00ab J&rsquo;ai fait une grosse b\u00eatise. J&rsquo;ai tu\u00e9 des gens. La police est apr\u00e8s moi. Ou bien je me flingue, ou bien je me rends\u00a0\u00bb.<\/p>\n<p>Le tireur parvient \u00e0 s&rsquo;enfuir \u00e0 nouveau avant que l&rsquo;h\u00f4pital ne soit cern\u00e9. Le signalement de sa Renault R18 vert olive est diffus\u00e9 dans tous les commissariats et dans toutes les gendarmeries de la Loire. Des surveillances sont aussi mises en place sur le plateau ard\u00e9chois d&rsquo;o\u00f9 est originaire la famille du tireur, lequel est susceptible de disposer encore d&rsquo;une dizaine de cartouches dans son fusil.<\/p>\n<p>Pour une f\u00e2cherie<\/p>\n<p>Finalement, la chasse \u00e0 l&rsquo;homme prend fin le dimanche 23 juin 1985 vers 12h30\u00a0: le fugitif se rend aux policiers qui surveillent encore l&rsquo;entr\u00e9e de l&rsquo;h\u00f4pital. Autoris\u00e9 \u00e0 \u00e9changer \u00e0 nouveau avec son \u00e9pouse, il est ensuite plac\u00e9 en garde \u00e0 vue puis \u00e9crou\u00e9. \u00ab Au cours de son audition, il a expliqu\u00e9 qu&rsquo;il avait beaucoup bu ce soir l\u00e0, et qu&rsquo;il avait le vin mauvais. Il n&rsquo;a pas support\u00e9 d&rsquo;\u00eatre \u00e9conduit\u00a0\u00bb.<\/p>\n<p>Deux morts, un bless\u00e9 grave&#8230; pour une f\u00e2cherie.<\/p>\n","protected":false},"excerpt":{"rendered":"\u00ab Deux hommes morts, une femme gri\u00e8vement bless\u00e9e\u00a0\u00bb. Ces quelques mots en entame de l&rsquo;article publi\u00e9 au matin&hellip;\n","protected":false},"author":2,"featured_media":195263,"comment_status":"","ping_status":"","sticky":false,"template":"","format":"standard","meta":{"footnotes":""},"categories":[9653],"tags":[1111,11,2430,271,272,7539,1777,674,274,1011,27,937,12053,3367,12,25,11985,4001,10806],"class_list":{"0":"post-195262","1":"post","2":"type-post","3":"status-publish","4":"format-standard","5":"has-post-thumbnail","7":"category-saint-etienne","8":"tag-actu","9":"tag-actualites","10":"tag-auvergne-rhone-alpes","11":"tag-crime","12":"tag-delit-et-contravention","13":"tag-edition-loire-sud","14":"tag-eu","15":"tag-europe","16":"tag-faits-divers-justice","17":"tag-fr","18":"tag-france","19":"tag-histoire","20":"tag-la-talaudiere","21":"tag-loire","22":"tag-news","23":"tag-republique-francaise","24":"tag-retro","25":"tag-saint-etienne","26":"tag-selection-de-la-redaction-42"},"share_on_mastodon":{"url":"https:\/\/pubeurope.com\/@fr\/114725679522572928","error":""},"_links":{"self":[{"href":"https:\/\/www.europesays.com\/fr\/wp-json\/wp\/v2\/posts\/195262","targetHints":{"allow":["GET"]}}],"collection":[{"href":"https:\/\/www.europesays.com\/fr\/wp-json\/wp\/v2\/posts"}],"about":[{"href":"https:\/\/www.europesays.com\/fr\/wp-json\/wp\/v2\/types\/post"}],"author":[{"embeddable":true,"href":"https:\/\/www.europesays.com\/fr\/wp-json\/wp\/v2\/users\/2"}],"replies":[{"embeddable":true,"href":"https:\/\/www.europesays.com\/fr\/wp-json\/wp\/v2\/comments?post=195262"}],"version-history":[{"count":0,"href":"https:\/\/www.europesays.com\/fr\/wp-json\/wp\/v2\/posts\/195262\/revisions"}],"wp:featuredmedia":[{"embeddable":true,"href":"https:\/\/www.europesays.com\/fr\/wp-json\/wp\/v2\/media\/195263"}],"wp:attachment":[{"href":"https:\/\/www.europesays.com\/fr\/wp-json\/wp\/v2\/media?parent=195262"}],"wp:term":[{"taxonomy":"category","embeddable":true,"href":"https:\/\/www.europesays.com\/fr\/wp-json\/wp\/v2\/categories?post=195262"},{"taxonomy":"post_tag","embeddable":true,"href":"https:\/\/www.europesays.com\/fr\/wp-json\/wp\/v2\/tags?post=195262"}],"curies":[{"name":"wp","href":"https:\/\/api.w.org\/{rel}","templated":true}]}}