{"id":195268,"date":"2025-06-22T06:50:12","date_gmt":"2025-06-22T06:50:12","guid":{"rendered":"https:\/\/www.europesays.com\/fr\/195268\/"},"modified":"2025-06-22T06:50:12","modified_gmt":"2025-06-22T06:50:12","slug":"le-savez-vous-du-jour-savez-vous-quel-cineaste-nanceien-a-donne-son-nom-a-un-cinema-de-brousse-en-nouvelle-caledonie","status":"publish","type":"post","link":"https:\/\/www.europesays.com\/fr\/195268\/","title":{"rendered":"Le \u00ab\u00a0savez-vous\u00a0\u00bb du jour. Savez-vous quel cin\u00e9aste nanc\u00e9ien a donn\u00e9 son nom \u00e0 un cin\u00e9ma de brousse en Nouvelle-Cal\u00e9donie\u00a0?"},"content":{"rendered":"<p>C\u2019est un cin\u00e9ma habitu\u00e9 au tapis rouge, construit au bord de la route territoriale n\u00b0\u00a01, reliant Noum\u00e9a aux communes de la c\u00f4te Est de la Nouvelle-Cal\u00e9donie. La nuit, le b\u00e2timent rouge est \u00e9clair\u00e9 au bord de cette route, \u00e0 l\u2019entr\u00e9e de La Foa, la commune (110 kilom\u00e8tres de Noum\u00e9a, plus de 16\u00a0000\u00a0km de Nancy) o\u00f9 il a \u00e9t\u00e9 construit dans les ann\u00e9es 90.<\/p>\n<p>Ce contenu est bloqu\u00e9 car vous n&rsquo;avez pas accept\u00e9 les cookies et autres traceurs.<\/p>\n<p>En cliquant sur \u00ab J\u2019accepte \u00bb, les cookies et autres traceurs seront d\u00e9pos\u00e9s et vous pourrez visualiser les contenus  (<a href=\"\" class=\"consentModule_policy\" target=\"_blank\" title=\"Consulter la politique de protection des donn\u00e9es du fournisseur\">plus d&rsquo;informations<\/a>).<\/p>\n<p>En cliquant sur \u00ab J\u2019accepte tous les cookies \u00bb, vous autorisez des d\u00e9p\u00f4ts de cookies et autres traceurs pour le stockage de vos donn\u00e9es sur nos sites et applications \u00e0 des fins de personnalisation et de ciblage publicitaire.<\/p>\n<p class=\"consentModule_secondaryText\">Vous gardez la possibilit\u00e9 de retirer votre consentement \u00e0 tout moment en consultant notre <a href=\"https:\/\/www.estrepublicain.fr\/protection-des-donnees\" target=\"_blank\" title=\"Consulter notre politique de protection des donn\u00e9es\" rel=\"noopener\">politique de protection des donn\u00e9es<\/a>. <br \/>&#13;<br \/>\n            <a href=\"https:\/\/www.estrepublicain.fr\/culture-loisirs\/2025\/06\/22\/javascript:Didomi.notice.show()\" class=\"consentModule_cmp\" target=\"_blank\" rel=\"noopener\">G\u00e9rer mes choix<\/a>&#13;\n        <\/p>\n<p>&#13;<br \/>\n                        J&rsquo;accepte&#13;<br \/>\n            J&rsquo;accepte tous les cookies&#13;\n        <\/p>\n<p>L\u2019\u00e9quipement surprend dans ce paysage de brousse, d\u2019autant qu\u2019il porte le nom d\u2019un cin\u00e9aste fran\u00e7ais loin d\u2019avoir la popularit\u00e9 d\u2019un Henri Verneuil ou d\u2019un Luc Besson, d\u2019une g\u00e9n\u00e9ration plus proche de notre cin\u00e9aste nanc\u00e9ien.<\/p>\n<p>En 1999, un an avant de commencer le tournage d\u2019Am\u00e9lie Poulain, Jean-Pierre Jeunet est le pr\u00e9sident de la premi\u00e8re \u00e9dition du Festival de cin\u00e9ma de La Foa. Il inaugure \u00e9galement le cin\u00e9ma qui porte son nom et o\u00f9 se d\u00e9roule chaque ann\u00e9e la rencontre.<\/p>\n<p>Pendant 25 \u00e9ditions, ce festival permettra de d\u00e9velopper le cin\u00e9ma cal\u00e9donien, avec un jury pr\u00e9sid\u00e9 par une personnalit\u00e9 du cin\u00e9ma fran\u00e7ais. Des films internationaux \u00e9taient aussi projet\u00e9s aux Cal\u00e9doniens.<\/p>\n<p>\u00ab\u00a0Accueillant, sympathique, vibrant, convivial, super en tout\u2026\u00a0\u00bb\u00a0: tel est le t\u00e9moignage laiss\u00e9 par le r\u00e9alisateur de Delicatessen sur le Festival de La Foa, dont la derni\u00e8re \u00e9dition, amput\u00e9e en raison des violences en Nouvelle-Cal\u00e9donie, a eu lieu en 2024.<\/p>\n<p>En 2023, une autre personnalit\u00e9 lorraine du cin\u00e9ma a pr\u00e9sid\u00e9 la derni\u00e8re \u00e9dition compl\u00e8te du festival de La Foa\u00a0: l\u2019actrice et r\u00e9alisatrice Val\u00e9rie Donzelli.<\/p>\n","protected":false},"excerpt":{"rendered":"C\u2019est un cin\u00e9ma habitu\u00e9 au tapis rouge, construit au bord de la route territoriale n\u00b0\u00a01, reliant Noum\u00e9a aux&hellip;\n","protected":false},"author":2,"featured_media":195269,"comment_status":"","ping_status":"","sticky":false,"template":"","format":"standard","meta":{"footnotes":""},"categories":[9635],"tags":[1111,11,650,1687,1704,1777,674,1011,27,775,1757,1702,1703,12,25],"class_list":{"0":"post-195268","1":"post","2":"type-post","3":"status-publish","4":"format-standard","5":"has-post-thumbnail","7":"category-nancy","8":"tag-actu","9":"tag-actualites","10":"tag-cinema","11":"tag-culture-loisirs","12":"tag-edition-nancy-et-agglomeration","13":"tag-eu","14":"tag-europe","15":"tag-fr","16":"tag-france","17":"tag-grand-est","18":"tag-insolite","19":"tag-nancy","20":"tag-nancy-ville-54b","21":"tag-news","22":"tag-republique-francaise"},"share_on_mastodon":{"url":"https:\/\/pubeurope.com\/@fr\/114725691270299848","error":""},"_links":{"self":[{"href":"https:\/\/www.europesays.com\/fr\/wp-json\/wp\/v2\/posts\/195268","targetHints":{"allow":["GET"]}}],"collection":[{"href":"https:\/\/www.europesays.com\/fr\/wp-json\/wp\/v2\/posts"}],"about":[{"href":"https:\/\/www.europesays.com\/fr\/wp-json\/wp\/v2\/types\/post"}],"author":[{"embeddable":true,"href":"https:\/\/www.europesays.com\/fr\/wp-json\/wp\/v2\/users\/2"}],"replies":[{"embeddable":true,"href":"https:\/\/www.europesays.com\/fr\/wp-json\/wp\/v2\/comments?post=195268"}],"version-history":[{"count":0,"href":"https:\/\/www.europesays.com\/fr\/wp-json\/wp\/v2\/posts\/195268\/revisions"}],"wp:featuredmedia":[{"embeddable":true,"href":"https:\/\/www.europesays.com\/fr\/wp-json\/wp\/v2\/media\/195269"}],"wp:attachment":[{"href":"https:\/\/www.europesays.com\/fr\/wp-json\/wp\/v2\/media?parent=195268"}],"wp:term":[{"taxonomy":"category","embeddable":true,"href":"https:\/\/www.europesays.com\/fr\/wp-json\/wp\/v2\/categories?post=195268"},{"taxonomy":"post_tag","embeddable":true,"href":"https:\/\/www.europesays.com\/fr\/wp-json\/wp\/v2\/tags?post=195268"}],"curies":[{"name":"wp","href":"https:\/\/api.w.org\/{rel}","templated":true}]}}