{"id":195278,"date":"2025-06-22T06:55:13","date_gmt":"2025-06-22T06:55:13","guid":{"rendered":"https:\/\/www.europesays.com\/fr\/195278\/"},"modified":"2025-06-22T06:55:13","modified_gmt":"2025-06-22T06:55:13","slug":"le-saviez-vous-il-y-a-eu-des-arcs-de-triomphe-et-dautres-droles-de-constructions-a-rouen","status":"publish","type":"post","link":"https:\/\/www.europesays.com\/fr\/195278\/","title":{"rendered":"Le saviez-vous ? Il y a eu des arcs de triomphe et d&rsquo;autres dr\u00f4les de constructions \u00e0 Rouen"},"content":{"rendered":"<p>            Par<br \/>\n        <strong><br \/>\n            <a href=\"https:\/\/actu.fr\/auteur\/jessie-leclerc\" title=\"Consulter tous les articles de Jessie Leclerc\" rel=\"nofollow noopener\" target=\"_blank\">Jessie Leclerc<\/a><br \/>\n        <\/strong><\/p>\n<p>        Publi\u00e9 le<\/p>\n<p>            22 juin 2025 \u00e0 8h50        <\/p>\n<p>Quand on pense \u00e0 \u00ab\u2009arc de triomphe\u2009\u00bb, on imagine spontan\u00e9ment celui de Paris. Mais saviez-vous que <a href=\"https:\/\/actu.fr\/normandie\/rouen_76540\" rel=\"nofollow noopener\" target=\"_blank\">Rouen (Seine-Maritime)<\/a> a aussi connu les siens\u2009? Eh oui, non pas un seul, mais plusieurs arcs de triomphe\u2009! Certes <strong>\u00e9ph\u00e9m\u00e8res et d\u00e9coratifs<\/strong>, mais tout aussi impressionnants lors de <strong>grandes festivit\u00e9s<\/strong> qui ont marqu\u00e9 l\u2019histoire de la ville. Lesquelles\u2009? Pourquoi\u2009? On vous dit tout.<\/p>\n<p class=\" wall-content\">Retour sur deux \u00e9v\u00e9nements spectaculaires\u2009: le <strong>centenaire de Boieldieu<\/strong>, en 1875, et le <strong>mill\u00e9naire de la Normandie<\/strong>, en 1911, gr\u00e2ce, notamment, aux\u00a0informations rapport\u00e9es par Guy Pessiot, historien local.<\/p>\n<p>1875\u00a0: Rouen c\u00e9l\u00e8bre le compositeur Boieldieu<\/p>\n<p class=\" wall-content\">En 1875, la Ville aux Cent Clochers f\u00eate en grande pompe le centenaire de la naissance de <a href=\"https:\/\/actu.fr\/normandie\/rouen_76540\/histoire-la-vie-du-chantre-de-saint-ouen-a-rouen_667612.html\" rel=\"nofollow noopener\" target=\"_blank\">Fran\u00e7ois-Adrien Boieldieu<\/a>, <strong>c\u00e9l\u00e8bre compositeur rouennais<\/strong> et auteur de l\u2019op\u00e9ra, encore bien connu aujourd\u2019hui, La Dame Blanche.<\/p>\n<p class=\" wall-content\">Pour l\u2019occasion, la ville est enti\u00e8rement d\u00e9cor\u00e9e et certaines de ses<strong> anciennes portes fortifi\u00e9es<\/strong>, disparues depuis la fin du XVIIIe et du XIXe si\u00e8cle, sont temporairement reconstitu\u00e9es en carton-p\u00e2te.<\/p>\n<p class=\" wall-content\">Et si ces portes sont alors remises sur pied pour cette grande occasion, c\u2019est qu\u2019elles ont compt\u00e9 pour les Rouennais de l\u2019\u00e9poque, dont Boieldieu.<\/p>\n<p class=\" wall-content\">Comme souligne l\u2019artiste peintre et passionn\u00e9 d\u2019histoire Mathieu Questel, \u00ab\u2009\u00e7a faisait partie de leur quotidien, de leur paysage. [\u2026] Aujourd\u2019hui, il [ce patrimoine] a peut-\u00eatre \u00e9t\u00e9 effac\u00e9 au nom de la circulation et de la modernit\u00e9, mais je crois qu\u2019<strong>il est important de se souvenir<\/strong> de ce que nous avons perdu, car ces monuments racontaient qui nous \u00e9tions. Ils ne bloquaient pas la ville\u2009: ils lui donnaient une \u00e2me\u2009\u00bb.<\/p>\n<ul class=\" wall-content\">\n<li><strong>Porte Jehan-Lecoeur\u2009:<\/strong> reconstitu\u00e9es pr\u00e8s du pont suspendu sur le quai de Paris, elle avait \u00e9t\u00e9 d\u00e9truite en 1812.<\/li>\n<li><strong>Porte Saint-Hilaire\u2009:<\/strong> r\u00e9alis\u00e9e d\u2019apr\u00e8s un dessin du Livre des Fontaines, cette porte disparue depuis 1773 retrouva vie place sur la place Saint-Hilaire.<\/li>\n<li><strong>Porte Cauchoise\u2009:<\/strong> c\u00e9l\u00e8bre pont d\u2019entr\u00e9e de Rouen o\u00f9 Henri V fit son entr\u00e9e en 1419, \u00e0 la t\u00eate des troupes anglaises apr\u00e8s avoir affam\u00e9 la ville. C\u2019est aussi par cette porte qu\u2019\u00e9taient \u00e9vacu\u00e9s les cadavres de la peste. Elle fut d\u00e9molie entre\u00a01764 et\u00a01771.<\/li>\n<\/ul>\n<p class=\" wall-content\">Et en plus de ces portes, de beaux arcs de triomphe ont \u00e9t\u00e9 construits, eux aussi de fa\u00e7on temporaire\u2009:<\/p>\n<ul class=\" wall-content\">\n<li><strong>Arc de triomphe rue Jeanne-d\u2019Arc\u2009:<\/strong> haut de 17\u00a0m\u00e8tres, dessin\u00e9 par l\u2019architecte Louis Sauvageot. \u00c0 cette \u00e9poque, la rue s\u2019arr\u00eatait aux boulevards, d\u2019o\u00f9 la rue Ernest Leroy partait en biais pour rejoindre la gare, rue verte.<\/li>\n<li><strong>Porte surmont\u00e9e d\u2019un ch\u00e2teau, place du Vieux-March\u00e9\u2009:<\/strong> d\u00e9cor imagin\u00e9 par le peintre d\u00e9corateur de th\u00e9\u00e2tre M. Foy, \u00e9voquant le ch\u00e2teau des comtes d\u2019Avenel dans la \u00ab\u2009Dame Blanche\u2009\u00bb \u0153uvre principale de Boieldieu.<\/li>\n<li><strong>Arc de triomphe rue aux Ours\u2009:<\/strong> \u00e9rig\u00e9 pr\u00e8s de la maison natale du compositeur.<\/li>\n<li><strong>Arc de triomphe rue de la R\u00e9publique\u2009:<\/strong> \u00c0 cette \u00e9poque, la fontaine Sainte-Marie n\u2019existait pas encore \u2014 elle ne sera construite qu\u2019en 1879.<\/li>\n<\/ul>\n<p>1911\u00a0: le mill\u00e9naire de la Normandie<\/p>\n<p class=\" wall-content\">Trente-six ans plus tard, Rouen c\u00e9l\u00e8bre un autre \u00e9v\u00e9nement historique\u2009: <a href=\"https:\/\/actu.fr\/normandie\/_76\/il-y-a-100-ans-rouen-celebrait-deja-rollon_510331.html\" rel=\"nofollow noopener\" target=\"_blank\">le mill\u00e9naire de la Normandie<\/a>. En 911, le trait\u00e9 de Saint-Clair-sur-Epte avait vu Charles III Le Simple c\u00e9der la future Normandie au chef <strong>Viking Rollon<\/strong>.<\/p>\n<p><a class=\"jo-module-caroussel__img-container\" href=\"https:\/\/static.actu.fr\/uploads\/2025\/05\/6.jpg\" title=\"Agrandir la photo Porte reconstitu\u00e9e \u00e0 l\u2019occasion de la c\u00e9l\u00e9bration du mill\u00e9naire de la Normandie. (\u00a9 Document transmis\/Guy Pessiot)\" data-idx=\"1\" rel=\"nofollow noopener\" target=\"_blank\"><br \/>\n    <img decoding=\"async\" class=\"jo-module-caroussel__img\" loading=\"lazy\" src=\"https:\/\/www.europesays.com\/fr\/wp-content\/uploads\/2025\/06\/6-640x427.jpg\" alt=\"Porte reconstitu\u00e9e \u00e0 l\u2019occasion de la c\u00e9l\u00e9bration du mill\u00e9naire de la Normandie. (\u00a9 Document transmis\/Guy Pessiot)\" width=\"640\" height=\"427\"\/><\/a><a class=\"jo-module-caroussel__img-container\" href=\"https:\/\/static.actu.fr\/uploads\/2025\/05\/8-1.jpg\" title=\"Agrandir la photo Arc de triomphe surmont\u00e9 d\u2019un drakkar. (\u00a9 Document transmis\/Aur\u00e9lie Daniel)\" data-idx=\"2\" rel=\"nofollow noopener\" target=\"_blank\"><br \/>\n    <img decoding=\"async\" class=\"jo-module-caroussel__img\" loading=\"lazy\" src=\"https:\/\/www.europesays.com\/fr\/wp-content\/uploads\/2025\/06\/8-1-640x427.jpg\" alt=\"Arc de triomphe surmont\u00e9 d\u2019un drakkar. (\u00a9 Document transmis\/Aur\u00e9lie Daniel)\" width=\"640\" height=\"427\"\/><\/a><\/p>\n<p class=\" wall-content\"><strong>En 1911<\/strong>, les f\u00eates du mill\u00e9naire durent huit jours, du 3 au 11\u00a0juin. Une sacr\u00e9e f\u00eate donc.<\/p>\n<p class=\" wall-content\">L\u00e0 encore, des monuments \u00e9ph\u00e9m\u00e8res sont cr\u00e9\u00e9s, notamment un arc de triomphe dans la rue Jeanne-d\u2019Arc, avec un drakkar en son sommet, et une reconstitution d\u2019une porte fortifi\u00e9e \u00e9rig\u00e9e, dans le haut de cette m\u00eame rue.<\/p>\n<p>Suivez l\u2019actualit\u00e9 de Rouen <a href=\"https:\/\/www.whatsapp.com\/channel\/0029VaKfnf99hXF2ddApFB1D\" rel=\"nofollow noopener\" target=\"_blank\">sur notre cha\u00eene WhatsApp<\/a> et <a href=\"https:\/\/www.tiktok.com\/@76actu.fr?lang=fr\" rel=\"nofollow noopener\" target=\"_blank\">sur notre compte TikTok<\/a><\/p>\n<p class=\" wall-content\">Suivez toute l\u2019actualit\u00e9 de vos villes et m\u00e9dias favoris en vous inscrivant \u00e0 <a href=\"https:\/\/moncompte.actu.fr\" title=\"D\u00e9couvez Mon Actu\" rel=\"nofollow noopener\" data-trk=\"{&quot;cta&quot;:{&quot;action&quot;:&quot;https:\\\/\\\/moncompte.actu.fr&quot;,&quot;category&quot;:&quot;mon compte&quot;,&quot;from&quot;:&quot;article footer&quot;,&quot;name&quot;:&quot;Mon actu&quot;,&quot;type&quot;:&quot;cta&quot;}}\" target=\"_blank\">Mon Actu<\/a>.<\/p>\n<p>                    <script async src=\"\/\/www.tiktok.com\/embed.js\"><\/script><\/p>\n","protected":false},"excerpt":{"rendered":"Par Jessie Leclerc Publi\u00e9 le 22 juin 2025 \u00e0 8h50 Quand on pense \u00e0 \u00ab\u2009arc de triomphe\u2009\u00bb, on&hellip;\n","protected":false},"author":2,"featured_media":195279,"comment_status":"","ping_status":"","sticky":false,"template":"","format":"standard","meta":{"footnotes":""},"categories":[9587],"tags":[1111,11,1777,674,1011,27,937,1757,12,5161,2551,25,9590],"class_list":{"0":"post-195278","1":"post","2":"type-post","3":"status-publish","4":"format-standard","5":"has-post-thumbnail","7":"category-rouen","8":"tag-actu","9":"tag-actualites","10":"tag-eu","11":"tag-europe","12":"tag-fr","13":"tag-france","14":"tag-histoire","15":"tag-insolite","16":"tag-news","17":"tag-normandie","18":"tag-patrimoine","19":"tag-republique-francaise","20":"tag-rouen"},"share_on_mastodon":{"url":"https:\/\/pubeurope.com\/@fr\/114725710931376522","error":""},"_links":{"self":[{"href":"https:\/\/www.europesays.com\/fr\/wp-json\/wp\/v2\/posts\/195278","targetHints":{"allow":["GET"]}}],"collection":[{"href":"https:\/\/www.europesays.com\/fr\/wp-json\/wp\/v2\/posts"}],"about":[{"href":"https:\/\/www.europesays.com\/fr\/wp-json\/wp\/v2\/types\/post"}],"author":[{"embeddable":true,"href":"https:\/\/www.europesays.com\/fr\/wp-json\/wp\/v2\/users\/2"}],"replies":[{"embeddable":true,"href":"https:\/\/www.europesays.com\/fr\/wp-json\/wp\/v2\/comments?post=195278"}],"version-history":[{"count":0,"href":"https:\/\/www.europesays.com\/fr\/wp-json\/wp\/v2\/posts\/195278\/revisions"}],"wp:featuredmedia":[{"embeddable":true,"href":"https:\/\/www.europesays.com\/fr\/wp-json\/wp\/v2\/media\/195279"}],"wp:attachment":[{"href":"https:\/\/www.europesays.com\/fr\/wp-json\/wp\/v2\/media?parent=195278"}],"wp:term":[{"taxonomy":"category","embeddable":true,"href":"https:\/\/www.europesays.com\/fr\/wp-json\/wp\/v2\/categories?post=195278"},{"taxonomy":"post_tag","embeddable":true,"href":"https:\/\/www.europesays.com\/fr\/wp-json\/wp\/v2\/tags?post=195278"}],"curies":[{"name":"wp","href":"https:\/\/api.w.org\/{rel}","templated":true}]}}