{"id":195280,"date":"2025-06-22T06:57:10","date_gmt":"2025-06-22T06:57:10","guid":{"rendered":"https:\/\/www.europesays.com\/fr\/195280\/"},"modified":"2025-06-22T06:57:10","modified_gmt":"2025-06-22T06:57:10","slug":"grenoble-deux-femmes-blessees-a-larme-blanche-au-cours-dune-rixe","status":"publish","type":"post","link":"https:\/\/www.europesays.com\/fr\/195280\/","title":{"rendered":"Grenoble . Deux femmes bless\u00e9es \u00e0 l&rsquo;arme blanche au cours d&rsquo;une rixe"},"content":{"rendered":"<p>Samedi, vers 23 h 30, deux jeunes femmes \u00e2g\u00e9es d&rsquo;une trentaine d&rsquo;ann\u00e9es ont \u00e9t\u00e9 prises en charge par les sapeurs-pompiers rue Albert-Reynier, \u00e0 Grenoble.<\/p>\n<p>Ce contenu est bloqu\u00e9 car vous n&rsquo;avez pas accept\u00e9 les cookies et autres traceurs.<\/p>\n<p>En cliquant sur \u00ab J\u2019accepte \u00bb, les cookies et autres traceurs seront d\u00e9pos\u00e9s et vous pourrez visualiser les contenus  (<a href=\"\" class=\"consentModule_policy\" target=\"_blank\" title=\"Consulter la politique de protection des donn\u00e9es du fournisseur\">plus d&rsquo;informations<\/a>).<\/p>\n<p>En cliquant sur \u00ab J\u2019accepte tous les cookies \u00bb, vous autorisez des d\u00e9p\u00f4ts de cookies et autres traceurs pour le stockage de vos donn\u00e9es sur nos sites et applications \u00e0 des fins de personnalisation et de ciblage publicitaire.<\/p>\n<p class=\"consentModule_secondaryText\">Vous gardez la possibilit\u00e9 de retirer votre consentement \u00e0 tout moment en consultant notre <a href=\"https:\/\/www.ledauphine.com\/protection-des-donnees\" target=\"_blank\" title=\"Consulter notre politique de protection des donn\u00e9es\" rel=\"nofollow noopener\">politique de protection des donn\u00e9es<\/a>. <br \/>&#13;<br \/>\n            <a href=\"https:\/\/www.ledauphine.com\/faits-divers-justice\/2025\/06\/22\/javascript:Didomi.notice.show()\" class=\"consentModule_cmp\" rel=\"nofollow noopener\" target=\"_blank\">G\u00e9rer mes choix<\/a>&#13;\n        <\/p>\n<p>&#13;<br \/>\n                        J&rsquo;accepte&#13;<br \/>\n            J&rsquo;accepte tous les cookies&#13;\n        <\/p>\n<p>Les deux femmes pr\u00e9sentaient des blessures par arme blanche. M\u00e9dicalis\u00e9e sur place par une \u00e9quipe du Samu, les deux victimes ont \u00e9t\u00e9 \u00e9vacu\u00e9es au CHU Grenoble Alpes. Leurs jours ne seraient pas en danger.<\/p>\n<p>Selon nos premi\u00e8res informations, ces deux femmes auraient \u00e9t\u00e9 bless\u00e9es au cours d&rsquo;une rixe qui aurait impliqu\u00e9 une trentaine de personnes.<\/p>\n<p>Une enqu\u00eate \u00e0 \u00e9t\u00e9 ouverte pour d\u00e9terminer les circonstances de cette rixe et tenter d&rsquo;identifier le ou les auteurs de ces blessures.<\/p>\n","protected":false},"excerpt":{"rendered":"Samedi, vers 23 h 30, deux jeunes femmes \u00e2g\u00e9es d&rsquo;une trentaine d&rsquo;ann\u00e9es ont \u00e9t\u00e9 prises en charge par&hellip;\n","protected":false},"author":2,"featured_media":195281,"comment_status":"","ping_status":"","sticky":false,"template":"","format":"standard","meta":{"footnotes":""},"categories":[9566],"tags":[1111,11,2430,271,272,112,1777,674,274,1011,27,2731,2732,108,12,25],"class_list":{"0":"post-195280","1":"post","2":"type-post","3":"status-publish","4":"format-standard","5":"has-post-thumbnail","7":"category-grenoble","8":"tag-actu","9":"tag-actualites","10":"tag-auvergne-rhone-alpes","11":"tag-crime","12":"tag-delit-et-contravention","13":"tag-edition-grenoble-agglomeration","14":"tag-eu","15":"tag-europe","16":"tag-faits-divers-justice","17":"tag-fr","18":"tag-france","19":"tag-grenoble","20":"tag-grenoble-bassin","21":"tag-isere","22":"tag-news","23":"tag-republique-francaise"},"share_on_mastodon":{"url":"https:\/\/pubeurope.com\/@fr\/114725718864338614","error":""},"_links":{"self":[{"href":"https:\/\/www.europesays.com\/fr\/wp-json\/wp\/v2\/posts\/195280","targetHints":{"allow":["GET"]}}],"collection":[{"href":"https:\/\/www.europesays.com\/fr\/wp-json\/wp\/v2\/posts"}],"about":[{"href":"https:\/\/www.europesays.com\/fr\/wp-json\/wp\/v2\/types\/post"}],"author":[{"embeddable":true,"href":"https:\/\/www.europesays.com\/fr\/wp-json\/wp\/v2\/users\/2"}],"replies":[{"embeddable":true,"href":"https:\/\/www.europesays.com\/fr\/wp-json\/wp\/v2\/comments?post=195280"}],"version-history":[{"count":0,"href":"https:\/\/www.europesays.com\/fr\/wp-json\/wp\/v2\/posts\/195280\/revisions"}],"wp:featuredmedia":[{"embeddable":true,"href":"https:\/\/www.europesays.com\/fr\/wp-json\/wp\/v2\/media\/195281"}],"wp:attachment":[{"href":"https:\/\/www.europesays.com\/fr\/wp-json\/wp\/v2\/media?parent=195280"}],"wp:term":[{"taxonomy":"category","embeddable":true,"href":"https:\/\/www.europesays.com\/fr\/wp-json\/wp\/v2\/categories?post=195280"},{"taxonomy":"post_tag","embeddable":true,"href":"https:\/\/www.europesays.com\/fr\/wp-json\/wp\/v2\/tags?post=195280"}],"curies":[{"name":"wp","href":"https:\/\/api.w.org\/{rel}","templated":true}]}}