{"id":195282,"date":"2025-06-22T06:58:08","date_gmt":"2025-06-22T06:58:08","guid":{"rendered":"https:\/\/www.europesays.com\/fr\/195282\/"},"modified":"2025-06-22T06:58:08","modified_gmt":"2025-06-22T06:58:08","slug":"grenoble-ce-magasin-pres-de-grandplace-ferme-definitivement-ses-portes-voici-quand","status":"publish","type":"post","link":"https:\/\/www.europesays.com\/fr\/195282\/","title":{"rendered":"Grenoble. Ce magasin pr\u00e8s de Grand&rsquo;Place ferme d\u00e9finitivement ses portes : voici quand"},"content":{"rendered":"<p>            Par<br \/>\n        <strong><br \/>\n            <a href=\"https:\/\/actu.fr\/auteur\/redaction-grenoble\" title=\"Consulter tous les articles de R\u00e9daction Grenoble\" rel=\"nofollow noopener\" target=\"_blank\">R\u00e9daction Grenoble<\/a><br \/>\n        <\/strong><\/p>\n<p>        Publi\u00e9 le<\/p>\n<p>            22 juin 2025 \u00e0 7h04        <\/p>\n<p>C\u2019est loin d\u2019\u00eatre la premi\u00e8re grande cha\u00eene de magasin \u00e0 fermer une adresse \u00e0 <a href=\"https:\/\/actu.fr\/auvergne-rhone-alpes\/grenoble_38185\" rel=\"nofollow noopener\" target=\"_blank\">Grenoble<\/a>.<br \/>Cette fois-ci, c\u2019est une enseigne \u00e0 deux pas du centre commercial <a href=\"https:\/\/actu.fr\/auvergne-rhone-alpes\/grenoble_38185\/grenoble-quelles-sont-les-deux-nouvelles-enseignes-qui-vont-ouvrir-a-grand-place_62387475.html\" rel=\"nofollow noopener\" target=\"_blank\">Grand\u2019Place<\/a> qui va <strong>tirer d\u00e9finitivement le rideau<\/strong>. Sp\u00e9cialis\u00e9 dans le bricolage et la d\u00e9coration, la direction a confirm\u00e9 la triste nouvelle \u00e0 actu Grenoble. Elle explique la raison de cette fermeture, ainsi que la date exacte d\u2019arr\u00eat de son activit\u00e9.<\/p>\n<p class=\" wall-content\">Le magasin <strong>Bricorama<\/strong>, situ\u00e9 sur l\u2019avenue de l\u2019Europe, va donc fermer ses portes tr\u00e8s prochainement.<\/p>\n<p>    <a href=\"https:\/\/www.google.com\/maps\/embed?pb=!1m18!1m12!1m3!1d5626.740611531407!2d5.731736968980096!3d45.15935071817396!2m3!1f0!2f0!3f0!3m2!1i1024!2i768!4f13.1!3m3!1m2!1s0x478af55d1d82cc4b%3A0xc6c1690f63f3b2b0!2sBricorama%20Grenoble!5e0!3m2!1sfr!2sfr!4v1750429484419!5m2!1sfr!2sfr\" title=\"Ouvrie le lien\" rel=\"nofollow noopener\" target=\"_blank\">Cliquez ici pour visualiser le contenu<\/a><\/p>\n<p>Fermeture \u00e0 l\u2019automne<\/p>\n<p class=\" wall-content\">Contact\u00e9e par la r\u00e9daction, la direction du groupe Les Mousquetaires \u2013 dont d\u00e9pend la marque Bricoroma \u2013 indique que \u00ab\u00a0des <strong>difficult\u00e9s \u00e9conomiques<\/strong>\u00a0\u00bb sont \u00e0 l\u2019origine de cette d\u00e9cision.\u00a0<\/p>\n<p class=\" wall-content\">Cette raison financi\u00e8re \u00ab\u00a0contraint\u00a0\u00bb la direction \u00e0 fermer les portes du magasin du sud de Grenoble le <strong>6 septembre 2025<\/strong>, pr\u00e9cisent les services de communication des Mousquetaires.\u00a0<\/p>\n<p class=\" wall-content\">L\u2019autre enseigne Bricorama de la ville, boulevard Mar\u00e9chal-Lyautey, reste ouverte.<\/p>\n<p>14 salari\u00e9s \u00e0 reclasser<\/p>\n<p class=\" wall-content\">Les <strong>14 salari\u00e9s du site vont \u00eatre accompagn\u00e9s<\/strong> par leur employeur pour ne pas \u00eatre p\u00e9nalis\u00e9s par cette fermeture, affirme la direction du groupe.<\/p>\n<p class=\" wall-content\">Des mutations \u00ab\u00a0dans d\u2019autres points de vente\u00a0\u00bb de Bricorama, des \u00ab\u00a0propositions de cong\u00e9 de reclassement\u00a0\u00bb ou encore une \u00ab\u00a0aide au retour vers l\u2019emploi\u00a0\u00bb sont \u00e9voqu\u00e9s.<\/p>\n<p class=\" wall-content\">Suivez toute l\u2019actualit\u00e9 de vos villes et m\u00e9dias favoris en vous inscrivant \u00e0 <a href=\"https:\/\/moncompte.actu.fr\" title=\"D\u00e9couvez Mon Actu\" rel=\"nofollow noopener\" data-trk=\"{&quot;cta&quot;:{&quot;action&quot;:&quot;https:\\\/\\\/moncompte.actu.fr&quot;,&quot;category&quot;:&quot;mon compte&quot;,&quot;from&quot;:&quot;article footer&quot;,&quot;name&quot;:&quot;Mon actu&quot;,&quot;type&quot;:&quot;cta&quot;}}\" target=\"_blank\">Mon Actu<\/a>.<\/p>\n","protected":false},"excerpt":{"rendered":"Par R\u00e9daction Grenoble Publi\u00e9 le 22 juin 2025 \u00e0 7h04 C\u2019est loin d\u2019\u00eatre la premi\u00e8re grande cha\u00eene de&hellip;\n","protected":false},"author":2,"featured_media":195283,"comment_status":"","ping_status":"","sticky":false,"template":"","format":"standard","meta":{"footnotes":""},"categories":[9566],"tags":[1111,11,2430,215,33,1777,674,1011,27,2731,12,25],"class_list":{"0":"post-195282","1":"post","2":"type-post","3":"status-publish","4":"format-standard","5":"has-post-thumbnail","7":"category-grenoble","8":"tag-actu","9":"tag-actualites","10":"tag-auvergne-rhone-alpes","11":"tag-commerce","12":"tag-economie","13":"tag-eu","14":"tag-europe","15":"tag-fr","16":"tag-france","17":"tag-grenoble","18":"tag-news","19":"tag-republique-francaise"},"share_on_mastodon":{"url":"https:\/\/pubeurope.com\/@fr\/114725722868649145","error":""},"_links":{"self":[{"href":"https:\/\/www.europesays.com\/fr\/wp-json\/wp\/v2\/posts\/195282","targetHints":{"allow":["GET"]}}],"collection":[{"href":"https:\/\/www.europesays.com\/fr\/wp-json\/wp\/v2\/posts"}],"about":[{"href":"https:\/\/www.europesays.com\/fr\/wp-json\/wp\/v2\/types\/post"}],"author":[{"embeddable":true,"href":"https:\/\/www.europesays.com\/fr\/wp-json\/wp\/v2\/users\/2"}],"replies":[{"embeddable":true,"href":"https:\/\/www.europesays.com\/fr\/wp-json\/wp\/v2\/comments?post=195282"}],"version-history":[{"count":0,"href":"https:\/\/www.europesays.com\/fr\/wp-json\/wp\/v2\/posts\/195282\/revisions"}],"wp:featuredmedia":[{"embeddable":true,"href":"https:\/\/www.europesays.com\/fr\/wp-json\/wp\/v2\/media\/195283"}],"wp:attachment":[{"href":"https:\/\/www.europesays.com\/fr\/wp-json\/wp\/v2\/media?parent=195282"}],"wp:term":[{"taxonomy":"category","embeddable":true,"href":"https:\/\/www.europesays.com\/fr\/wp-json\/wp\/v2\/categories?post=195282"},{"taxonomy":"post_tag","embeddable":true,"href":"https:\/\/www.europesays.com\/fr\/wp-json\/wp\/v2\/tags?post=195282"}],"curies":[{"name":"wp","href":"https:\/\/api.w.org\/{rel}","templated":true}]}}