{"id":195286,"date":"2025-06-22T07:00:16","date_gmt":"2025-06-22T07:00:16","guid":{"rendered":"https:\/\/www.europesays.com\/fr\/195286\/"},"modified":"2025-06-22T07:00:16","modified_gmt":"2025-06-22T07:00:16","slug":"le-premier-salon-made-in-bretagne-debarque-dans-la-region","status":"publish","type":"post","link":"https:\/\/www.europesays.com\/fr\/195286\/","title":{"rendered":"le premier salon \u00ab\u00a0Made in Bretagne\u00a0\u00bb d\u00e9barque dans la r\u00e9gion"},"content":{"rendered":"<p>            Par<br \/>\n        <strong><br \/>\n            <a href=\"https:\/\/actu.fr\/auteur\/laurene-fertin\" title=\"Consulter tous les articles de Laur\u00e8ne Fertin\" rel=\"nofollow noopener\" target=\"_blank\">Laur\u00e8ne Fertin<\/a><br \/>\n        <\/strong><\/p>\n<p>        Publi\u00e9 le<\/p>\n<p>            22 juin 2025 \u00e0 8h46        <\/p>\n<p>\u00ab\u2009Ce sera un concentr\u00e9 de ce que la Bretagne sait faire de mieux.\u2009\u00bb <strong>Les samedi\u00a05 et dimanche 6\u00a0juillet 2025<\/strong>, la ville de Vannes va accueillir, le temps d\u2019un week-end, le salon C\u2019est 100\u2009% Breton.<\/p>\n<p class=\" wall-content\">Cet \u00e9v\u00e9nement, organis\u00e9 pour la <strong>premi\u00e8re \u00e9dition<\/strong> par le Groupe actu (dont actu Rennes fait partie) en partenariat avec la R\u00e9gion Bretagne, va donner la part belle <strong>aux entreprises bretonnes<\/strong> qui viendront parler de <strong>leur savoir-faire<\/strong> au parc exposition de la cit\u00e9 des V\u00e9n\u00e8tes <strong>Le Chorus<\/strong>.<\/p>\n<p>\u00ab\u2009De petites p\u00e9pites\u2009\u00bb<\/p>\n<p class=\" wall-content\">\u00ab\u2009Les entreprises locales ont en effet du <strong>talent\u2009\u00bb,<\/strong> expose St\u00e9phane Le Tyrant, \u00e9diteur du Groupe actu dans le Finist\u00e8re et les C\u00f4tes-d\u2019Armor, lors d\u2019une conf\u00e9rence de presse organis\u00e9e \u00e0 l\u2019h\u00f4tel de Courcy, \u00e0 Rennes.<\/p>\n<blockquote class=\"ac-article-quote wall-content\">\n<p>Certaines entreprises sont de v\u00e9ritables petites p\u00e9pites : elles performent \u00e0 l&rsquo;export, dans la gastronomie, la cosm\u00e9tique, le pr\u00eat-\u00e0-porter&#8230; C&rsquo;est une opportunit\u00e9 de toutes les mettre en valeur lors de ce salon.<\/p>\n<p>    <strong>St\u00e9phane Le Tyrant<\/strong><br \/>\n        Editeur du Groupe actu dans le Finist\u00e8re et les C\u00f4tes-d&rsquo;Armor    <\/p><\/blockquote>\n<p class=\" wall-content\">Car oui, la Bretagne, ce n\u2019est pas \u00ab\u2009que\u2009\u00bb le pays du beurre sal\u00e9, du kouign-amann ou encore du cidre\u2026 (m\u00eame si c\u2019est d\u00e9licieux\u2009!), \u00ab dans chacun de nos territoires se cachent de vrais savoir-faire\u2009\u00bb, appuie St\u00e9phane Le Tyrant. En effet, la Bretagne ce sont aussi <strong>les eaux Planco\u00ebt, du gin<\/strong> ou encore du <strong>whisky.<\/strong><\/p>\n<p>Vid\u00e9os : en ce moment sur ActuUn salon \u00ab\u00a0Made in Bretagne\u00a0\u00bb<\/p>\n<p>En Bretagne, le Groupe actu regroupe 24 hebdomadaires. Impuls\u00e9 depuis trois ans d\u00e9sormais, actu \u00c9v\u00e8nement a (re)lanc\u00e9 plusieurs rendez-vous en Bretagne et dans le Grand Ouest : les job dating, le Salon auto-moto de Pontivy, la Foire de Loud\u00e9ac (qui avait disparu depuis 30 ans) ou encore la Foire expo de Montaigu en Vend\u00e9e. <\/p>\n<p>Pour ce salon C&rsquo;est 100 % Breton, le groupe souhaite toucher un grand public et faire de cet \u00e9v\u00e9nement un salon \u00ab\u00a0Made in Bretagne\u00a0\u00bb comme il existe un salon \u00ab\u00a0Made in France\u00a0\u00bb.<\/p>\n<p>100 % bon, curieux, bien-\u00eatre, innovation\u2026<\/p>\n<p class=\" wall-content\"><strong>Six espaces<\/strong> seront consacr\u00e9s \u00e0 des th\u00e9matiques distinctes et toujours made in Bretagne\u2009:<\/p>\n<ul class=\" wall-content\">\n<li><strong>un espace 100\u2009% bon<\/strong> \u00ab\u2009pour se r\u00e9galer avec un large panel de produits\u2009\u00bb, cet espace est organis\u00e9 en partenariat avec la laiterie familiale Ker Ronan, originaire du nord Morbihan\u2009;<\/li>\n<li><strong>un espace 100\u2009% curieux<\/strong>, en partenariat avec Cultura qui proposera aux participants(es) une s\u00e9lection de livres en lien avec le territoire breton. Deux invit\u00e9s seront d\u2019ailleurs convi\u00e9s\u2009: le navigateur<strong> Jean Le Cam<\/strong> et le journaliste <strong>Xavier-Fran\u00e7ois M\u00e9nage<\/strong> (Plo\u00ebrmelais d\u2019origine) pr\u00e9sents pour une s\u00e9ance de d\u00e9dicaces notamment\u2009;<\/li>\n<li><strong>un espace 100\u2009%<\/strong><strong> bien-\u00eatre<\/strong> et <strong>100\u2009% beau<\/strong> avec une d\u00e9couverte de la cosm\u00e9tique bretonne (savons, soins \u00e9labor\u00e9s avec des algues par exemple), des marques bretonnes de v\u00eatements ou encore de la d\u00e9coration\u2009;<\/li>\n<li><strong>un espace 100\u2009% <\/strong><strong>nouveau<\/strong> qui regroupera toutes les innovations bretonnes, \u00e0 l\u2019instar de \u00ab<a href=\"https:\/\/www.pik.bzh\/\" rel=\"nofollow noopener\" target=\"_blank\">.bzh\u2009\u00bb<\/a>, cette extension internet made in Quimper qui permet aux entreprises, services ou particuliers de se pr\u00e9valoir de la Bretagne sur leur site internet ou adresse mail\u2009;<\/li>\n<li>enfin, <strong>un espace 100\u2009% pratique<\/strong> o\u00f9 l\u2019on retrouvera l\u2019univers de l\u2019habitat et de la construction 100\u2009% bretonne\u2009: fabricants de cuisine, de v\u00e9randas ou encore de mobiliers sur-mesure.<\/li>\n<\/ul>\n<p class=\" wall-content\"><strong>Un espace Petits bretons<\/strong> sera propos\u00e9 pour permettre aux enfants (jusqu\u2019\u00e0 15\u00a0ans) \u2013 sous surveillance, toutefois, des parents \u2013 de s\u2019amuser comme les grands.<\/p>\n<p>Des animations<\/p>\n<p class=\" wall-content\">Si le public est invit\u00e9 \u00e0 partir \u00e0 la rencontre de celles et ceux qui participent \u00e0 d\u00e9velopper l\u2019\u00e9conomie locale \u2013 avec pas moins de 100 exposants -, C\u2019est 100\u2009% Breton proposera \u00e9galement <strong>des animations<\/strong> tout au long du week-end.<\/p>\n<p class=\" wall-content\">\u00ab\u2009Il y aura des <strong>rendez-vous culturels, des animations, des conf\u00e9rences\u2026\u2009\u00bb,<\/strong> \u00e9gr\u00e8ne Marie Mangane, \u00e9ditrice du Groupe actu en Loire-Atlantique et dans le Morbihan.<\/p>\n<p class=\" wall-content\">De fa\u00e7on non exhaustive, il y aura\u2009: des d\u00e9monstrations de <strong>lutte bretonne,<\/strong> des conf\u00e9rences sur la bi\u00e8re, de la <strong>musique, des jeux traditionnels<\/strong> bretons, <strong>de la danse<\/strong> bretonne, des initiations au breton et au gallo, un quiz g\u00e9ant avec des lots \u00e0 gagner\u2026 \u00ab\u2009Un programme tr\u00e8s dense\u2009\u00bb qui se d\u00e9roulera les samedi et dimanche 5 et 6 juillet 2025, de 10h \u00e0 18h.<\/p>\n<p class=\" wall-content\"><strong>Une dizaine de brasseurs<\/strong> seront aussi pr\u00e9sents\u2009; ainsi que <strong>cinq foodtrucks<\/strong> pour se restaurer sur place.<\/p>\n<p class=\" wall-content\">Suivez toute l\u2019actualit\u00e9 de vos villes et m\u00e9dias favoris en vous inscrivant \u00e0 <a href=\"https:\/\/moncompte.actu.fr\" title=\"D\u00e9couvez Mon Actu\" rel=\"nofollow noopener\" data-trk=\"{&quot;cta&quot;:{&quot;action&quot;:&quot;https:\\\/\\\/moncompte.actu.fr&quot;,&quot;category&quot;:&quot;mon compte&quot;,&quot;from&quot;:&quot;article footer&quot;,&quot;name&quot;:&quot;Mon actu&quot;,&quot;type&quot;:&quot;cta&quot;}}\" target=\"_blank\">Mon Actu<\/a>.<\/p>\n","protected":false},"excerpt":{"rendered":"Par Laur\u00e8ne Fertin Publi\u00e9 le 22 juin 2025 \u00e0 8h46 \u00ab\u2009Ce sera un concentr\u00e9 de ce que la&hellip;\n","protected":false},"author":2,"featured_media":195287,"comment_status":"","ping_status":"","sticky":false,"template":"","format":"standard","meta":{"footnotes":""},"categories":[2821],"tags":[1111,11,829,215,1777,674,1011,27,1652,12,584,25],"class_list":{"0":"post-195286","1":"post","2":"type-post","3":"status-publish","4":"format-standard","5":"has-post-thumbnail","7":"category-rennes","8":"tag-actu","9":"tag-actualites","10":"tag-bretagne","11":"tag-commerce","12":"tag-eu","13":"tag-europe","14":"tag-fr","15":"tag-france","16":"tag-loisirs-culture","17":"tag-news","18":"tag-rennes","19":"tag-republique-francaise"},"share_on_mastodon":{"url":"https:\/\/pubeurope.com\/@fr\/114725730560556333","error":""},"_links":{"self":[{"href":"https:\/\/www.europesays.com\/fr\/wp-json\/wp\/v2\/posts\/195286","targetHints":{"allow":["GET"]}}],"collection":[{"href":"https:\/\/www.europesays.com\/fr\/wp-json\/wp\/v2\/posts"}],"about":[{"href":"https:\/\/www.europesays.com\/fr\/wp-json\/wp\/v2\/types\/post"}],"author":[{"embeddable":true,"href":"https:\/\/www.europesays.com\/fr\/wp-json\/wp\/v2\/users\/2"}],"replies":[{"embeddable":true,"href":"https:\/\/www.europesays.com\/fr\/wp-json\/wp\/v2\/comments?post=195286"}],"version-history":[{"count":0,"href":"https:\/\/www.europesays.com\/fr\/wp-json\/wp\/v2\/posts\/195286\/revisions"}],"wp:featuredmedia":[{"embeddable":true,"href":"https:\/\/www.europesays.com\/fr\/wp-json\/wp\/v2\/media\/195287"}],"wp:attachment":[{"href":"https:\/\/www.europesays.com\/fr\/wp-json\/wp\/v2\/media?parent=195286"}],"wp:term":[{"taxonomy":"category","embeddable":true,"href":"https:\/\/www.europesays.com\/fr\/wp-json\/wp\/v2\/categories?post=195286"},{"taxonomy":"post_tag","embeddable":true,"href":"https:\/\/www.europesays.com\/fr\/wp-json\/wp\/v2\/tags?post=195286"}],"curies":[{"name":"wp","href":"https:\/\/api.w.org\/{rel}","templated":true}]}}