{"id":195288,"date":"2025-06-22T07:02:01","date_gmt":"2025-06-22T07:02:01","guid":{"rendered":"https:\/\/www.europesays.com\/fr\/195288\/"},"modified":"2025-06-22T07:02:01","modified_gmt":"2025-06-22T07:02:01","slug":"sept-balades-et-un-gouter-pour-les-60-ans-dalsace-nature-dimanche-22-juin-a-strasbourg","status":"publish","type":"post","link":"https:\/\/www.europesays.com\/fr\/195288\/","title":{"rendered":"Sept balades et un go\u00fbter pour les 60 ans d&rsquo;Alsace Nature dimanche 22 juin \u00e0 Strasbourg"},"content":{"rendered":"<p class=\"wp-block-post-excerpt__excerpt\">Balades \u00e0 pieds ou \u00e0 v\u00e9lo et rencontres au parc de la Citadelle, le groupe local d\u2019Alsace Nature \u00e0 Strasbourg c\u00e9l\u00e8bre les 60 ans de sa cr\u00e9ation dimanche 22 juin avec un programme actif. <\/p>\n<p class=\"font-sans\">\n\t\t\tCet article est en acc\u00e8s libre. Pour soutenir Rue89 Strasbourg,<br \/>\n\t\t\t<a class=\"underline\" href=\"https:\/\/www.rue89strasbourg.com\/abonnement\" rel=\"nofollow noopener\" target=\"_blank\">abonnez-vous<\/a>.\n\t\t<\/p>\n<p>Camille Balzinger<\/p>\n<p>Publi\u00e9 le 20 juin 2025\u00a0\u00a0\u00b7\u00a0\u00a0<\/p>\n<p>Imprim\u00e9 le 22 juin 2025 \u00e0 08h30\u00a0\u00a0\u00b7\u00a0\u00a0<\/p>\n<p>\t\t\t\t\t1\u00a0minute\n<\/p>\n<p>D\u00e8s 10h dimanche 22 juin, le groupe local Eurom\u00e9tropole Strasbourg d\u2019Alsace Nature propose des activit\u00e9s \u00e0 l\u2019occasion de son soixanti\u00e8me anniversaire. Une premi\u00e8re partie est d\u00e9di\u00e9e \u00e0 des balades \u00e0 pieds ou \u00e0 v\u00e9lo en ville, \u00e0 travers sept itin\u00e9raires \u00ab\u00a0\u00e0 la d\u00e9couverte d\u2019enjeux \u00e9cologiques\u00a0\u00bb.<\/p>\n<p>L\u2019occasion de s\u2019informer pendant des trajets de plusieurs heures sur les \u00ab\u00a0herbes folles et visages \u00e0 la Krutenau\u00a0\u00bb, les \u00ab\u00a0potagers et mara\u00eechers durables \u00e0 Strasbourg\u00a0\u00bb, les \u00e9co-quartiers, les arbres sur le territoire de l\u2019Eurom\u00e9tropole, les lieux d\u2019influence des politiques environnementales, le Ziegelwasser ou encore\u2026 une for\u00eat tropicale.<\/p>\n<p><img loading=\"lazy\" decoding=\"async\" width=\"792\" height=\"594\" src=\"https:\/\/www.europesays.com\/fr\/wp-content\/uploads\/2025\/06\/pierre-animation-arbre-2-792x594.jpg\" alt=\"\" class=\"wp-image-347710\"  \/> Lors d\u2019un atelier anim\u00e9 par le groupe strasbourgeois d\u2019Alsace Nature.Photo\u00a0: document remis \/ Alsace Nature<\/p>\n<p>L\u2019inscription est recommand\u00e9e pour les balades, mais non obligatoire. Chacune est limit\u00e9e \u00e0 une quinzaine de participants et l\u2019une d\u2019elle pr\u00e9voit un repas tir\u00e9 du sac.<\/p>\n<p>Puis \u00e0 16h, la convergence des balades doit s\u2019op\u00e9rer au parc de la Citadelle, dans le quartier de l\u2019Esplanade \u00e0 Strasbourg. Une fanfare est pr\u00e9vue pour l\u2019ambiance musicale, ainsi qu\u2019un go\u00fbter et des cercles de discussion \u00ab\u00a0sur des d\u00e9fis socio-environnementaux actuels\u00a0\u00bb.<\/p>\n<p>Y <strong>aller<\/strong><\/p>\n","protected":false},"excerpt":{"rendered":"Balades \u00e0 pieds ou \u00e0 v\u00e9lo et rencontres au parc de la Citadelle, le groupe local d\u2019Alsace Nature&hellip;\n","protected":false},"author":2,"featured_media":195289,"comment_status":"","ping_status":"","sticky":false,"template":"","format":"standard","meta":{"footnotes":""},"categories":[2820],"tags":[1111,11,22062,1777,674,1011,27,775,2088,12,25,640],"class_list":{"0":"post-195288","1":"post","2":"type-post","3":"status-publish","4":"format-standard","5":"has-post-thumbnail","7":"category-strasbourg","8":"tag-actu","9":"tag-actualites","10":"tag-alsace-nature","11":"tag-eu","12":"tag-europe","13":"tag-fr","14":"tag-france","15":"tag-grand-est","16":"tag-manifestation","17":"tag-news","18":"tag-republique-francaise","19":"tag-strasbourg"},"share_on_mastodon":{"url":"","error":""},"_links":{"self":[{"href":"https:\/\/www.europesays.com\/fr\/wp-json\/wp\/v2\/posts\/195288","targetHints":{"allow":["GET"]}}],"collection":[{"href":"https:\/\/www.europesays.com\/fr\/wp-json\/wp\/v2\/posts"}],"about":[{"href":"https:\/\/www.europesays.com\/fr\/wp-json\/wp\/v2\/types\/post"}],"author":[{"embeddable":true,"href":"https:\/\/www.europesays.com\/fr\/wp-json\/wp\/v2\/users\/2"}],"replies":[{"embeddable":true,"href":"https:\/\/www.europesays.com\/fr\/wp-json\/wp\/v2\/comments?post=195288"}],"version-history":[{"count":0,"href":"https:\/\/www.europesays.com\/fr\/wp-json\/wp\/v2\/posts\/195288\/revisions"}],"wp:featuredmedia":[{"embeddable":true,"href":"https:\/\/www.europesays.com\/fr\/wp-json\/wp\/v2\/media\/195289"}],"wp:attachment":[{"href":"https:\/\/www.europesays.com\/fr\/wp-json\/wp\/v2\/media?parent=195288"}],"wp:term":[{"taxonomy":"category","embeddable":true,"href":"https:\/\/www.europesays.com\/fr\/wp-json\/wp\/v2\/categories?post=195288"},{"taxonomy":"post_tag","embeddable":true,"href":"https:\/\/www.europesays.com\/fr\/wp-json\/wp\/v2\/tags?post=195288"}],"curies":[{"name":"wp","href":"https:\/\/api.w.org\/{rel}","templated":true}]}}