{"id":195295,"date":"2025-06-22T07:06:15","date_gmt":"2025-06-22T07:06:15","guid":{"rendered":"https:\/\/www.europesays.com\/fr\/195295\/"},"modified":"2025-06-22T07:06:15","modified_gmt":"2025-06-22T07:06:15","slug":"sautron-le-peintre-alain-gremillet-partage-sa-passion-avec-les-ecoliers","status":"publish","type":"post","link":"https:\/\/www.europesays.com\/fr\/195295\/","title":{"rendered":"Sautron. Le peintre Alain Gremillet partage sa passion avec les \u00e9coliers"},"content":{"rendered":"<p>Alain Gremillet est un peintre autodidacte qui expose actuellement au Mus\u00e9e \u00e0 Sautron. Il aime par-dessus tout jouer avec les couleurs et provoquer des \u00e9motions. Cette passion des couleurs, il l\u2019a partag\u00e9 avec les \u00e9coliers de CM1-CM2 de l\u2019\u00e9cole de la For\u00eat.<\/p>\n<p>Ils ont pu exp\u00e9rimenter sur leurs r\u00e9alisations les diff\u00e9rents outils utilis\u00e9s par l\u2019artiste parfois \u00e9tonnant comme des peignes, des brosses.<\/p>\n<p>Chaque \u00e9l\u00e8ve a pu s\u2019exprimer librement et donner vie \u00e0 son sens artistique.<\/p>\n<p>Pratique<\/p>\n<p>Exposition \u00ab\u00a0Candeur et Innocence\u00a0\u00bb jusqu\u2019\u00e0 ce dimanche 22\u00a0juin, de 10\u00a0h \u00e0 18\u00a0h\u00a030, au mus\u00e9e, entr\u00e9e libre et gratuite.<\/p>\n<p>\u00a0<\/p>\n","protected":false},"excerpt":{"rendered":"Alain Gremillet est un peintre autodidacte qui expose actuellement au Mus\u00e9e \u00e0 Sautron. Il aime par-dessus tout jouer&hellip;\n","protected":false},"author":2,"featured_media":195296,"comment_status":"","ping_status":"","sticky":false,"template":"","format":"standard","meta":{"footnotes":""},"categories":[2818],"tags":[1111,11,13876,33397,1777,674,1011,27,33396,766,12,14992,9580,2636,17258,25,4334],"class_list":{"0":"post-195295","1":"post","2":"type-post","3":"status-publish","4":"format-standard","5":"has-post-thumbnail","7":"category-nantes","8":"tag-actu","9":"tag-actualites","10":"tag-alain","11":"tag-ecoliers","12":"tag-eu","13":"tag-europe","14":"tag-fr","15":"tag-france","16":"tag-gremillet","17":"tag-nantes","18":"tag-news","19":"tag-partage","20":"tag-passion","21":"tag-pays-de-la-loire","22":"tag-peintre","23":"tag-republique-francaise","24":"tag-sautron"},"share_on_mastodon":{"url":"https:\/\/pubeurope.com\/@fr\/114725754190808172","error":""},"_links":{"self":[{"href":"https:\/\/www.europesays.com\/fr\/wp-json\/wp\/v2\/posts\/195295","targetHints":{"allow":["GET"]}}],"collection":[{"href":"https:\/\/www.europesays.com\/fr\/wp-json\/wp\/v2\/posts"}],"about":[{"href":"https:\/\/www.europesays.com\/fr\/wp-json\/wp\/v2\/types\/post"}],"author":[{"embeddable":true,"href":"https:\/\/www.europesays.com\/fr\/wp-json\/wp\/v2\/users\/2"}],"replies":[{"embeddable":true,"href":"https:\/\/www.europesays.com\/fr\/wp-json\/wp\/v2\/comments?post=195295"}],"version-history":[{"count":0,"href":"https:\/\/www.europesays.com\/fr\/wp-json\/wp\/v2\/posts\/195295\/revisions"}],"wp:featuredmedia":[{"embeddable":true,"href":"https:\/\/www.europesays.com\/fr\/wp-json\/wp\/v2\/media\/195296"}],"wp:attachment":[{"href":"https:\/\/www.europesays.com\/fr\/wp-json\/wp\/v2\/media?parent=195295"}],"wp:term":[{"taxonomy":"category","embeddable":true,"href":"https:\/\/www.europesays.com\/fr\/wp-json\/wp\/v2\/categories?post=195295"},{"taxonomy":"post_tag","embeddable":true,"href":"https:\/\/www.europesays.com\/fr\/wp-json\/wp\/v2\/tags?post=195295"}],"curies":[{"name":"wp","href":"https:\/\/api.w.org\/{rel}","templated":true}]}}