{"id":195297,"date":"2025-06-22T07:07:12","date_gmt":"2025-06-22T07:07:12","guid":{"rendered":"https:\/\/www.europesays.com\/fr\/195297\/"},"modified":"2025-06-22T07:07:12","modified_gmt":"2025-06-22T07:07:12","slug":"quand-les-generations-se-croisent-au-hellfest","status":"publish","type":"post","link":"https:\/\/www.europesays.com\/fr\/195297\/","title":{"rendered":"Quand les g\u00e9n\u00e9rations se croisent au Hellfest"},"content":{"rendered":"<p>Ce samedi au Hellfest, il n\u2019est pas simple de croiser de petites t\u00eates blondes au milieu des barbus. Le soleil tape fort, et emmener un enfant demande des pr\u00e9cautions. \u00a0La casquette sur la t\u00eate, des gobelets d\u2019eau toujours \u00e0 port\u00e9e de main, faire en sorte qu\u2019il soit tout le temps tremp\u00e9 en l\u2019emmenant sous le mur d\u2019eau\u00a0, expliquent Micka\u00ebl et B\u00e9atrice Le Maout, les parents de Mathis, 12\u00a0ans.<\/p>\n<p>Lui, vient pour la deuxi\u00e8me fois. \u00a0J\u2019aime le m\u00e9tal et le rock. Le festival est g\u00e9nial, m\u00eame s\u2019il y a beaucoup de monde. La Gardienne des T\u00e9n\u00e8bres, c\u2019est l\u2019un de mes trucs pr\u00e9f\u00e9r\u00e9s\u00a0, t\u00e9moigne le gar\u00e7on, affubl\u00e9 de son casque vert pour limiter les d\u00e9cibels. Et Mathis, qui s\u2019est mis \u00e0 la batterie depuis trois ans, a une promesse\u00a0: \u00a0A dans dix ans\u2026 sur la sc\u00e8ne\u00a0!\u00a0<\/p>\n<p>\t<img decoding=\"async\" src=\"https:\/\/www.europesays.com\/fr\/wp-content\/uploads\/2025\/06\/P35306410D6865468G_px_640_.jpg\" alt=\"photo arnaud moisan (au centre) a connu le festival depuis ses d\u00e9buts.  \u00a9  presse oc\u00e9an\" width=\"640\" title=\" Arnaud Moisan (au centre) a connu le festival depuis ses d\u00e9buts.   Presse Oc\u00e9an \"\/><\/p>\n<p class=\"elmt-legende\"> Arnaud Moisan (au centre) a connu le festival depuis ses d\u00e9buts.   Presse Oc\u00e9an <\/p>\n<p>\u00ab\u00a0Le seul endroit o\u00f9 je me sens moi-m\u00eame\u00a0\u00bb<\/p>\n<p>Il y a ceux qui d\u00e9couvrent le Hellfest et ceux qui l\u2019ont vu grandir. \u00a0Je connaissais Ben Barbaud avant m\u00eame la cr\u00e9ation du festival,assure Arnaud Moisan, 46\u00a0ans. \u00c0 l\u2019\u00e9poque, on y allait gratuitement. Maintenant, il faut se battre pour avoir une place\u00a0!\u00a0 De 400\u00a0personnes \u00e0 plus de 200 000\u00a0festivaliers, Arnaud Moisan a vu Clisson accueillir des groupes m\u00e9tal toujours plus importants, mais aussi s\u2019ouvrir \u00e0 une culture musicale plus large\u00a0: \u00a0Je pr\u00e9f\u00e9rais quand c\u2019\u00e9tait \u00e0 taille humaine. \u00c7a reste bon enfant mais ce n\u2019est plus la m\u00eame mentalit\u00e9. Mais il y a encore des groupes qu\u2019on appr\u00e9cie, comme Falling in Reverse, Linkin Park.\u00a0Et ce n\u2019est pas la seule raison qui le pousse, avec son groupe, \u00e0 revenir\u00a0: \u00a0C\u2019est le seul endroit o\u00f9 je me sens moi-m\u00eame, o\u00f9 je peux me l\u00e2cher, explique son ami Richard Ferr\u00e9, 53\u00a0ans.Et \u00e7a n\u2019a pas de prix\u00a0!\u00a0<\/p>\n<p>\u00a0<\/p>\n","protected":false},"excerpt":{"rendered":"Ce samedi au Hellfest, il n\u2019est pas simple de croiser de petites t\u00eates blondes au milieu des barbus.&hellip;\n","protected":false},"author":2,"featured_media":195298,"comment_status":"","ping_status":"","sticky":false,"template":"","format":"standard","meta":{"footnotes":""},"categories":[2818],"tags":[1111,11,20836,1777,674,1011,27,3605,16501,766,12,2636,25],"class_list":{"0":"post-195297","1":"post","2":"type-post","3":"status-publish","4":"format-standard","5":"has-post-thumbnail","7":"category-nantes","8":"tag-actu","9":"tag-actualites","10":"tag-croisent","11":"tag-eu","12":"tag-europe","13":"tag-fr","14":"tag-france","15":"tag-generations","16":"tag-hellfest","17":"tag-nantes","18":"tag-news","19":"tag-pays-de-la-loire","20":"tag-republique-francaise"},"share_on_mastodon":{"url":"https:\/\/pubeurope.com\/@fr\/114725758255051168","error":""},"_links":{"self":[{"href":"https:\/\/www.europesays.com\/fr\/wp-json\/wp\/v2\/posts\/195297","targetHints":{"allow":["GET"]}}],"collection":[{"href":"https:\/\/www.europesays.com\/fr\/wp-json\/wp\/v2\/posts"}],"about":[{"href":"https:\/\/www.europesays.com\/fr\/wp-json\/wp\/v2\/types\/post"}],"author":[{"embeddable":true,"href":"https:\/\/www.europesays.com\/fr\/wp-json\/wp\/v2\/users\/2"}],"replies":[{"embeddable":true,"href":"https:\/\/www.europesays.com\/fr\/wp-json\/wp\/v2\/comments?post=195297"}],"version-history":[{"count":0,"href":"https:\/\/www.europesays.com\/fr\/wp-json\/wp\/v2\/posts\/195297\/revisions"}],"wp:featuredmedia":[{"embeddable":true,"href":"https:\/\/www.europesays.com\/fr\/wp-json\/wp\/v2\/media\/195298"}],"wp:attachment":[{"href":"https:\/\/www.europesays.com\/fr\/wp-json\/wp\/v2\/media?parent=195297"}],"wp:term":[{"taxonomy":"category","embeddable":true,"href":"https:\/\/www.europesays.com\/fr\/wp-json\/wp\/v2\/categories?post=195297"},{"taxonomy":"post_tag","embeddable":true,"href":"https:\/\/www.europesays.com\/fr\/wp-json\/wp\/v2\/tags?post=195297"}],"curies":[{"name":"wp","href":"https:\/\/api.w.org\/{rel}","templated":true}]}}