{"id":195305,"date":"2025-06-22T07:11:08","date_gmt":"2025-06-22T07:11:08","guid":{"rendered":"https:\/\/www.europesays.com\/fr\/195305\/"},"modified":"2025-06-22T07:11:08","modified_gmt":"2025-06-22T07:11:08","slug":"au-nord-de-toulouse-six-adolescents-hospitalises-apres-une-intoxication-au-monoxyde-de-carbone","status":"publish","type":"post","link":"https:\/\/www.europesays.com\/fr\/195305\/","title":{"rendered":"Au nord de Toulouse, six adolescents hospitalis\u00e9s apr\u00e8s une intoxication au monoxyde de carbone"},"content":{"rendered":"<p>            Par<br \/>\n        <strong><br \/>\n            <a href=\"https:\/\/actu.fr\/auteur\/gabriel-kenedi\" title=\"Consulter tous les articles de Gabriel Kenedi\" rel=\"nofollow noopener\" target=\"_blank\">Gabriel Kenedi<\/a><br \/>\n        <\/strong><\/p>\n<p>        Publi\u00e9 le<\/p>\n<p>            22 juin 2025 \u00e0 8h52        <\/p>\n<p>Victimes d\u2019une intoxication au monoxyde de carbone, six adolescents ont \u00e9t\u00e9 hospitalis\u00e9s dans la nuit du samedi 21 au dimanche 22 juin 2025, a appris Actu Toulouse.\u00a0<\/p>\n<p>Des ados \u00e2g\u00e9s de 11 \u00e0 17 ans\u00a0<\/p>\n<p class=\" wall-content\">Les faits se sont d\u00e9roul\u00e9s rue Grajot, \u00e0 Mirepoix-sur-Tarn (Haute-Garonne), commune situ\u00e9e au nord du d\u00e9partement, \u00e0 environ 40 kilom\u00e8tres de Toulouse.<\/p>\n<p class=\" wall-content\">Aux alentours de 2h50, les sapeurs-pompiers ont \u00e9t\u00e9 \u00ab\u00a0engag\u00e9s afin de porter assistance \u00e0 dix minbeurs \u00e2g\u00e9s de 11 \u00e0 17 ans victimes de maux de t\u00eate suite \u00e0 une intoxication au monoxyde de carbone\u00a0\u00bb, indiquent les secours.\u00a0<\/p>\n<p>    <a href=\"https:\/\/www.google.com\/maps\/embed?pb=!1m18!1m12!1m3!1d310229.5324341869!2d1.595717853755593!3d43.74704014759698!2m3!1f0!2f0!3f0!3m2!1i1024!2i768!4f13.1!3m3!1m2!1s0x12ac20e46fb6aaab%3A0x16ba63693e721868!2sMirepoix%20sur%20Tarn!5e0!3m2!1sfr!2sfr!4v1750574982881!5m2!1sfr!2sfr\" title=\"Ouvrie le lien\" rel=\"nofollow noopener\" target=\"_blank\">Cliquez ici pour visualiser le contenu<\/a><\/p>\n<p>Six personnes hospitalis\u00e9es\u00a0<\/p>\n<p class=\" wall-content\">Apr\u00e8s une prise en charge \u00ab\u00a0rapide et efficace\u00a0\u00bb, six d\u2019entre eux ont \u00e9t\u00e9 hospitalis\u00e9s en urgence relative. Leur \u00e9tat ne suscitait donc pas d\u2019inqui\u00e9tide.\u00a0<\/p>\n<p class=\" wall-content\">Au total, 22 sapeurs-pompiers et sept engins ont \u00e9t\u00e9 mobilis\u00e9s sur cette op\u00e9ration d\u2019envergure.\u00a0<\/p>\n<p>Vid\u00e9os : en ce moment sur Actu<\/p>\n<p class=\" wall-content\">Suivez toute l\u2019actualit\u00e9 de vos villes et m\u00e9dias favoris en vous inscrivant \u00e0 <a href=\"https:\/\/moncompte.actu.fr\" title=\"D\u00e9couvez Mon Actu\" rel=\"nofollow noopener\" data-trk=\"{&quot;cta&quot;:{&quot;action&quot;:&quot;https:\\\/\\\/moncompte.actu.fr&quot;,&quot;category&quot;:&quot;mon compte&quot;,&quot;from&quot;:&quot;article footer&quot;,&quot;name&quot;:&quot;Mon actu&quot;,&quot;type&quot;:&quot;cta&quot;}}\" target=\"_blank\">Mon Actu<\/a>.<\/p>\n","protected":false},"excerpt":{"rendered":"Par Gabriel Kenedi Publi\u00e9 le 22 juin 2025 \u00e0 8h52 Victimes d\u2019une intoxication au monoxyde de carbone, six&hellip;\n","protected":false},"author":2,"featured_media":195306,"comment_status":"","ping_status":"","sticky":false,"template":"","format":"standard","meta":{"footnotes":""},"categories":[2816],"tags":[1111,11,1777,674,118,1011,27,12,2680,1311,25,2312],"class_list":{"0":"post-195305","1":"post","2":"type-post","3":"status-publish","4":"format-standard","5":"has-post-thumbnail","7":"category-toulouse","8":"tag-actu","9":"tag-actualites","10":"tag-eu","11":"tag-europe","12":"tag-faits-divers","13":"tag-fr","14":"tag-france","15":"tag-news","16":"tag-occitanie","17":"tag-pompiers","18":"tag-republique-francaise","19":"tag-toulouse"},"share_on_mastodon":{"url":"https:\/\/pubeurope.com\/@fr\/114725773806222058","error":""},"_links":{"self":[{"href":"https:\/\/www.europesays.com\/fr\/wp-json\/wp\/v2\/posts\/195305","targetHints":{"allow":["GET"]}}],"collection":[{"href":"https:\/\/www.europesays.com\/fr\/wp-json\/wp\/v2\/posts"}],"about":[{"href":"https:\/\/www.europesays.com\/fr\/wp-json\/wp\/v2\/types\/post"}],"author":[{"embeddable":true,"href":"https:\/\/www.europesays.com\/fr\/wp-json\/wp\/v2\/users\/2"}],"replies":[{"embeddable":true,"href":"https:\/\/www.europesays.com\/fr\/wp-json\/wp\/v2\/comments?post=195305"}],"version-history":[{"count":0,"href":"https:\/\/www.europesays.com\/fr\/wp-json\/wp\/v2\/posts\/195305\/revisions"}],"wp:featuredmedia":[{"embeddable":true,"href":"https:\/\/www.europesays.com\/fr\/wp-json\/wp\/v2\/media\/195306"}],"wp:attachment":[{"href":"https:\/\/www.europesays.com\/fr\/wp-json\/wp\/v2\/media?parent=195305"}],"wp:term":[{"taxonomy":"category","embeddable":true,"href":"https:\/\/www.europesays.com\/fr\/wp-json\/wp\/v2\/categories?post=195305"},{"taxonomy":"post_tag","embeddable":true,"href":"https:\/\/www.europesays.com\/fr\/wp-json\/wp\/v2\/tags?post=195305"}],"curies":[{"name":"wp","href":"https:\/\/api.w.org\/{rel}","templated":true}]}}