{"id":195309,"date":"2025-06-22T07:14:09","date_gmt":"2025-06-22T07:14:09","guid":{"rendered":"https:\/\/www.europesays.com\/fr\/195309\/"},"modified":"2025-06-22T07:14:09","modified_gmt":"2025-06-22T07:14:09","slug":"les-restaurants-de-cette-ville-pres-de-marseille-parmi-les-meilleurs-de-france-selon-uber-eats","status":"publish","type":"post","link":"https:\/\/www.europesays.com\/fr\/195309\/","title":{"rendered":"Les restaurants de cette ville pr\u00e8s de Marseille parmi les meilleurs de France selon Uber Eats"},"content":{"rendered":"<p>            Par<br \/>\n        <strong><br \/>\n            <a href=\"https:\/\/actu.fr\/auteur\/thibault-nadal-actu-fr\" title=\"Consulter tous les articles de Thibault Nadal\" rel=\"nofollow noopener\" target=\"_blank\">Thibault Nadal<\/a><br \/>\n        <\/strong><\/p>\n<p>        Publi\u00e9 le<\/p>\n<p>            22 juin 2025 \u00e0 8h20        <\/p>\n<p><a href=\"https:\/\/actu.fr\/provence-alpes-cote-d-azur\/aix-en-provence_13001\" rel=\"nofollow noopener\" target=\"_blank\">Aix-en-Provence<\/a> mise \u00e0 l\u2019honneur. Dans son classement pour l\u2019ann\u00e9e 2025, Uber Eats a d\u00e9cern\u00e9 son label \u00ab\u2009Livraison \u00c9toil\u00e9e\u2009\u00bb aux <a href=\"https:\/\/actu.fr\/tag\/restaurant\" rel=\"nofollow noopener\" target=\"_blank\">restaurants<\/a> <strong>les mieux not\u00e9s<\/strong> par ses utilisateurs de la plateforme.<\/p>\n<p class=\" wall-content\">La deuxi\u00e8me ville des <a href=\"https:\/\/actu.fr\/provence-alpes-cote-d-azur\/bouches-du-rhone_13\" rel=\"nofollow noopener\" target=\"_blank\">Bouches-du-Rh\u00f4ne<\/a> arrive en <strong>quatri\u00e8me position de ce classement national<\/strong>.<\/p>\n<p>Aix-en-Provence arrive en quatri\u00e8me position<\/p>\n<p class=\" wall-content\">Concr\u00e8tement, 8100 restaurants ont \u00e9t\u00e9 s\u00e9lectionn\u00e9s cette ann\u00e9e par Uber Eats. Pour d\u00e9crocher le label, les \u00e9tablissements devaient <strong>remplir plusieurs crit\u00e8res<\/strong>\u2009: avoir une note sup\u00e9rieure \u00e0 4,5\/5 sur plus de 150 avis et avoir r\u00e9alis\u00e9 plus de 350 commandes.<\/p>\n<p class=\" wall-content\">Sur la base de ces obligations, la ville d\u2019Aix-en-Provence a r\u00e9ussi \u00e0 tirer son \u00e9pingle du jeu avec <strong>54 laur\u00e9ats, soit 18,75\u2009% des restaurants disponibles sur la plateforme<\/strong>. Des chiffres qui permettent \u00e0 la commune de se hisser \u00e0 la quatri\u00e8me place au niveau national, juste derri\u00e8re Paris et devant Bordeaux.<\/p>\n<p class=\" wall-content\">\u00ab\u2009Les grandes m\u00e9tropoles fran\u00e7aises sont logiquement en haut du classement en nombre de restaurants s\u00e9lectionn\u00e9s\u2009\u00bb, commentent les \u00e9quipes d\u2019Uber Eats.<\/p>\n<p>Vid\u00e9os : en ce moment sur Actu<\/p>\n<p class=\" wall-content\"><strong>Voici le top\u00a05<\/strong>\u2009:<\/p>\n<ul class=\" wall-content\">\n<li>Antibes\u2009: 47 laur\u00e9ats, soit 29,5\u2009% des restaurants disponibles sur Uber Eats,<\/li>\n<li>Orl\u00e9ans\u2009: 53 laur\u00e9ats, soit 21\u2009% des restaurants disponibles,<\/li>\n<li>Paris\u2009: 966 laur\u00e9ats, soit 19\u2009% des restaurants disponibles,<\/li>\n<li>Aix-en-Provence\u2009: 54 laur\u00e9ats, soit 18,75\u2009% des restaurants disponibles,<\/li>\n<li>Bordeaux\u2009: 220 laur\u00e9ats, soit 18,7\u2009% de restaurants disponibles.<\/li>\n<\/ul>\n<p class=\" wall-content\">Suivez toute l\u2019actualit\u00e9 de vos villes et m\u00e9dias favoris en vous inscrivant \u00e0 <a href=\"https:\/\/moncompte.actu.fr\" title=\"D\u00e9couvez Mon Actu\" rel=\"nofollow noopener\" data-trk=\"{&quot;cta&quot;:{&quot;action&quot;:&quot;https:\\\/\\\/moncompte.actu.fr&quot;,&quot;category&quot;:&quot;mon compte&quot;,&quot;from&quot;:&quot;article footer&quot;,&quot;name&quot;:&quot;Mon actu&quot;,&quot;type&quot;:&quot;cta&quot;}}\" target=\"_blank\">Mon Actu<\/a>.<\/p>\n","protected":false},"excerpt":{"rendered":"Par Thibault Nadal Publi\u00e9 le 22 juin 2025 \u00e0 8h20 Aix-en-Provence mise \u00e0 l\u2019honneur. Dans son classement pour&hellip;\n","protected":false},"author":2,"featured_media":195310,"comment_status":"","ping_status":"","sticky":false,"template":"","format":"standard","meta":{"footnotes":""},"categories":[2814],"tags":[1111,11,1777,674,1011,27,1305,884,12,882,25,1340],"class_list":{"0":"post-195309","1":"post","2":"type-post","3":"status-publish","4":"format-standard","5":"has-post-thumbnail","7":"category-marseille","8":"tag-actu","9":"tag-actualites","10":"tag-eu","11":"tag-europe","12":"tag-fr","13":"tag-france","14":"tag-lifestyle","15":"tag-marseille","16":"tag-news","17":"tag-provence-alpes-cote-dazur","18":"tag-republique-francaise","19":"tag-restaurant"},"share_on_mastodon":{"url":"https:\/\/pubeurope.com\/@fr\/114725785704985587","error":""},"_links":{"self":[{"href":"https:\/\/www.europesays.com\/fr\/wp-json\/wp\/v2\/posts\/195309","targetHints":{"allow":["GET"]}}],"collection":[{"href":"https:\/\/www.europesays.com\/fr\/wp-json\/wp\/v2\/posts"}],"about":[{"href":"https:\/\/www.europesays.com\/fr\/wp-json\/wp\/v2\/types\/post"}],"author":[{"embeddable":true,"href":"https:\/\/www.europesays.com\/fr\/wp-json\/wp\/v2\/users\/2"}],"replies":[{"embeddable":true,"href":"https:\/\/www.europesays.com\/fr\/wp-json\/wp\/v2\/comments?post=195309"}],"version-history":[{"count":0,"href":"https:\/\/www.europesays.com\/fr\/wp-json\/wp\/v2\/posts\/195309\/revisions"}],"wp:featuredmedia":[{"embeddable":true,"href":"https:\/\/www.europesays.com\/fr\/wp-json\/wp\/v2\/media\/195310"}],"wp:attachment":[{"href":"https:\/\/www.europesays.com\/fr\/wp-json\/wp\/v2\/media?parent=195309"}],"wp:term":[{"taxonomy":"category","embeddable":true,"href":"https:\/\/www.europesays.com\/fr\/wp-json\/wp\/v2\/categories?post=195309"},{"taxonomy":"post_tag","embeddable":true,"href":"https:\/\/www.europesays.com\/fr\/wp-json\/wp\/v2\/tags?post=195309"}],"curies":[{"name":"wp","href":"https:\/\/api.w.org\/{rel}","templated":true}]}}