{"id":19531,"date":"2025-04-12T09:34:42","date_gmt":"2025-04-12T09:34:42","guid":{"rendered":"https:\/\/www.europesays.com\/fr\/19531\/"},"modified":"2025-04-12T09:34:42","modified_gmt":"2025-04-12T09:34:42","slug":"qui-est-ce-candidat-de-marseille-qui-integre-lemission-en-urgence","status":"publish","type":"post","link":"https:\/\/www.europesays.com\/fr\/19531\/","title":{"rendered":"Qui est ce candidat de Marseille qui int\u00e8gre l&rsquo;\u00e9mission en urgence\u00a0?"},"content":{"rendered":"<p>            Par<br \/>\n        <strong><br \/>\n            <a href=\"https:\/\/actu.fr\/auteur\/benjamin-cohenroyer\" title=\"Consulter tous les articles de Benjamin Cohen Royer\" target=\"_blank\" rel=\"noopener\">Benjamin Cohen Royer<\/a><br \/>\n        <\/strong><\/p>\n<p>        Publi\u00e9 le<\/p>\n<p>            10 avr. 2025 \u00e0 12h30        <\/p>\n<p>Quand le malheur des uns fait le bonheur des autres\u2026<\/p>\n<p class=\" wall-content\">C\u2019est un fait rarissime dans l\u2019histoire de Top Chef, sur M6 : un candidat a d\u00e9cid\u00e9 de jeter l\u2019\u00e9ponge pour des raisons personnelles. <strong>En seize saisons, jamais aucun participant n\u2019avait quitt\u00e9 l\u2019aventure aussi t\u00f4t. <\/strong>Et c\u2019est un chef originaire de <a href=\"https:\/\/actu.fr\/marseille\/\" target=\"_blank\" rel=\"noopener\">Marseille<\/a> qui a \u00e9t\u00e9 appel\u00e9 pour le remplacer en urgence.<\/p>\n<p class=\" wall-content\">Il s\u2019agit d\u2019Ilane Tinchant. On fait les pr\u00e9sentations.<\/p>\n<p>Remplacement au pied lev\u00e9<\/p>\n<p class=\" wall-content\">Un coup dur pour l\u2019\u00e9mission, mais une belle opportunit\u00e9 pour Ilane Tinchant, jeune chef marseillais, qui profite de ce rebondissement inattendu.<\/p>\n<p class=\" wall-content\">\u00c9limin\u00e9 lors des diff\u00e9rentes phases du casting, <strong>il a finalement \u00e9t\u00e9 rappel\u00e9 par la production<\/strong> pour int\u00e9grer le c\u00e9l\u00e8bre concours culinaire.<\/p>\n<p>Vid\u00e9os : en ce moment sur ActuUn Marseillais de 28 ans<\/p>\n<p class=\" wall-content\">\u00c2g\u00e9 de 28 ans, <strong>Ilane est originaire de Marseille<\/strong>. Il a aff\u00fbt\u00e9 ses couteaux dans des \u00e9tablissements prestigieux comme Le Chantecler \u00e0 Nice ou encore L\u2019\u00c9puisette, sur le Vieux-Port. Aujourd\u2019hui, il est chef ex\u00e9cutif \u00e0 L\u2019Oursin, un restaurant situ\u00e9 \u00e0 Antibes.<\/p>\n<p class=\" wall-content\"><a href=\"https:\/\/www.instagram.com\/p\/CgOtW9tjvsn\/embed\" title=\"Ouvrir le lien sur Instagram\" target=\"_blank\" rel=\"noopener\">Visualiser le contenu sur Instagram<\/a><\/p>\n<p class=\" wall-content\">Mais d\u00e9sormais, c\u2019est devant les chefs \u00e9toil\u00e9s de M6 qu\u2019il s\u2019appr\u00eate \u00e0 faire ses preuves, avec en ligne de mire, la victoire finale.<\/p>\n<p>Un parcours inspirant<\/p>\n<p class=\" wall-content\">Passionn\u00e9 de cuisine, le parcours d\u2019Ilane est <strong>une succession de d\u00e9fi<\/strong>, personnel comme professionnel. Effectivement, marqu\u00e9 par une transformation physique remarquable (-30kilos) gr\u00e2ce \u00e0 son autre passion, la boxe, il est un insatiable.\u00a0<\/p>\n<p class=\" wall-content\">En parall\u00e8le de la cuisine, Ilane est aujourd\u2019hui coach sportif.\u00a0<\/p>\n<p class=\" wall-content\">Pas avare d\u2019effort ni d\u2019ambition, <strong>le cuisinier phoc\u00e9en \u00e0 un objectif : obtenir une \u00e9toile au Guide Michelin.<\/strong>\u00a0<\/p>\n<p class=\" wall-content\">Suivez toute l\u2019actualit\u00e9 de vos villes et m\u00e9dias favoris en vous inscrivant \u00e0 <a href=\"https:\/\/moncompte.actu.fr\" title=\"D\u00e9couvez Mon Actu\" rel=\"nofollow noopener\" data-trk=\"{&quot;cta&quot;:{&quot;action&quot;:&quot;https:\\\/\\\/moncompte.actu.fr&quot;,&quot;category&quot;:&quot;mon compte&quot;,&quot;from&quot;:&quot;article footer&quot;,&quot;name&quot;:&quot;Mon actu&quot;,&quot;type&quot;:&quot;cta&quot;}}\" target=\"_blank\">Mon Actu<\/a>.<\/p>\n<p>                    <script async src=\"\/\/www.instagram.com\/embed.js\"><\/script><\/p>\n","protected":false},"excerpt":{"rendered":"Par Benjamin Cohen Royer Publi\u00e9 le 10 avr. 2025 \u00e0 12h30 Quand le malheur des uns fait le&hellip;\n","protected":false},"author":2,"featured_media":19532,"comment_status":"","ping_status":"","sticky":false,"template":"","format":"standard","meta":{"footnotes":""},"categories":[2814],"tags":[1111,11,902,1777,674,1011,27,884,12,882,25,104,252,492],"class_list":{"0":"post-19531","1":"post","2":"type-post","3":"status-publish","4":"format-standard","5":"has-post-thumbnail","7":"category-marseille","8":"tag-actu","9":"tag-actualites","10":"tag-cuisine","11":"tag-eu","12":"tag-europe","13":"tag-fr","14":"tag-france","15":"tag-marseille","16":"tag-news","17":"tag-provence-alpes-cote-dazur","18":"tag-republique-francaise","19":"tag-societe","20":"tag-television","21":"tag-top-chef"},"share_on_mastodon":{"url":"https:\/\/pubeurope.com\/@fr\/114324312137907903","error":""},"_links":{"self":[{"href":"https:\/\/www.europesays.com\/fr\/wp-json\/wp\/v2\/posts\/19531","targetHints":{"allow":["GET"]}}],"collection":[{"href":"https:\/\/www.europesays.com\/fr\/wp-json\/wp\/v2\/posts"}],"about":[{"href":"https:\/\/www.europesays.com\/fr\/wp-json\/wp\/v2\/types\/post"}],"author":[{"embeddable":true,"href":"https:\/\/www.europesays.com\/fr\/wp-json\/wp\/v2\/users\/2"}],"replies":[{"embeddable":true,"href":"https:\/\/www.europesays.com\/fr\/wp-json\/wp\/v2\/comments?post=19531"}],"version-history":[{"count":0,"href":"https:\/\/www.europesays.com\/fr\/wp-json\/wp\/v2\/posts\/19531\/revisions"}],"wp:featuredmedia":[{"embeddable":true,"href":"https:\/\/www.europesays.com\/fr\/wp-json\/wp\/v2\/media\/19532"}],"wp:attachment":[{"href":"https:\/\/www.europesays.com\/fr\/wp-json\/wp\/v2\/media?parent=19531"}],"wp:term":[{"taxonomy":"category","embeddable":true,"href":"https:\/\/www.europesays.com\/fr\/wp-json\/wp\/v2\/categories?post=19531"},{"taxonomy":"post_tag","embeddable":true,"href":"https:\/\/www.europesays.com\/fr\/wp-json\/wp\/v2\/tags?post=19531"}],"curies":[{"name":"wp","href":"https:\/\/api.w.org\/{rel}","templated":true}]}}