{"id":195313,"date":"2025-06-22T07:16:09","date_gmt":"2025-06-22T07:16:09","guid":{"rendered":"https:\/\/www.europesays.com\/fr\/195313\/"},"modified":"2025-06-22T07:16:09","modified_gmt":"2025-06-22T07:16:09","slug":"pres-de-lyon-une-fillette-chute-mortellement-du-4e-etage-dun-immeuble","status":"publish","type":"post","link":"https:\/\/www.europesays.com\/fr\/195313\/","title":{"rendered":"Pr\u00e8s de Lyon : une fillette chute mortellement du 4e \u00e9tage d&rsquo;un immeuble"},"content":{"rendered":"<p>Dans la soir\u00e9e du samedi 21 juin, une jeune fille de 6 ans est morte apr\u00e8s avoir chut\u00e9 du 4e \u00e9tage d&rsquo;un immeuble \u00e0 Rillieux-la-Pape, pr\u00e8s de Lyon.<\/p>\n<p>Un accident dramatique s&rsquo;est produit dans le Rh\u00f4ne. Samedi 21 juin, vers 20h30, une fillette a fait <b>une chute mortelle<\/b>.<\/p>\n<p>La fillette perd la vie, une enqu\u00eate ouverte<\/p>\n<p>La victime, \u00e2g\u00e9e de 6 ans, est tomb\u00e9e depuis le 4e \u00e9tage d&rsquo;un immeuble situ\u00e9 rue Jules Michelet, \u00e0 <b>Rillieux-la-Pape<\/b>, pr\u00e8s de Lyon.<\/p>\n<p>Selon <a class=\"url\" href=\"https:\/\/c.leprogres.fr\/faits-divers-justice\/2025\/06\/21\/une-fillette-decede-apres-une-chute-du-4e-etage-a-rillieux-la-pape\" target=\"_blank\" rel=\"nofollow noopener\">Le Progr\u00e8s<\/a>, <b>la jeune fille est d\u00e9c\u00e9d\u00e9e<\/b>. Une enqu\u00eate a \u00e9t\u00e9 ouverte par la police pour comprendre les circonstances pr\u00e9cises de cette chute mortelle.<\/p>\n<p><img loading=\"lazy\" decoding=\"async\" src=\"https:\/\/www.europesays.com\/fr\/wp-content\/uploads\/2025\/06\/1750576569_722_img\" width=\"350\" height=\"200\" border=\"0\" title=\"Un ouvrier de 27 ans fait une chute mortelle sur un chantier dans le Rh\u00c3\u00b4ne\"\/><\/p>\n<p>\u25baFaits divers<\/p>\n<p style=\"font-size: 22px;\"><b>Rh\u00f4ne : un ouvrier de 27 ans chute d&rsquo;un toit et meurt<\/b><\/p>\n<p>Ce vendredi 20 juin, un ouvrier de 27 ans a fait&#8230;<\/p>\n<p><\/p>\n","protected":false},"excerpt":{"rendered":"Dans la soir\u00e9e du samedi 21 juin, une jeune fille de 6 ans est morte apr\u00e8s avoir chut\u00e9&hellip;\n","protected":false},"author":2,"featured_media":129605,"comment_status":"","ping_status":"","sticky":false,"template":"","format":"standard","meta":{"footnotes":""},"categories":[1889],"tags":[1111,11,2430,837,24563,1777,674,6017,1011,27,2428,18,12,25,17092],"class_list":{"0":"post-195313","1":"post","2":"type-post","3":"status-publish","4":"format-standard","5":"has-post-thumbnail","7":"category-lyon","8":"tag-actu","9":"tag-actualites","10":"tag-auvergne-rhone-alpes","11":"tag-chute","12":"tag-dcs","13":"tag-eu","14":"tag-europe","15":"tag-fait-divers","16":"tag-fr","17":"tag-france","18":"tag-lyon","19":"tag-mort","20":"tag-news","21":"tag-republique-francaise","22":"tag-rillieux-la-pape"},"share_on_mastodon":{"url":"https:\/\/pubeurope.com\/@fr\/114725793868025601","error":""},"_links":{"self":[{"href":"https:\/\/www.europesays.com\/fr\/wp-json\/wp\/v2\/posts\/195313","targetHints":{"allow":["GET"]}}],"collection":[{"href":"https:\/\/www.europesays.com\/fr\/wp-json\/wp\/v2\/posts"}],"about":[{"href":"https:\/\/www.europesays.com\/fr\/wp-json\/wp\/v2\/types\/post"}],"author":[{"embeddable":true,"href":"https:\/\/www.europesays.com\/fr\/wp-json\/wp\/v2\/users\/2"}],"replies":[{"embeddable":true,"href":"https:\/\/www.europesays.com\/fr\/wp-json\/wp\/v2\/comments?post=195313"}],"version-history":[{"count":0,"href":"https:\/\/www.europesays.com\/fr\/wp-json\/wp\/v2\/posts\/195313\/revisions"}],"wp:featuredmedia":[{"embeddable":true,"href":"https:\/\/www.europesays.com\/fr\/wp-json\/wp\/v2\/media\/129605"}],"wp:attachment":[{"href":"https:\/\/www.europesays.com\/fr\/wp-json\/wp\/v2\/media?parent=195313"}],"wp:term":[{"taxonomy":"category","embeddable":true,"href":"https:\/\/www.europesays.com\/fr\/wp-json\/wp\/v2\/categories?post=195313"},{"taxonomy":"post_tag","embeddable":true,"href":"https:\/\/www.europesays.com\/fr\/wp-json\/wp\/v2\/tags?post=195313"}],"curies":[{"name":"wp","href":"https:\/\/api.w.org\/{rel}","templated":true}]}}