{"id":195314,"date":"2025-06-22T07:17:13","date_gmt":"2025-06-22T07:17:13","guid":{"rendered":"https:\/\/www.europesays.com\/fr\/195314\/"},"modified":"2025-06-22T07:17:13","modified_gmt":"2025-06-22T07:17:13","slug":"lyon-street-food-2025-fete-la-diversite-autour-de-la-cuisine","status":"publish","type":"post","link":"https:\/\/www.europesays.com\/fr\/195314\/","title":{"rendered":"Lyon Street Food 2025 f\u00eate la diversit\u00e9 autour de la cuisine"},"content":{"rendered":"<p>Il est de retour pour r\u00e9galer vos papilles ! Le Lyon Street Food Festival d\u00e9barque aux Grandes Locos le 25 juin prochain pour une 9\u00e8me \u00e9dition haute en saveurs et en d\u00e9couvertes. Entre cuisine, culture, et musique il y en aura pour tous les gouts.<\/p>\n<p>C\u2019est une premi\u00e8re ! Cette ann\u00e9e, <strong>Lyon Street Food Festival 2025<\/strong> d\u00e9butera le mercredi, soit un jour de plus que les ann\u00e9es pr\u00e9c\u00e9dentes. Une d\u00e9cision prise suite \u00e0 l\u2019engouement de l\u2019ann\u00e9e pass\u00e9e. Une opportunit\u00e9 qui permet de faire grandir la<strong> <a href=\"https:\/\/lyonstreetfoodfestival.com\/programmation\/\" target=\"_blank\" rel=\"noreferrer noopener\">programmation<\/a><\/strong> autour de la <strong>street food<\/strong>. Ce sera donc plus de <strong>130 chefs et p\u00e2tissiers<\/strong>, soit 15% de plus que l\u2019ann\u00e9e derni\u00e8re. Mais aussi <strong>60 concerts<\/strong> et <strong>450 ateliers<\/strong>.<\/p>\n<p>Ecoutez le podcast<\/p>\n<p>Lyon Street Food festival 2025<\/p>\n<p>Une programmation qui repr\u00e9sente au mieux le festival, comme l\u2019explique <strong>Emeric Richard<\/strong>, directeur du <strong>Lyon Street Food Festival<\/strong>\u00a0: \u00ab\u00a0En fait, \u00e7a fait hyper plaisir parce que c\u2019\u00e9tait \u00e7a, \u00e0 la base, qu\u2019on voulait. C\u2019\u00e9tait rassembler des chefs de profils extr\u00eamement vari\u00e9s. On a des triplements \u00e9toil\u00e9s. Il y a <strong><a href=\"https:\/\/closdessens.com\/\" target=\"_blank\" rel=\"noreferrer noopener\">le Clos Des Sens<\/a><\/strong> qui sera l\u00e0 cette ann\u00e9e et qui va c\u00f4toyer mille autres chefs beaucoup moins connus. C\u2019est \u00e7a l\u2019esprit et c\u2019est \u00e7a qu\u2019on adore.\u00a0\u00bb<\/p>\n<p>Ecoutez aussi : <a href=\"https:\/\/www.lyondemain.fr\/scarole-et-marcellin-planete-locale\/\" target=\"_blank\" rel=\"noreferrer noopener\">Scarole et Marcellin : 12 ans d\u2019\u00e9picerie cuisine<\/a><\/p>\n<blockquote class=\"instagram-media\" data-instgrm-captioned=\"\" data-instgrm-permalink=\"https:\/\/www.instagram.com\/p\/DKKZRCYsROr\/?utm_source=ig_embed&amp;utm_campaign=loading\" data-instgrm-version=\"14\" style=\" background:#FFF; border:0; border-radius:3px; box-shadow:0 0 1px 0 rgba(0,0,0,0.5),0 1px 10px 0 rgba(0,0,0,0.15); margin: 1px; max-width:540px; min-width:326px; padding:0; width:99.375%; width:-webkit-calc(100% - 2px); width:calc(100% - 2px);\"\/>\n<p>Un road trip autour de 20 pays<\/p>\n<p>Le plus grand festival de cuisine en France garde tout de m\u00eame son principe de <strong>road trip culinaire<\/strong> avec la d\u00e9couverte de plus de<strong> 20 nationalit\u00e9s<\/strong>. Cette ann\u00e9e, le festival a choisi de mettre en avant <strong>le Br\u00e9sil <\/strong>et sa culture, ainsi que l\u2019<strong>Irlande<\/strong>. Emeric Richard a aussi choisi de r\u00e9it\u00e9rer le concept du <strong>festin fran\u00e7ais<\/strong> avec un point d\u2019honneur sur les chefs lyonnais.<\/p>\n<p>\u00ab\u00a0On avait vraiment envie de faire un focus sur cette nouvelle vague de chefs \u00e0 Lyon parce qu\u2019on voit bien depuis quelques mois qu\u2019il se passe beaucoup de belles choses \u00e0 Lyon. Je n\u2019ai jamais vu autant d\u2019ouvertures de belles tables dans notre belle ville.\u00a0\u00bb<\/p>\n<p><img fetchpriority=\"high\" decoding=\"async\" width=\"1200\" height=\"675\" src=\"https:\/\/www.europesays.com\/fr\/wp-content\/uploads\/2025\/06\/Lyon-Street-Food-Festival-2025-equipe.jpg\" alt=\"\u00e9quipe\" class=\"wp-image-250115\"  \/><\/p>\n<p>Ce sont des chefs comme <strong>J\u00e9r\u00e9my Galvan<\/strong>, propri\u00e9taire de deux restaurants sur Lyon,<a href=\"https:\/\/220-bpm.fr\/\" target=\"_blank\" rel=\"noreferrer noopener\"> <strong>220 BPM<\/strong><\/a> et <strong><a href=\"https:\/\/contre-champ.com\/\" target=\"_blank\" rel=\"noreferrer noopener\">Contre-champ<\/a><\/strong>, qui sont mis en avant. Habitu\u00e9 au festival depuis trois ans, cela reste pour lui une vraie partie de plaisir et une fa\u00e7on de montrer son travail \u00e0 un autre public. Il nous en parle avec sa femme<strong> Rachel<\/strong>.<\/p>\n<p>Ecoutez aussi : <a href=\"https:\/\/www.lyondemain.fr\/la-cantina-villeurbanne\/\" target=\"_blank\" rel=\"noreferrer noopener\">La Cantina : des cuisines collectives contre la pr\u00e9carit\u00e9<\/a><\/p>\n<p>Des \u00e9toil\u00e9s \u00e0 la nouvelle vague de chefs<\/p>\n<p>\u00ab\u00a0Nous, \u00e7a repr\u00e9sente la possibilit\u00e9 d\u2019aller \u00e0 la rencontre de plein de personnes qui n\u2019arrivent pas sp\u00e9cialement \u00e0 venir dans nos maisons, qui sont peut-\u00eatre \u00e0 des budgets un peu trop hauts, et qu\u2019on arrive \u00e0 reconnecter avec plein d\u2019autres chefs et d\u2019autres maisons qui ont des identit\u00e9s diff\u00e9rentes. Et offrir quelque chose comme \u00e7a d\u2019hyper large \u00e0 une client\u00e8le sur plusieurs journ\u00e9es, je trouve \u00e7a hyper int\u00e9ressant.\u00a0\u00bb<\/p>\n<p>Mais le <strong>Lyon Street Food Festival 2025<\/strong>, ce n\u2019est pas seulement de la <strong>cuisine<\/strong>, c\u2019est aussi un ensemble de <strong>concerts<\/strong>, de <strong>cultures<\/strong>, d\u2019<strong>ateliers<\/strong> et de <strong>d\u00e9bats<\/strong>. Cette nouvelle \u00e9dition va venir renforcer cette branche du festival avec plus de <strong>60 concerts<\/strong> programm\u00e9s et plus de <strong>450 ateliers<\/strong>. <strong>Emeric Richard<\/strong> nous en dit un petit peu plus sur la <strong>programmation<\/strong>.<\/p>\n<p>Ecoutez aussi : <a href=\"https:\/\/www.lyondemain.fr\/ecombust-biocharbon-barbecue\/\" target=\"_blank\" rel=\"noreferrer noopener\">Ecombust : le biocharbon plus performant et plus \u00e9colo<\/a><\/p>\n<p>Des ateliers de cuisine et des concerts<\/p>\n<p>\u00ab\u00a0Les <strong>ateliers<\/strong>, on a une programmation qui est compl\u00e8tement dingue cette ann\u00e9e. Plus de <strong>470 ateliers participatifs<\/strong>. Il y aura des <strong>ateliers autour de la cuisine<\/strong>. Aussi des <strong>ateliers autour du vin<\/strong>, de l\u2019\u0153nologie. Il y aura aussi des <strong>ateliers autour de l\u2019art<\/strong> avec pas mal de choses. Donc, de tous les c\u00f4t\u00e9s. Et \u00e7a, c\u2019est un pilier vraiment important de notre \u00e9v\u00e9nement. \u00c7a f\u00e9d\u00e8re plus de <strong>250 structures culturelles<\/strong> de notre territoire. Et c\u2019est important pour nous d\u2019avoir cet \u00e9cosyst\u00e8me qui vient aussi prendre la lumi\u00e8re sur le <strong>festival<\/strong>.\u00a0\u00bb<\/p>\n<p>Parmi les nouveaut\u00e9s aussi, le <strong>Lyon Street Food Festival<\/strong> s\u2019installera aux <strong><a href=\"https:\/\/www.nuitsdefourviere.com\/\" target=\"_blank\" rel=\"noreferrer noopener\">Nuits de Fourvi\u00e8re<\/a><\/strong>. Avec un <strong>food truck<\/strong> pour r\u00e9galer vos papilles\u2026<\/p>\n<p>Ecoutez aussi : <a href=\"https:\/\/www.lyondemain.fr\/marche-des-sages-armee-du-salut\/\" target=\"_blank\" rel=\"noreferrer noopener\">March\u00e9 des Sages : un accompagnateur vers l\u2019autonomie\u2026<\/a><\/p>\n<p><img loading=\"lazy\" decoding=\"async\" width=\"1200\" height=\"675\" src=\"https:\/\/www.europesays.com\/fr\/wp-content\/uploads\/2025\/06\/Lyon-Street-Food-Festival-2025.jpg\" alt=\"Lyon Street Food Festival 2025\" class=\"wp-image-250114\"  \/><br \/>\nJ\u2019aime \u00e7a\u00a0:<\/p>\n<p>J\u2019aime chargement\u2026<\/p>\n<p><a class=\"sd-link-color\"\/><\/p>\n<p>\n\tArticles similaires\n<\/p>\n<p>\t\t\t\t<img decoding=\"async\" src=\"https:\/\/www.europesays.com\/fr\/wp-content\/uploads\/2025\/06\/1750576633_599_7866158698e17e8ed633c05e8f8e7fe5d9e057ad78661c4dc34e413abb6b9f19\" alt=\"G\u00e9rald Bouchon\"\/><\/p>\n<p>Pionnier des radios libres, passionn\u00e9 de radio, journaliste et dirigeant de m\u00e9dias \u00e9co-responsables..<\/p>\n<p>\t\t\t<script async src=\"\/\/www.instagram.com\/embed.js\"><\/script><\/p>\n","protected":false},"excerpt":{"rendered":"Il est de retour pour r\u00e9galer vos papilles ! Le Lyon Street Food Festival d\u00e9barque aux Grandes Locos&hellip;\n","protected":false},"author":2,"featured_media":195315,"comment_status":"","ping_status":"","sticky":false,"template":"","format":"standard","meta":{"footnotes":""},"categories":[1889],"tags":[1111,11,33399,2430,4156,902,33400,1777,674,849,1011,27,33401,33402,2428,33403,12,25,10479],"class_list":{"0":"post-195314","1":"post","2":"type-post","3":"status-publish","4":"format-standard","5":"has-post-thumbnail","7":"category-lyon","8":"tag-actu","9":"tag-actualites","10":"tag-atelier-de-cuisine","11":"tag-auvergne-rhone-alpes","12":"tag-concerts","13":"tag-cuisine","14":"tag-emeric-richard","15":"tag-eu","16":"tag-europe","17":"tag-festival","18":"tag-fr","19":"tag-france","20":"tag-jeremy-galvan","21":"tag-les-grandes-locos","22":"tag-lyon","23":"tag-lyon-street-food","24":"tag-news","25":"tag-republique-francaise","26":"tag-street-food"},"share_on_mastodon":{"url":"https:\/\/pubeurope.com\/@fr\/114725797517254998","error":""},"_links":{"self":[{"href":"https:\/\/www.europesays.com\/fr\/wp-json\/wp\/v2\/posts\/195314","targetHints":{"allow":["GET"]}}],"collection":[{"href":"https:\/\/www.europesays.com\/fr\/wp-json\/wp\/v2\/posts"}],"about":[{"href":"https:\/\/www.europesays.com\/fr\/wp-json\/wp\/v2\/types\/post"}],"author":[{"embeddable":true,"href":"https:\/\/www.europesays.com\/fr\/wp-json\/wp\/v2\/users\/2"}],"replies":[{"embeddable":true,"href":"https:\/\/www.europesays.com\/fr\/wp-json\/wp\/v2\/comments?post=195314"}],"version-history":[{"count":0,"href":"https:\/\/www.europesays.com\/fr\/wp-json\/wp\/v2\/posts\/195314\/revisions"}],"wp:featuredmedia":[{"embeddable":true,"href":"https:\/\/www.europesays.com\/fr\/wp-json\/wp\/v2\/media\/195315"}],"wp:attachment":[{"href":"https:\/\/www.europesays.com\/fr\/wp-json\/wp\/v2\/media?parent=195314"}],"wp:term":[{"taxonomy":"category","embeddable":true,"href":"https:\/\/www.europesays.com\/fr\/wp-json\/wp\/v2\/categories?post=195314"},{"taxonomy":"post_tag","embeddable":true,"href":"https:\/\/www.europesays.com\/fr\/wp-json\/wp\/v2\/tags?post=195314"}],"curies":[{"name":"wp","href":"https:\/\/api.w.org\/{rel}","templated":true}]}}