{"id":195317,"date":"2025-06-22T07:20:08","date_gmt":"2025-06-22T07:20:08","guid":{"rendered":"https:\/\/www.europesays.com\/fr\/195317\/"},"modified":"2025-06-22T07:20:08","modified_gmt":"2025-06-22T07:20:08","slug":"le-trafic-interrompu-plusieurs-heures-a-paris-en-seine-saint-denis-et-sur-toute-la-ligne","status":"publish","type":"post","link":"https:\/\/www.europesays.com\/fr\/195317\/","title":{"rendered":"le trafic interrompu plusieurs heures \u00e0 Paris, en Seine-Saint-Denis, et sur toute la ligne"},"content":{"rendered":"<p>            Par<br \/>\n        <strong><br \/>\n            <a href=\"https:\/\/actu.fr\/auteur\/redaction-paris\" title=\"Consulter tous les articles de R\u00e9daction Paris\" target=\"_blank\" rel=\"noopener\">R\u00e9daction Paris<\/a><br \/>\n        <\/strong><\/p>\n<p>        Publi\u00e9 le<\/p>\n<p>            22 juin 2025 \u00e0 8h46        <\/p>\n<p>Pour les plus f\u00eatards, le trajet du retour pourrait \u00eatre plus long que pr\u00e9vu. Au lendemain de la <strong>F\u00eate de la musique<\/strong>, le trafic de la ligne K, y compris entre <a href=\"https:\/\/actu.fr\/paris\/\" target=\"_blank\" rel=\"noopener\">Paris<\/a> et la <a href=\"https:\/\/actu.fr\/ile-de-france\/seine-saint-denis_93\" target=\"_blank\" rel=\"noopener\">Seine-Saint-Denis<\/a>, est interrompu <strong>plusieurs heures<\/strong> sur toute la ligne, ce dimanche 22\u00a0juin 2025, a annonc\u00e9 la <a href=\"https:\/\/actu.fr\/tag\/sncf\" target=\"_blank\" rel=\"noopener\">SNCF<\/a> sur le r\u00e9seau social X. La compagnie ferroviaire pr\u00e9cise qu\u2019il s\u2019agit d\u2019une r\u00e9percussion \u00ab\u2009\u00e0 un manque de personnel\u2009\u00bb.<\/p>\n<p>Des bus mis en place<\/p>\n<p class=\" wall-content\">L\u2019information a \u00e9t\u00e9 d\u00e9voil\u00e9e \u00e0 7\u00a0heures. Elle implique l\u2019arr\u00eat de la circulation des trains entre <a href=\"https:\/\/actu.fr\/tag\/gare-du-nord\" target=\"_blank\" rel=\"noopener\">Paris Gare du Nord<\/a> et Aulnay-sous-Bois, puis, d\u2019autres gares en <a href=\"https:\/\/actu.fr\/ile-de-france\/seine-et-marne_77\" target=\"_blank\" rel=\"noopener\">Seine-et-Marne<\/a> et dans l\u2019Oise. La SNCF a indiqu\u00e9 qu\u2019un car desservirait les gares interm\u00e9diaires entre <strong>Mitry Claye et Cr\u00e9py en Valois<\/strong> (Oise). Pour les personnes souhaitant se rendre \u00e0 la Gare du Nord, des TER circulent depuis Cr\u00e9py en Valois.<\/p>\n<p class=\" wall-content\">\n<p class=\" wall-content\">\n<p class=\" wall-content\">La reprise du trafic est estim\u00e9e \u00e0 partir de <strong>11\u00a0heures<\/strong>. En attendant, les voyageurs peuvent se rendre sur le site <a href=\"https:\/\/www.transilien.com\/\" target=\"_blank\" rel=\"noopener\">transilien.com<\/a> pour trouver une alternative.<\/p>\n<p class=\" wall-content\">Suivez toute l\u2019actualit\u00e9 de vos villes et m\u00e9dias favoris en vous inscrivant \u00e0 <a href=\"https:\/\/moncompte.actu.fr\" title=\"D\u00e9couvez Mon Actu\" rel=\"nofollow noopener\" data-trk=\"{&quot;cta&quot;:{&quot;action&quot;:&quot;https:\\\/\\\/moncompte.actu.fr&quot;,&quot;category&quot;:&quot;mon compte&quot;,&quot;from&quot;:&quot;article footer&quot;,&quot;name&quot;:&quot;Mon actu&quot;,&quot;type&quot;:&quot;cta&quot;}}\" target=\"_blank\">Mon Actu<\/a>.<\/p>\n","protected":false},"excerpt":{"rendered":"Par R\u00e9daction Paris Publi\u00e9 le 22 juin 2025 \u00e0 8h46 Pour les plus f\u00eatards, le trajet du retour&hellip;\n","protected":false},"author":2,"featured_media":195318,"comment_status":"","ping_status":"","sticky":false,"template":"","format":"standard","meta":{"footnotes":""},"categories":[1888],"tags":[1111,1928,11,1927,1777,674,1011,27,12,1926,626,1925,25,2215,104,2803],"class_list":{"0":"post-195317","1":"post","2":"type-post","3":"status-publish","4":"format-standard","5":"has-post-thumbnail","7":"category-paris","8":"tag-actu","9":"tag-actu-paris","10":"tag-actualites","11":"tag-actualites-paris","12":"tag-eu","13":"tag-europe","14":"tag-fr","15":"tag-france","16":"tag-news","17":"tag-news-paris","18":"tag-paris","19":"tag-paris-news","20":"tag-republique-francaise","21":"tag-sncf","22":"tag-societe","23":"tag-transport"},"share_on_mastodon":{"url":"https:\/\/pubeurope.com\/@fr\/114725809254058263","error":""},"_links":{"self":[{"href":"https:\/\/www.europesays.com\/fr\/wp-json\/wp\/v2\/posts\/195317","targetHints":{"allow":["GET"]}}],"collection":[{"href":"https:\/\/www.europesays.com\/fr\/wp-json\/wp\/v2\/posts"}],"about":[{"href":"https:\/\/www.europesays.com\/fr\/wp-json\/wp\/v2\/types\/post"}],"author":[{"embeddable":true,"href":"https:\/\/www.europesays.com\/fr\/wp-json\/wp\/v2\/users\/2"}],"replies":[{"embeddable":true,"href":"https:\/\/www.europesays.com\/fr\/wp-json\/wp\/v2\/comments?post=195317"}],"version-history":[{"count":0,"href":"https:\/\/www.europesays.com\/fr\/wp-json\/wp\/v2\/posts\/195317\/revisions"}],"wp:featuredmedia":[{"embeddable":true,"href":"https:\/\/www.europesays.com\/fr\/wp-json\/wp\/v2\/media\/195318"}],"wp:attachment":[{"href":"https:\/\/www.europesays.com\/fr\/wp-json\/wp\/v2\/media?parent=195317"}],"wp:term":[{"taxonomy":"category","embeddable":true,"href":"https:\/\/www.europesays.com\/fr\/wp-json\/wp\/v2\/categories?post=195317"},{"taxonomy":"post_tag","embeddable":true,"href":"https:\/\/www.europesays.com\/fr\/wp-json\/wp\/v2\/tags?post=195317"}],"curies":[{"name":"wp","href":"https:\/\/api.w.org\/{rel}","templated":true}]}}