{"id":195321,"date":"2025-06-22T07:22:34","date_gmt":"2025-06-22T07:22:34","guid":{"rendered":"https:\/\/www.europesays.com\/fr\/195321\/"},"modified":"2025-06-22T07:22:34","modified_gmt":"2025-06-22T07:22:34","slug":"fete-de-la-musique-2025-a-paris-par-arrondissement","status":"publish","type":"post","link":"https:\/\/www.europesays.com\/fr\/195321\/","title":{"rendered":"F\u00eate de la musique 2025 \u00e0 Paris par arrondissement"},"content":{"rendered":"<p> Ier arrondissement<\/p>\n<p><strong>Sc\u00e8ne en Seine<\/strong><br \/>Samedi 21 juin de 19h \u00e0 2h, Place Dauphine<br \/><a href=\"https:\/\/www.lepetitagenda.com\/fr\/evenements\/expo\/scene-en-seine-concert-gratuit\/\" target=\"_blank\" rel=\"noreferrer noopener\">En savoir plus<\/a><\/p>\n<p><strong>Grand Concert dans les Jardins du Carrousel du Louvre<\/strong><br \/>Samedi 21 juin de 21h \u00e0 00h30, dans les Jardins du Carrousel du Louvre, 6 Av. du G\u00e9n\u00e9ral Lemonnier<br \/>Grand concert gratuit sur r\u00e9servation.<br \/><a href=\"https:\/\/www.paris-friendly.fr\/grand-concert-fete-de-la-musique-france-music-week.html\" target=\"_blank\" rel=\"noreferrer noopener\">En savoir plus<br \/><\/a><br \/><strong>F\u00eate de la musique sous la Pyramide du Louvre<\/strong><br \/>Samedi 21 juin \u00e0 22h, Louvre, 99 rue de Rivoli\u00a0<br \/>Concert de \u00a0l\u2019Orchestre de Paris dirig\u00e9 par Klaus M\u00e4kel\u00e4. Gratuit sur r\u00e9servation.<br \/><a href=\"https:\/\/www.louvre.fr\/expositions-et-evenements\/evenements-activites\/fete-de-la-musique-sous-la-pyramide\" target=\"_blank\" rel=\"noreferrer noopener\">En savoir plus<\/a><\/p>\n<p><strong>Clemence de Tournemire : \u201cHommage \u00e0 Sarah Vaughan\u201d\u00a0et le Quartet de Laurent Courthaliac<\/strong><br \/>Samedi 21 juin \u00e0 partir de 18h au Sunset Sunside, 60 rue des Lombards<br \/>Le Sunset Sunside vous propose deux concerts : un <a href=\"https:\/\/www.sunset-sunside.com\/concert\/clemence-de-tournemire-quartet-fete-de-la-musique\/\" target=\"_blank\" rel=\"noreferrer noopener\">hommage aux grandes voix du jazz<\/a> et un hommage \u00e0 Duke Ellington et une jam session avec <a href=\"https:\/\/www.sunset-sunside.com\/concert\/round-midnight-jam-session-avec-laurent-courthaliac-quartet\/\" target=\"_blank\" rel=\"noreferrer noopener\">Laurent Courthaliac<\/a>. L\u2019entr\u00e9e est gratuite mais la consommation obligatoire.<\/p>\n<p><strong>L\u2019Ile de Tulipatan d\u2019Offenbach par la troupe Les Bavards<\/strong><br \/>Samedi 21 juin \u00e0 partir de 19h place Colette<br \/><a href=\"https:\/\/www.lesbavards.net\/\" target=\"_blank\" rel=\"noreferrer noopener\">En savoir plus<\/a><\/p>\n<p><strong>Festival 36 heures de l\u2019Eglise Saint-Eustache<br \/><\/strong>Samedi 21 juin de 12h \u00e0 21h, 2 Impasse Saint-Eustache<br \/><a href=\"https:\/\/www.facebook.com\/events\/357320107152253\/?ref=newsfeed&amp;locale=fr_FR%20\" target=\"_blank\" rel=\"noreferrer noopener\">En savoir plus<\/a><br \/><a href=\"https:\/\/www.lesbavards.net\/\" target=\"_blank\" rel=\"noreferrer noopener\"><strong><br \/><\/strong><\/a><strong>Concert des cuivres des gardiens de la Paix de la pr\u00e9fecture de Paris.<\/strong><br \/>Samedi 21 juin \u00e0 21h Eglise Saint-Roch 296 rue Saint-Honor\u00e9<br \/><a href=\"https:\/\/www.paroissesaintroch.fr\/agenda-2\/\" target=\"_blank\" rel=\"noreferrer noopener\">En savoir plus<\/a><\/p>\n<p><strong>Total Praise Mass Choir<br \/><\/strong>Samedi 21 juin \u00e0 20h Place Vend\u00f4me <br \/>Concert de Gospel sur la Place Vend\u00f4me<br \/><a href=\"https:\/\/www.instagram.com\/p\/DK_gqDFolNv\/?hl=fr\" target=\"_blank\" rel=\"noreferrer noopener\">En savoir plus<\/a><\/p>\n<p>III\u00e8me arrondissement<\/p>\n<p><strong>Concert de Lork\u00ea Lork\u00ea. Oriental Electric<br \/><\/strong>Samedi 21 juin de 21\u00a0h \u00e0 23\u00a0h Mus\u00e9e d\u2019art et d\u2019histoire du Juda\u00efsme (mahJ), 71, rue du Temple<br \/><a href=\"https:\/\/www.paris.fr\/evenements\/fete-de-la-musique-2025-lorke-lorke-oriental-electric-80873\" target=\"_blank\" rel=\"noreferrer noopener\">En savoir plus<\/a><\/p>\n<p><strong>Midsommar et F\u00eate de la musique \u00e0 l\u2019Institut su\u00e9dois<br \/><\/strong>Samedi 21 juin de 17h30 \u00e0 22h30, Institut su\u00e9dois 11, rue Elz\u00e9vir<br \/>Au programme : trois concerts par Juno Francis, Tomode et Olof Dreijer.<br \/><a href=\"https:\/\/paris.si.se\/agenda\/midsommar-fete-de-la-musique-3\/\" target=\"_blank\" rel=\"noreferrer noopener\">En savoir plus<\/a><\/p>\n<p><strong>Concert aux Archives Nationales<\/strong><br \/>Samedi 21 juin de 13h \u00e0 19h, H\u00f4tel de Soubise, 60 rue des Francs-Bourgeois<br \/><a href=\"https:\/\/www.offi.fr\/concerts\/archives-nationales-3615\/celebrons-la-musique-3008045.html\" target=\"_blank\" rel=\"noreferrer noopener\">En savoir plus<\/a><\/p>\n<p>IV\u00e8me arrondissement<\/p>\n<p><strong>Concert de Chenji &amp; KaeL et des Marx Sisters<\/strong><br \/>Samedi 21 juin de 18\u00a0h \u00e0 22\u00a0hau M\u00e9morial de la Shoah, 17, rue Geoffroy l\u2019Asnier<br \/><a href=\"https:\/\/www.paris.fr\/evenements\/concert-fete-de-la-musique-chenji-kael-et-marx-sisters-84133\" target=\"_blank\" rel=\"noreferrer noopener\">En savoir plus<\/a><\/p>\n<p><strong>Jam session swing\u00a0<\/strong><br \/>Samedi 21 juin \u00e0 23h \u00e0 1h30 au 38Riv, 38, rue de rivoli<br \/>La session est anim\u00e9e par Benjamin Dousteyssier.<br \/><a href=\"https:\/\/38riv.com\/concerts\/jam-session-jazz-par-benjamin-dousteyssier\" target=\"_blank\" rel=\"noreferrer noopener\">En savoir plus<\/a><\/p>\n<p><strong>F\u00eate des musiques \u00e0 l\u2019Acad\u00e9mie du Climat<\/strong><br \/>Samedi 21 juin  \u00e0 l\u2019Acad\u00e9mie du Climat 2 place Baudoyer<br \/>Au programme : table ronde sur l\u2019\u00e9cologie, performances, concert de l\u2019Orchestre du Nouveau Monde, \u2026\u00a0<br \/><a href=\"https:\/\/www.paris.fr\/evenements\/fete-des-musiques-a-l-academie-du-climat-87964\" target=\"_blank\" rel=\"noreferrer noopener\">En savoir plus<\/a><\/p>\n<p><strong>Concert de l\u2019Orchestre de Miroslav \u0110unisijevi\u0107<\/strong><br \/>Samedi 21 juin \u00e0 partir de 20h au Centre culturel de Serbie, 123, rue Saint-Martin<br \/><a href=\"https:\/\/ccserbie.com\/fr\/programme\/concerts\/f-te-de-la-musique-2025-orchestre-de-miroslav-dunisijevic\/\" target=\"_blank\" rel=\"noreferrer noopener\">En savoir plus<\/a><\/p>\n<p>V\u00e8me arrondissement<\/p>\n<p><strong>Concert place de la Contrescarpe<br \/><\/strong>Samedi 21 juin \u00e0 19h, Place de la Contrescarpe<br \/>Venez d\u00e9couvrir le groupe Grands-M\u00e8res au Soleil et d\u2019autres artistes.<br \/><a href=\"https:\/\/paris.evous.fr\/evenement\/fete-de-la-musique-2025-concert-pop-rock-place-de-la-contrescarpe.html#google_vignette\" target=\"_blank\" rel=\"noreferrer noopener\">En savoir plus<\/a><\/p>\n<p><strong>F\u00eate de la Musique 2025 au Centre Culturel Irlandais<\/strong><br \/>Samedi 21 juin de e 18\u00a0h \u00e0 22\u00a0h au Centre Culturel Irlandais, 5 rue des irlandais<br \/>Trois groupes seront pr\u00e9sent au centre culturel pour cette f\u00eate de la musique : Lullahush, Polca 4 et Pillow Queens.<br \/><a href=\"https:\/\/www.paris.fr\/evenements\/fete-de-la-musique-2024-au-centre-culturel-irlandais-62757\" target=\"_blank\" rel=\"noreferrer noopener\">En savoir plus<\/a><\/p>\n<p><strong>Le karaok\u00e9 de la libert\u00e9<\/strong><br \/>Samedi 21 juin de 19h \u00e0 0h, Institut du Monde Arabe, 1, rue des Foss\u00e9s Saint-Bernard<br \/>Au programme : karaok\u00e9 g\u00e9ant, dj set, danses, \u2026<br \/><a href=\"https:\/\/www.imarabe.org\/fr\/agenda\/evenements-exceptionnels\/fete-musique-2025-karaoke-liberte\" target=\"_blank\" rel=\"noreferrer noopener\">En savoir plus<\/a><\/p>\n<p><strong>Concert du groupe Raspy Junkers <\/strong><br \/>Samedi 21 juin \u00e0 20h Place Saint-Michel<br \/><a href=\"https:\/\/www.instagram.com\/p\/DK9ti1gNytR\/\" target=\"_blank\" rel=\"noreferrer noopener\">En savoir plus<strong><br \/><\/strong><\/a><\/p>\n<p>VI\u00e8me arrondissement<\/p>\n<p><strong>Carmen par le Ch\u0153ur Saint-Germain<\/strong><br \/>Samedi 21 juin \u00e0 14h au Conservatoire Municipal Jean-Philippe Rameau 3 Ter rue Mabillon<br \/>Concert en hommage \u00e0 Georges Bizet sous la direction de Xavier Le Mar\u00e9chal et accompagn\u00e9 au piano par \u00a0Louis Dechambre.<br \/><a href=\"https:\/\/www.paris.fr\/evenements\/fete-de-la-musique-bizet-2025-84144\" target=\"_blank\" rel=\"noreferrer noopener\">En savoir plus<\/a><\/p>\n<p><strong>F\u00eate de la musique en famille \u00e0 la mairie<\/strong><br \/>Samedi 21 juin de 9h30 \u00e0 12h30, Mairie du VI\u00e8me,\u00a078 rue Bonaparte<br \/>La mairie propose des activit\u00e9s gratuites pour les enfants.<br \/><a href=\"https:\/\/mairie06.paris.fr\/pages\/la-petite-enfance-fete-la-musique-31404\" target=\"_blank\" rel=\"noreferrer noopener\">En savoir plus<\/a><\/p>\n<p>VII\u00e8me arrondissement<\/p>\n<p><strong>Concerts sur le th\u00e8me du Br\u00e9sil au Minist\u00e8re de l\u2019\u00c9ducation<\/strong><br \/>Samedi 21 juin \u00e0 partir de 15h30 de H\u00f4tel de Rochechouart,\u00a0110 rue de Grenelle<strong><br \/><\/strong><a href=\"https:\/\/www.education.gouv.fr\/fete-de-la-musique-4805\" target=\"_blank\" rel=\"noreferrer noopener\">En savoir plus<\/a><\/p>\n<p><strong>Concert du choeur Seoul Catholic Singers<\/strong><br \/>Samedi 21 juin \u00e0 20h30 M128 \u2013 Missions Etrang\u00e8res de Paris, 128 rue du Bac<br \/><a href=\"https:\/\/missionsetrangeres.com\/evenement\/concert-fete-de-la-musique\/\" target=\"_blank\" rel=\"noreferrer noopener\">En savoir plus<\/a><\/p>\n<p><strong>Concerts au Minist\u00e8re des Outres-Mers<\/strong><br \/>Samedi 21 juin, Minist\u00e8re des outre-mer, 27 rue Oudinot<br \/>Sur inscription.<br \/><a href=\"https:\/\/www.outre-mer.gouv.fr\/fete-de-la-musique\/fete-de-la-musique-2025-les-artistes\" target=\"_blank\" rel=\"noreferrer noopener\">En savoir plus<\/a><\/p>\n<p><strong>Concert de Planet House<\/strong><br \/>Samedi 21 juin \u00e0 partir de 18h, sur les quais du Concorde Atlantique, Port de Solf\u00e9rino<br \/>Sur r\u00e9servation.<br \/><a href=\"https:\/\/www.instagram.com\/p\/DJRo9m7oZ50\/\" target=\"_blank\" rel=\"noreferrer noopener\">En savoir plus<\/a><\/p>\n<p><strong>Animation \u00e0 la mairie du VII\u00e8me <\/strong><br \/>Samedi 21 juin \u00e0 partir de 18h30, Mairie du VII\u00e8me, Rue Cler<br \/>Au progamme : pique-nique et musique<strong><br \/><\/strong><a href=\"https:\/\/mairie07.paris.fr\/pages\/fete-de-la-musique-14194\" target=\"_blank\" rel=\"noreferrer noopener\">En savoir plus<\/a><\/p>\n<p>VIII\u00e8me arrondissement<\/p>\n<p><strong>Concerts \u00e0 la Cath\u00e9drale am\u00e9ricaine de Paris<\/strong><br \/>Samedi 21 juin de 19h \u00e0 22h, 23 avenue George V<br \/>Au programme : Choral Evensong et Jazz Vespers\u00a0<br \/><a href=\"https:\/\/amcathparis.com\/eventscalendar\/choral-evensong-for-fete-de-la-musique\" target=\"_blank\" rel=\"noreferrer noopener\">En savoir plus<\/a><\/p>\n<p><strong>Op\u00e9ra au mus\u00e9e Jacquemart-Andr\u00e9<\/strong><br \/>Samedi 21 juin au Mus\u00e9e Jacquemart-Andr\u00e9, 158 boulevard Haussmann\u00a0<br \/>Spectacle d\u2019Op\u00e9ra au sein du mus\u00e9e. Attention l\u2019entr\u00e9e est payante et sur r\u00e9servation.<br \/><a href=\"https:\/\/opera-palazzo.com\/spectacle\/rigoletto-au-musee-jacquemart-andre\/\" target=\"_blank\" rel=\"noreferrer noopener\">En savoir plus<\/a><\/p>\n<p><strong>Concert de la Sanctuary Choir\u00a0<\/strong><br \/>Samedi 21 juin \u00e0 20h \u00e0 l\u2019\u00c9glise Saint-Philippe-du-Roule, 9 rue de Courcelles<br \/>Concert gratuit de la Sanctuary Choir de l\u2019\u00c9glise Presbyt\u00e9rienne de Bryn Mawr (Pennsylvanie, USA), sous la direction de Jeffrey Brillhart.<br \/><a href=\"https:\/\/www.lepetitagenda.com\/fr\/evenements\/expo\/concert-du-choeur-de-leglise-presbyterienne-de-bryn-mawr-pennsylvanie-3291622\/\" target=\"_blank\" rel=\"noreferrer noopener\">En savoir plus<\/a><\/p>\n<p><strong>F\u00eate de la Musique \u00e0 la Biblioth\u00e8que musicale La Grange-Fleuret<\/strong><br \/>Samedi 21 juin \u00e0 16h et 17h30, Biblioth\u00e8que musicale La Grange-Fleuret, 11bis Rue V\u00e9zelay<br \/>Concert de musique de chambre. Sur r\u00e9servation.<br \/><a href=\"https:\/\/www.billetweb.fr\/pro\/blgf\" target=\"_blank\" rel=\"noreferrer noopener\">En savoir plus<\/a><\/p>\n<p>IX\u00e8me arrondissement<\/p>\n<p><strong>Concert des \u00e9l\u00e8ves du Centre Cr\u00e9Art\u00e9\u00a0<br \/><\/strong>Samedi 21 juin de 15h \u00e0 17h au Square d\u2019Anvers \u2013 Jean-Claude Carri\u00e8re, 10 bis avenue Trudaine<br \/><a href=\"https:\/\/www.paris.fr\/evenements\/fete-de-la-musique-concert-square-d-anvers-9eme-arr-87230\" target=\"_blank\" rel=\"noreferrer noopener\">En savoir plus<\/a><strong\/><\/p>\n<p>F\u00eate la musique \u00e0 l\u2019Olympia<br \/>Samedi 21 juin de 20h \u00e0 12h \u00e0 L\u2019Olympia, 28, boulevard des Capucines<br \/>France inter vous propose de venir \u00e9couter les artistes : Georgio, Yam\u00ea, Benjamin Biolay, et Clara Luciani. Entr\u00e9e libre et gratuite.<br \/><a href=\"https:\/\/www.olympiahall.com\/agenda\/fete-de-la-musique\/\" target=\"_blank\" rel=\"noreferrer noopener\">En savoir plus<\/a><\/p>\n<p><strong>Concert de Paris Mozart Orchestra<\/strong><br \/>Samedi 21 juin \u00e0 20h, Mairie du IX\u00e8me, \u00a06 rue Drouot<br \/><a href=\"https:\/\/mairie09.paris.fr\/pages\/fete-de-la-musique-concert-de-paris-mozart-orchestra-31572\" target=\"_blank\" rel=\"noreferrer noopener\">En savoir plus<\/a><\/p>\n<p>X\u00e8me arrondissement<\/p>\n<p><strong>F\u00eate de la musique au centre Paris Anim<br \/><\/strong>Samedi 21 juin 2025 de 15\u00a0h \u00e0 21\u00a0h au Centre Paris Anim\u2019 Jean Verdier 11 rue de Lancry<br \/>Au programme : swing, rap, dj set, \u2026 <br \/><a href=\"https:\/\/www.paris.fr\/evenements\/fete-de-la-musique-86666\" target=\"_blank\" rel=\"noreferrer noopener\">En savoir plus<\/a><\/p>\n<p><strong>\u00ab\u00a0Sounds of Now\u00a0\u00bb, le Br\u00e9sil s\u2019invite \u00e0 la F\u00eate de la musique<\/strong><br \/>Samedi 21 juin \u00e0 partir de 18h, Le Verre Taquin, 22 rue Juliette Dodu<br \/>Au programme : des danseurs comme le groupe Bonde das Maravilhas, des djs comme Broodoo Ramses, Andy 4000 ou encore Ramon Successo, etc.<br \/><a href=\"https:\/\/dice.fm\/event\/oe6kam-sounds-of-now-21st-jun-le-verre-taquin-paris-tickets?lng=fr\" target=\"_blank\" rel=\"noreferrer noopener\">En savoir plus<\/a><\/p>\n<p>XI\u00e8me arrondissement<\/p>\n<p><strong>F\u00eate de la musique au Dauphin<br \/><\/strong>Samedi 21 juin \u00e0 partir de 13h, LE DAUPHIN, 131 avenue Parmentier<br \/>Au programme : pan Bagnats et dj sets<br \/><a href=\"https:\/\/www.instagram.com\/ledauphin_restaurant\/\" target=\"_blank\" rel=\"noreferrer noopener\">En savoir plus<\/a><\/p>\n<p><strong>Hip Hop Block Party<br \/><\/strong>Samedi 21 juin de 18h \u00e0 2h, \u00e0 l\u2019Impasse Saint-S\u00e9bastien<br \/>F\u00eate organis\u00e9e par l\u2019association Righteous et le Rush Bar. <br \/><a href=\"https:\/\/www.facebook.com\/events\/impasse-saint-s%C3%A9bastien-75011-paris-france\/hip-hop-block-party-f%C3%AAte-de-la-musique-2025\/2744777535706506\/\" target=\"_blank\" rel=\"noreferrer noopener\">En savoir plus<\/a><\/p>\n<p><strong>Musique \u00e0 la Mairie du XI\u00e8me<\/strong><br \/>Samedi 21 juin \u00e0 partir de 16h 12 place L\u00e9on Blum<br \/><a href=\"https:\/\/cdn.paris.fr\/paris\/2025\/06\/12\/affiche-fete-de-la-musique-2005-1-compresse-Elv1.pdf\" target=\"_blank\" rel=\"noreferrer noopener\">Voir le programme<\/a><\/p>\n<p>XII\u00e8me arrondissement<\/p>\n<p><strong>La F\u00eate de la musique au Palais de la Porte Dor\u00e9e<\/strong><br \/>Samedi 21 juin 2025 \u00e0 partir de 19h30 au Palais de la Porte Dor\u00e9e, 293 avenue Daumesnil<br \/>Venez d\u00e9couvrir le rappeur Roc\u00e9 et les artistes Ryaam, Nayra, Maya Kamaty et Willaxxx. Gratuit dans la limite des places disponibles. <br \/><a href=\"https:\/\/www.palais-portedoree.fr\/programmation\/concert\/la-fete-de-la-musique-2025\" target=\"_blank\" rel=\"noreferrer noopener\">En savoir plus<\/a><\/p>\n<p><strong>R\u00e9p\u00e9th\u00e8que\u00a0de Laurent Doucet<\/strong><br \/>Samedi 21 juin de 16h \u00e0 17h30, M\u00e9diath\u00e8que H\u00e9l\u00e8ne Berr, 70 rue de Picpus<br \/>Venez \u00e9couter et \u00e9changer avec l\u2019artiste Laurent Doucet \u00e0 l\u2019occasion de sa r\u00e9p\u00e9th\u00e8que.<br \/><a href=\"https:\/\/www.paris.fr\/evenements\/concert-repetheque-laurent-doucet-81955\" target=\"_blank\" rel=\"noreferrer noopener\">En savoir plus<\/a><\/p>\n<p><strong>Les sc\u00e8nes \u00e9lectros par Bakery Session<\/strong><br \/>Samedi 21 juin de 17h30 \u00e0 20h, Leonie Bakery Paris, 2 Pass. Jaqueline Giraud<br \/>Dj set au sein d\u2019une boulangerie artisanale.<br \/><a href=\"https:\/\/france-music-week.com\/fr\/events\/les-scenes-electro-par-bakery-session\/\" target=\"_blank\" rel=\"noreferrer noopener\">En savoir plus<\/a><\/p>\n<p><a href=\"https:\/\/mairie12.paris.fr\/pages\/le-21-juin-le-12eme-fete-la-musique-programmation-31509\" target=\"_blank\" rel=\"noreferrer noopener\">Voir le programme dans l\u2019arrondissement<\/a><\/p>\n<p>XIII\u00e8me arrondissement<\/p>\n<p><strong>Concert de Dieg\u2019s Away<\/strong><br \/>Samedi 21 juin \u00e0 20h \u00e0 la Butte aux Cailles, 26 rue Michal<br \/><a href=\"https:\/\/www.jds.fr\/paris\/concerts\/fete-de-la-musique\/dieg-s-away-a-la-butte-aux-cailles-1034376_A\" target=\"_blank\" rel=\"noreferrer noopener\">En savoir plus<\/a><\/p>\n<p><strong>Concert de Neptunium \u2013 quatuor de guitares<\/strong><br \/>Samedi 21 juin de 16h \u00e0 17h \u00e0 la M\u00e9diath\u00e8que Jean-Pierre Melville, 79 rue Nationale<br \/><a href=\"https:\/\/www.paris.fr\/evenements\/fete-de-la-musique-concert-de-neptunium-quatuor-de-guitares-81777\" target=\"_blank\" rel=\"noreferrer noopener\">En savoir plus<\/a><\/p>\n<p><strong>Block Party<\/strong><br \/>Samedi 21 juin \u00e0 partir de 18h devanr le Djoon, 22 Boulevard Vincent Auriol<br \/><a href=\"https:\/\/www.facebook.com\/events\/1252411329852397\/\" target=\"_blank\" rel=\"noreferrer noopener\">En savoir plus<\/a><\/p>\n<p><strong>BLOCK PARTY 13<\/strong><br \/>Samedi 21 juin, de 15h \u00e0 23h, Parc de Choisy<br \/>Cette block party est organis\u00e9e par l\u2019association Entreprises 13 et le collectif Tiger Bomb<br \/><a href=\"https:\/\/mairie13.paris.fr\/pages\/treize-estival-21207\" target=\"_blank\" rel=\"noreferrer noopener\">En savoir plus<\/a><br \/><strong><br \/>Maison de la Vie Associative et Citoyenne<\/strong><br \/>Samedi 21 juin de 14h \u00e0 18h, 31 rue Bobillot<br \/>Au programme : animations, concert, \u2026<br \/><a href=\"https:\/\/mairie13.paris.fr\/pages\/la-mvac-en-fete-31502\" target=\"_blank\" rel=\"noreferrer noopener\">En savoir plus<\/a><\/p>\n<p>XIV\u00e8me arrondissement<\/p>\n<p><strong>Concert \u00e0 la Cit\u00e9 Universitaire<\/strong><br \/>Samedi 21 juin de 15h \u00e0 1h30 \u00e0 la Cit\u00e9 Universitaire, 17 boulevard Jourdan<br \/>Dj sets et musique du monde propos\u00e9s dans le cadre du week-end du centenaire de la Cit\u00e9 Universitaire.<br \/><a href=\"https:\/\/www.ciup.fr\/week-end-festif-du-centenaire-concert-et-parcours-dart-numerique\/\" target=\"_blank\" rel=\"noreferrer noopener\">En savoir plus<\/a><\/p>\n<p><strong>F\u00eate de la musique \u201cZik 14\u201d<\/strong><br \/>Samedi 21 juin \u00e0 partir de 17h, Centre socioculturel Maurice Nogu\u00e8s, Place Marthe Simard<br \/><a href=\"https:\/\/www.paris.fr\/evenements\/fete-de-la-musique-zik-14-86642\" target=\"_blank\" rel=\"noreferrer noopener\">En savoir plus<\/a><\/p>\n<p><strong>F\u00eate de la musique au Poin\u00e7on<\/strong><br \/>Samedi 21 juin le Poin\u00e7on, 124 avenue du G\u00e9nr\u00e9ral Leclerc<br \/>Soir\u00e9e latino. Entr\u00e9e gratuite de 22h30 \u00e0 2h.<br \/><a href=\"https:\/\/www.paris.fr\/evenements\/fete-de-la-musique-caliente-a-poincon-86302\" target=\"_blank\" rel=\"noreferrer noopener\">En savoir plus<\/a><\/p>\n<p><strong>Concert des Chiens T\u00eate en Bas\u00a0<\/strong><br \/>Samedi 21 juin \u00e0 19h, Jardin de l\u2019Aqueduc, entre la rue Thomas Francine et la rue de l\u2019Empereur Valentinien<br \/><a href=\"https:\/\/www.paris.fr\/evenements\/fete-de-la-musique-au-jardin-de-l-aqueduc-86258\" target=\"_blank\" rel=\"noreferrer noopener\">En savoir plus<\/a><\/p>\n<p><strong>Nager en musique \u00e0 la piscine Th\u00e9r\u00e8se et Jeanne Brul\u00e9<\/strong><br \/>Samedi 21 juin Piscine Th\u00e9r\u00e8se et Jeanne Brul\u00e9, 1, place Edith Thomas<br \/><a href=\"https:\/\/www.piscine-brule.com\/\" target=\"_blank\" rel=\"noreferrer noopener\">En savoir plus<\/a><\/p>\n<p><strong>F\u00eate de la musique avec La Cop1ne x la MPAA Broussais<\/strong><br \/>Samedi 21 juin de 18h \u00e0 12h30, Place Alice Guy, 1 Place Alice Guy<br \/>Concerts organis\u00e9s par la cantine solidaire La Cop1ne  et  l\u2019\u00e9tablissement culturel la Maison des pratiques Artistiques et Amateurs\u00a0Broussais.<br \/><a href=\"https:\/\/www.instagram.com\/p\/DKrJ4I7omeH\/?utm_source=ig_web_copy_link\" target=\"_blank\" rel=\"noreferrer noopener\">En savoir plus<\/a><\/p>\n<p>XV\u00e8me arrondissement<\/p>\n<p><strong> EF Festival devant la mairie du XV\u00e8me<\/strong><\/p>\n<p>Samedi 21 juin de 18h \u00e0 12h sur le parvis de la Mairie du XV\u00e8me, 31, rue Peclet<br \/>Attention, l\u2019\u00e9v\u00e9nement est gratuit mais sur inscription.<br \/><a href=\"https:\/\/www.fetedelamusique-paris.fr\/\" target=\"_blank\" rel=\"noreferrer noopener\">En savoir plus<\/a><\/p>\n<p><strong>Concert de la Chorale f\u00e9minine Sono Solo Canzonette<\/strong><br \/>Samedi 21 juin \u00e0 17h au Kiosque du Square Violet, 4 Place Violet<br \/><a href=\"https:\/\/www.paris.fr\/evenements\/chants-d-italie-pour-la-fete-de-la-musique-86024\" target=\"_blank\" rel=\"noreferrer noopener\">En savoir plus<\/a><\/p>\n<p><strong>Marathon-relais de piano<\/strong><br \/>Samedi 21 juin de 14\u00a0h 30 \u00e0 18\u00a0h \u00e0 la M\u00e9diath\u00e8que Marguerite Yourcenar, 41, rue d\u2019Alleray<br \/>Sc\u00e8ne ouverte sur les pianistes. Sur inscription.<br \/><a href=\"https:\/\/www.paris.fr\/evenements\/fete-de-la-musique-marathon-relais-de-piano-82267\" target=\"_blank\" rel=\"noreferrer noopener\">En savoir plus<\/a><\/p>\n<p>XVI\u00e8me arrondissement<\/p>\n<p><strong>Soir\u00e9e 100% cambodgienne au Mus\u00e9e Guimet<\/strong><br \/>Samedi 21 juin de 15h30 \u00e0 22\u00a0h, Mus\u00e9e Guimet, 6 place d\u2019I\u00e9na<br \/>Au programme : musique \u00e9lectro avec Danisa, Maggie Tra\u00a0et\u00a0EVK,\u00a0, musiques traditionnelles, \u2026 <br \/><a href=\"https:\/\/www.guimet.fr\/fr\/activites-visites\/khmer-vibes-une-fete-de-la-musique-100-cambodge\" target=\"_blank\" rel=\"noreferrer noopener\">En savoir plus<\/a><\/p>\n<p><strong>Concert du conservatoire du XVI\u00e8me arrondissement<\/strong><br \/>Samedi 21 juin \u00e0 partir de 18h, 11bis rue d\u2019Auteuil<br \/><a href=\"https:\/\/conservatoires.paris.fr\/p\/6566-fete-de-la-musique-mairie-du-16eme-concert-au-11-bis-rue-d-auteuil\" target=\"_blank\" rel=\"noreferrer noopener\">En savoir plus<\/a><\/p>\n<p>XVII\u00e8me arrondissement<\/p>\n<p><strong>Concert de musiques du monde<\/strong><br \/>Samedi 21 juin \u00e0 18h, \u00a0Placette Louis Loucheur, 28 Boulevard Bessi\u00e8re\u00a0<br \/><a href=\"https:\/\/www.jds.fr\/paris\/concerts\/fete-de-la-musique\/musique-du-monde-1034621_A\" target=\"_blank\" rel=\"noreferrer noopener\">En savoir plus<\/a><\/p>\n<p><strong>La Guinguette du 17\u00a0!<\/strong><br \/>Samedi 21 juin de 16h30 \u00e0 19h00 sur la Promenade Pereire\u00a0<br \/>Au programme : ateliers sculptures et maquillage, barbe \u00e0 papa, \u2026<br \/><a href=\"https:\/\/mairie17.paris.fr\/pages\/fete-de-la-musique-rendez-vous-a-la-guinguette-du-17-31342\" target=\"_blank\" rel=\"noreferrer noopener\">En savoir plus<\/a><br \/><a href=\"https:\/\/mairie17.paris.fr\/pages\/fete-de-la-musique-rendez-vous-a-la-guinguette-du-17-31342\" target=\"_blank\" rel=\"noreferrer noopener\"><br \/><\/a><a href=\"https:\/\/mairie17.paris.fr\/pages\/le-17e-celebre-la-fete-de-la-musique-24070\" target=\"_blank\" rel=\"noreferrer noopener\">Les \u00e9v\u00e9nements dans le XVII\u00e8me<\/a><\/p>\n<p>XVIII\u00e8me<\/p>\n<p><strong>F\u00eate de la musique avec La REcyclerie et le collectif international MOONSHINE\u00a0<\/strong><br \/>Samedi 21 juin de 18\u00a0h \u00e0 2\u00a0h \u00e0 La REcyclerie, 83 boulevard Ornano<br \/>Au programme : c\u00e9l\u00e9bration de la musique africaine : afrohouse, bouyon, kompa etc le tout dans le cadre de la Petite Ceinture.<br \/><a href=\"https:\/\/moonshine.mu\/shop\/moonshine-paris-special-fete-de-la-musique\/\" target=\"_blank\" rel=\"noreferrer noopener\">En savoir plus<\/a><\/p>\n<p><strong>F\u00eate de la musique \u00e0 Plantation Paris<\/strong><br \/>Samedi 21 juin<br \/>Venez d\u00e9couvrir ce nouveau Rooftop avec une soir\u00e9e autour de l\u2019Alg\u00e9rie avec l\u2019association Icossium Art, le collectif Day Z, le Ballet Nord Africain, \u2026 <br \/><a href=\"https:\/\/www.plantation.paris\/%C3%A9v%C3%A9nement\/fete-de-la-musique\/\" target=\"_blank\" rel=\"noopener\">En savoir plus<br \/><\/a><br \/><a href=\"https:\/\/www.montmartre-addict.com\/article\/fete-de-la-musique\/\" target=\"_blank\" rel=\"noreferrer noopener\">Programme de la F\u00eate de la Musique \u00e0 Montmartre<\/a><\/p>\n<p>XIX\u00e8me arrondissement<\/p>\n<p><strong>Concert dans les Kiosques des squares Serge Reggiani et Monseigneur Maillet<br \/><\/strong>Samedi 21 juin \u00e0 partir de 17h30 au Square Serge Reggiani, place de Bitche et \u00e0 16h30 square Monseigneur Maillet, place des F\u00eates<br \/>Sc\u00e8ne ouverte au square Serge Reggiani  organis\u00e9e par l\u2019association \u201cVagabond Vibes,\u00a0Kisoque en F\u00eate\u00a0!\u201d.  Concert du groupe Zikapanam au square Monseigneur Maillet.<br \/><a href=\"https:\/\/mairie19.paris.fr\/pages\/kiosques-en-fete-profitez-de-la-saison-2022-dans-le-19e-21191#kiosque-du-square-serge-reggiani\" target=\"_blank\" rel=\"noreferrer noopener\">En savoir plus<\/a><strong\/><\/p>\n<p>F\u00eate de la musique au Babour Sauvage\u00a0<br \/>Samedi 21 juin \u00e0 partir de 18h, Cabaret du Babour Sauvage 59 Bd MacDonald<br \/>Au programme : DJ Spen, Bande de Filles, Still Drey &amp; Romain Dafalgang,\u2026 <br \/><a href=\"https:\/\/www.paris.fr\/evenements\/fete-de-la-musique-dj-spen-bande-de-filles-still-drey-romain-dafalgang-86379\" target=\"_blank\" rel=\"noreferrer noopener\">En savoir plus<br \/><\/a><\/p>\n<p><strong>F\u00eate de la Musique au Jardin21<\/strong> <br \/>Samedi 21 juin de 21h \u00e0 4h, Jardin21, 12A rue Ella Fitzgerald<br \/>Au porgramme : Dj sets et drag shows. <br \/><a href=\"https:\/\/www.paris.fr\/evenements\/fete-de-la-musique-au-jardin21-freaks-de-la-musique-open-air-85832\" target=\"_blank\" rel=\"noreferrer noopener\">En savoir plus<\/a><\/p>\n<p><strong>Sc\u00e8ne ouverte \u00e0 la biblioth\u00e8que Herg\u00e9<\/strong><br \/>Samedi 21 juin de 15h \u00e0 17h, biblioth\u00e8que Herg\u00e9, 2 rue du D\u00e9partement<br \/>L\u2019inscription est conseill\u00e9e.<br \/><a href=\"https:\/\/www.paris.fr\/evenements\/scene-ouverte-fete-de-la-musique-2025-85310\" target=\"_blank\" rel=\"noreferrer noopener\">En savoir plus<\/a><\/p>\n<p><strong>Dj sets \u00e0 la m\u00e9diath\u00e8que James Baldwin<\/strong><br \/>Samedi 21 juin de 12h \u00e0 21h, M\u00e9diath\u00e8que James Baldwin, 10 Bis rue Henri Ribi\u00e8re<br \/>Au programme : \u00a0DJ sets (Audrey Carmes, Le Frit, Ciaic, etc.) en partenariat avec Lyl Radio et la Philharmonie de Paris<br \/><a href=\"https:\/\/www.instagram.com\/p\/DKt0JkItiGs\/?img_index=1\" target=\"_blank\" rel=\"noreferrer noopener\">En savoir plus<\/a><\/p>\n<p><strong>Bal en plein-air au Rosa Bonheur<br \/><\/strong>Samedi 21 juin de 14h \u00e0 20h, Rosa Bonheur Buttes Chaumont, Parc des Buttes Chaumont 2 all\u00e9e de la Cascade<br \/>L\u2019artiste Christophe Devarenne sera responsable de la musique.\u00a0<br \/><a href=\"https:\/\/rosabonheur.fr\/events\/event\/la-fete-delamusique-a-rosabonheursurseine\/\" target=\"_blank\" rel=\"noreferrer noopener\">En savoir plus<\/a><\/p>\n<p><strong>Batucada et F\u00eate de la musique \u00e0 la Rotonde<\/strong> <strong>Stalingrad<\/strong><br \/>Samedi 21 juin \u00e0 15h \u00e0 la Prairie du Cercle Sud, Parc de la Villette et \u00e0 19h \u00e0 la Rotonde, 6-8 Place de la Bataille de Stalingrad<br \/>D\u00e9ambulation du groupe <strong><a href=\"https:\/\/www.facebook.com\/YolandedoBrasil\" target=\"_blank\" rel=\"noreferrer noopener\">Yolande Do Brasil, la batucada rose de Paris<\/a><\/strong> depuis le parc de La Vilette jusqu\u2019\u00e0 la Rotonde.<br \/><a href=\"https:\/\/www.facebook.com\/events\/1034708595417136?acontext=%7B%22event_action_history%22%3A%5B%7B%22mechanism%22%3A%22attachment%22%2C%22surface%22%3A%22newsfeed%22%7D%5D%2C%22ref_notif_type%22%3Anull%7D\" target=\"_blank\" rel=\"noreferrer noopener\">En savoir plus <\/a><\/p>\n<p><a href=\"https:\/\/mairie19.paris.fr\/pages\/la-fete-de-la-musique-2023-24069\" target=\"_blank\" rel=\"noreferrer noopener\">Le programme dans le XIX\u00e8me<\/a><\/p>\n<p>XX\u00e8me arrondissement<\/p>\n<p><strong>La Bellevilloise au 88 M\u00e9nilmontant<\/strong><br \/>Samedi 21 juin de 15h \u00e0 00h, au 88 M\u00e9nilmontant, 88 rue de M\u00e9nilmontant,<strong><a href=\"https:\/\/www.fetedelamusique-paris.fr\/\" target=\"_blank\" rel=\"noreferrer noopener\"><br \/><\/a><\/strong>Les associations Bragi et Inter-LGBT organisent un concert\/ DJ set avec des artistes tels que Loki Starfish, Jackie Fuego, Pierre et la Rose, etc. <br \/><a href=\"https:\/\/www.labellevilloise.com\/evenement\/88-menilmontant-fete-de-la-musique\/\" target=\"_blank\" rel=\"noreferrer noopener\">En savoir plus<\/a><\/p>\n<p><strong>F\u00eate de la musique rue du Groupe Manouchian<br \/><\/strong>Samedi 21 juin de 19h \u00e0 12h, 29 Rue du Groupe Manouchian<br \/>Au programme : diff\u00e9rents groupes de rock.<br \/><a href=\"https:\/\/www.facebook.com\/events\/698174903109037\/?acontext=%7B%22event_action_history%22%3A%5B%7B%22mechanism%22%3A%22attachment%22%2C%22surface%22%3A%22newsfeed%22%7D%5D%2C%22ref_notif_type%22%3Anull%7D\" target=\"_blank\" rel=\"noreferrer noopener\">En savoir plus<\/a><\/p>\n<p><a href=\"https:\/\/mairie20.paris.fr\/pages\/fete-de-la-musique-21369\" target=\"_blank\" rel=\"noreferrer noopener\">Le progamme dans le XX\u00e8me <\/a><\/p>\n<p>Lire aussi<\/p>\n<\/p>\n<p>  <script async src=\"\/\/www.instagram.com\/embed.js\"><\/script><\/p>\n","protected":false},"excerpt":{"rendered":"Ier arrondissement Sc\u00e8ne en SeineSamedi 21 juin de 19h \u00e0 2h, Place DauphineEn savoir plus Grand Concert dans&hellip;\n","protected":false},"author":2,"featured_media":195322,"comment_status":"","ping_status":"","sticky":false,"template":"","format":"standard","meta":{"footnotes":""},"categories":[1888],"tags":[11,3869,33404,29885,27905,1777,674,4768,25885,1011,27,6910,5281,33405,873,33406,12,7165,33407,626,23096,11724,33408,24481,25],"class_list":{"0":"post-195321","1":"post","2":"type-post","3":"status-publish","4":"format-standard","5":"has-post-thumbnail","7":"category-paris","8":"tag-actualites","9":"tag-arrondissement","10":"tag-buttes-chaumont","11":"tag-concert-gratuit","12":"tag-conservatoire","13":"tag-eu","14":"tag-europe","15":"tag-fete","16":"tag-fete-de-la-musique","17":"tag-fr","18":"tag-france","19":"tag-jazz","20":"tag-la-villette","21":"tag-musee-guimet","22":"tag-musique","23":"tag-musique-de-chambre","24":"tag-news","25":"tag-opera","26":"tag-palais-de-la-porte-doree","27":"tag-paris","28":"tag-philharmonie","29":"tag-philharmonie-de-paris","30":"tag-prefecture-de-paris","31":"tag-promenade","32":"tag-republique-francaise"},"share_on_mastodon":{"url":"https:\/\/pubeurope.com\/@fr\/114725817104233725","error":""},"_links":{"self":[{"href":"https:\/\/www.europesays.com\/fr\/wp-json\/wp\/v2\/posts\/195321","targetHints":{"allow":["GET"]}}],"collection":[{"href":"https:\/\/www.europesays.com\/fr\/wp-json\/wp\/v2\/posts"}],"about":[{"href":"https:\/\/www.europesays.com\/fr\/wp-json\/wp\/v2\/types\/post"}],"author":[{"embeddable":true,"href":"https:\/\/www.europesays.com\/fr\/wp-json\/wp\/v2\/users\/2"}],"replies":[{"embeddable":true,"href":"https:\/\/www.europesays.com\/fr\/wp-json\/wp\/v2\/comments?post=195321"}],"version-history":[{"count":0,"href":"https:\/\/www.europesays.com\/fr\/wp-json\/wp\/v2\/posts\/195321\/revisions"}],"wp:featuredmedia":[{"embeddable":true,"href":"https:\/\/www.europesays.com\/fr\/wp-json\/wp\/v2\/media\/195322"}],"wp:attachment":[{"href":"https:\/\/www.europesays.com\/fr\/wp-json\/wp\/v2\/media?parent=195321"}],"wp:term":[{"taxonomy":"category","embeddable":true,"href":"https:\/\/www.europesays.com\/fr\/wp-json\/wp\/v2\/categories?post=195321"},{"taxonomy":"post_tag","embeddable":true,"href":"https:\/\/www.europesays.com\/fr\/wp-json\/wp\/v2\/tags?post=195321"}],"curies":[{"name":"wp","href":"https:\/\/api.w.org\/{rel}","templated":true}]}}