{"id":195325,"date":"2025-06-22T07:24:12","date_gmt":"2025-06-22T07:24:12","guid":{"rendered":"https:\/\/www.europesays.com\/fr\/195325\/"},"modified":"2025-06-22T07:24:12","modified_gmt":"2025-06-22T07:24:12","slug":"la-russie-suit-de-pres-laffaire-du-magnat-samvel-karapetyan-selon-le-kremlin","status":"publish","type":"post","link":"https:\/\/www.europesays.com\/fr\/195325\/","title":{"rendered":"La Russie \u00ab suit de pr\u00e8s \u00bb l&rsquo;affaire du magnat Samvel Karapetyan, selon le Kremlin"},"content":{"rendered":"<p>La Russie a d\u00e9clar\u00e9 le 20 juin qu\u2019elle suivait de pr\u00e8s l\u2019affaire du magnat des affaires Samvel Karapetyan, emprisonn\u00e9 depuis mercredi en Arm\u00e9nie pour avoir selon les autorit\u00e9s appel\u00e9 \u00e0 l\u2019usurpation du pouvoir, un d\u00e9lit p\u00e9nal en Arm\u00e9nie.<br \/>\u00ab Bien s\u00fbr que nous suivons l\u2019affaire. Il est citoyen russe pour nous. Nous ne voulons pas nous immiscer dans les affaires int\u00e9rieures de l\u2019Arm\u00e9nie, mais nous suivons de pr\u00e8s tout ce qui concerne un citoyen russe \u00bb, a d\u00e9clar\u00e9 Dmitri Peskov, porte-parole du Kremlin, selon RIA Novosti.<br \/>Le 17 juin, Karapetyan, un milliardaire russo-arm\u00e9nien class\u00e9 par Forbes, promoteur immobilier et propri\u00e9taire du groupe Tashir, a accus\u00e9 le gouvernement de mener une campagne anti-eccl\u00e9siastique et a d\u00e9clar\u00e9 qu\u2019il interviendrait \u00ab \u00e0 sa mani\u00e8re \u00bb pour y mettre fin. Les autorit\u00e9s ont d\u00e9clar\u00e9 que ses d\u00e9clarations faites \u00e0 Erevan constituaient une menace de prise de pouvoir. Les enqu\u00eateurs ont engag\u00e9 des poursuites p\u00e9nales pour \u00ab appel public \u00e0 l\u2019usurpation du pouvoir \u00bb. Un tribunal a approuv\u00e9 une d\u00e9tention provisoire de deux mois pour Karapetyan.<\/p>\n<p>Le magnat des affaires a ni\u00e9 toute malversation.<\/p>\n<p>Les autorit\u00e9s ont ni\u00e9 mener une campagne anti-eccl\u00e9siastique et ont d\u00e9clar\u00e9 que les appels \u00e0 la destitution de plusieurs membres du clerg\u00e9, dont le catholicos Karekin II, \u00e9taient conformes au droit canonique de l\u2019\u00c9glise, car ces derniers auraient viol\u00e9 leur v\u0153u de c\u00e9libat et occuperaient donc ill\u00e9gitimement leurs fonctions.<\/p>\n","protected":false},"excerpt":{"rendered":"La Russie a d\u00e9clar\u00e9 le 20 juin qu\u2019elle suivait de pr\u00e8s l\u2019affaire du magnat des affaires Samvel Karapetyan,&hellip;\n","protected":false},"author":2,"featured_media":195326,"comment_status":"","ping_status":"","sticky":false,"template":"","format":"standard","meta":{"footnotes":""},"categories":[1591],"tags":[11,5950,1887,303,12,1885,1886,132],"class_list":{"0":"post-195325","1":"post","2":"type-post","3":"status-publish","4":"format-standard","5":"has-post-thumbnail","7":"category-russie","8":"tag-actualites","9":"tag-armenie","10":"tag-federation-de-russie","11":"tag-justice","12":"tag-news","13":"tag-russia","14":"tag-russian-federation","15":"tag-russie"},"share_on_mastodon":{"url":"https:\/\/pubeurope.com\/@fr\/114725825086923530","error":""},"_links":{"self":[{"href":"https:\/\/www.europesays.com\/fr\/wp-json\/wp\/v2\/posts\/195325","targetHints":{"allow":["GET"]}}],"collection":[{"href":"https:\/\/www.europesays.com\/fr\/wp-json\/wp\/v2\/posts"}],"about":[{"href":"https:\/\/www.europesays.com\/fr\/wp-json\/wp\/v2\/types\/post"}],"author":[{"embeddable":true,"href":"https:\/\/www.europesays.com\/fr\/wp-json\/wp\/v2\/users\/2"}],"replies":[{"embeddable":true,"href":"https:\/\/www.europesays.com\/fr\/wp-json\/wp\/v2\/comments?post=195325"}],"version-history":[{"count":0,"href":"https:\/\/www.europesays.com\/fr\/wp-json\/wp\/v2\/posts\/195325\/revisions"}],"wp:featuredmedia":[{"embeddable":true,"href":"https:\/\/www.europesays.com\/fr\/wp-json\/wp\/v2\/media\/195326"}],"wp:attachment":[{"href":"https:\/\/www.europesays.com\/fr\/wp-json\/wp\/v2\/media?parent=195325"}],"wp:term":[{"taxonomy":"category","embeddable":true,"href":"https:\/\/www.europesays.com\/fr\/wp-json\/wp\/v2\/categories?post=195325"},{"taxonomy":"post_tag","embeddable":true,"href":"https:\/\/www.europesays.com\/fr\/wp-json\/wp\/v2\/tags?post=195325"}],"curies":[{"name":"wp","href":"https:\/\/api.w.org\/{rel}","templated":true}]}}