{"id":19533,"date":"2025-04-12T09:35:32","date_gmt":"2025-04-12T09:35:32","guid":{"rendered":"https:\/\/www.europesays.com\/fr\/19533\/"},"modified":"2025-04-12T09:35:32","modified_gmt":"2025-04-12T09:35:32","slug":"narcobanditisme-a-marseille-ce-chef-presume-dune-bande-libere-apres-une-erreur","status":"publish","type":"post","link":"https:\/\/www.europesays.com\/fr\/19533\/","title":{"rendered":"Narcobanditisme \u00e0 Marseille. Ce chef pr\u00e9sum\u00e9 d&rsquo;une bande lib\u00e9r\u00e9 apr\u00e8s une \u00ab\u00a0erreur\u00a0\u00bb"},"content":{"rendered":"<p>            Par<br \/>\n        <strong><br \/>\n            <a href=\"https:\/\/actu.fr\/auteur\/redaction-marseille\" title=\"Consulter tous les articles de R\u00e9daction Marseille\" target=\"_blank\" rel=\"noopener\">R\u00e9daction Marseille<\/a><br \/>\n        <\/strong><\/p>\n<p>        Publi\u00e9 le<\/p>\n<p>            11 avr. 2025 \u00e0 10h30        <\/p>\n<p>Une \u00ab\u2009erreur humaine\u2009\u00bb est en cause.<\/p>\n<p class=\" wall-content\">Pascal Gomez Galeote, <strong>chef pr\u00e9sum\u00e9 d\u2019une bande criminelle li\u00e9e au narcobanditisme<\/strong> \u00e0 <a href=\"https:\/\/actu.fr\/marseille\/\" target=\"_blank\" rel=\"noopener\">Marseille<\/a> et condamn\u00e9 \u00e0 cinq ans de prison pour corruption en octobre, a d\u00fb \u00eatre lib\u00e9r\u00e9 fin mars \u00e0 cause d\u2019un <strong>mauvais \u00ab\u2009calcul des d\u00e9lais de prolongation de la d\u00e9tention\u2009\u00bb<\/strong>, a indiqu\u00e9 le procureur g\u00e9n\u00e9ral pr\u00e8s la cour d\u2019appel d\u2019Aix-en-Provence Franck Rastoul, confirmant une information du <a href=\"https:\/\/www.lecanardenchaine.fr\/police-justice\/50603-un-caid-marseillais-libere-suite-a-une-gaffe\" target=\"_blank\" rel=\"noopener\">Canard encha\u00een\u00e9<\/a>.<\/p>\n<p>Des informations vendues sur le Darknet<\/p>\n<p class=\" wall-content\">Le 17\u00a0octobre, le tribunal de Marseille avait reconnu Pascal Gomez Galeote, 45\u00a0ans, comme <strong>le corrupteur d\u2019un ex-agent de la Direction G\u00e9n\u00e9rale de la S\u00e9curit\u00e9 Int\u00e9rieure<\/strong> qui, sous le pseudonyme \u00ab\u2009Haurus\u2009\u00bb, vendait en\u00a02017 et\u00a02018 sur le darknet des informations sensibles tir\u00e9es de fichiers de police.<\/p>\n<p class=\" wall-content\">Arr\u00eat\u00e9 \u00e0 la barre, il avait \u00e9t\u00e9 condamn\u00e9 pour corruption active et recel en bande organis\u00e9e \u00e0 cinq ans de prison ainsi qu\u2019\u00e0 une amende de 40.000 euros.<\/p>\n<p class=\" wall-content\">Ses avocats ayant fait appel de cette condamnation, Pascal Gomez Galeote \u00e9tait <strong>sous le r\u00e9gime de la d\u00e9tention provisoire en attendant d\u2019\u00eatre rejug\u00e9.<\/strong><\/p>\n<p>Vid\u00e9os : en ce moment sur Actu\u00ab\u2009La charge pesant sur les magistrats\u2009\u00bb<\/p>\n<p class=\" wall-content\">Mais il a \u00e9t\u00e9 lib\u00e9r\u00e9 le 24\u00a0mars, \u00e0 la demande de son avocate, Me Christine D\u2019Arrigo, sa premi\u00e8re p\u00e9riode de quatre mois de d\u00e9tention provisoire n\u2019ayant <strong>pas \u00e9t\u00e9 renouvel\u00e9e dans les temps, impos\u00e9s<\/strong> par le code de proc\u00e9dure p\u00e9nale.<\/p>\n<p class=\" wall-content\">\u00ab\u2009Cette situation r\u00e9sulte d\u2019<strong>une erreur humaine dans le calcul<\/strong> du d\u00e9lai de prolongation\u2009\u00bb de l\u2019incarc\u00e9ration, a reconnu le procureur Franck Rastoul. Il est \u00ab\u2009de six mois pour un certain nombre d\u2019infractions commises en bande organis\u00e9e, mais seulement de quatre mois pour l\u2019infraction de recel en bande organis\u00e9e\u2009\u00bb, a-t-il pr\u00e9cis\u00e9.<\/p>\n<blockquote class=\"ac-article-quote wall-content\">\n<p>Cette erreur, \u00e9videmment regrettable, traduit la charge pesant sur les magistrats traitant de la criminalit\u00e9 organis\u00e9e, confront\u00e9s dans un contexte difficile \u00e0 des dispositions proc\u00e9durales complexes et \u00e0 des contentieux de plus en plus nombreux<\/p>\n<p>    <strong>Franck Rastoul<\/strong>\n            <\/p><\/blockquote>\n<p class=\" wall-content\">\u00ab\u2009La personne ainsi remise en libert\u00e9 a \u00e9t\u00e9 <strong>plac\u00e9e sous contr\u00f4le judiciaire<\/strong> et sera jug\u00e9e dans les d\u00e9lais pr\u00e9vus\u2009\u00bb, a-t-il encore d\u00e9taill\u00e9.<\/p>\n<p>\u00ab\u2009La loi pr\u00e9voit que le principe c\u2019est la libert\u00e9\u2009\u00bb<\/p>\n<p class=\" wall-content\">\u00ab\u2009En r\u00e9alit\u00e9 <strong>cette erreur permet de revenir \u00e0 une situation normale<\/strong>, \u00e0 savoir que la loi pr\u00e9voit que le principe c\u2019est la libert\u00e9, dans l\u2019attente du proc\u00e8s, et non pas la d\u00e9tention provisoire\u2009\u00bb, a r\u00e9agi Me Christine D\u2019Arrigo, rappelant qu\u2019\u00e0 ce jour le casier judiciaire de son client restait vierge.<\/p>\n<p class=\" wall-content\">Mis en examen dans plusieurs affaires li\u00e9es au crime organis\u00e9, <strong>ce dernier est soup\u00e7onn\u00e9 d\u2019assassinat, complicit\u00e9 d\u2019assassinat ou tentative d\u2019assassinat.<\/strong><\/p>\n<p class=\" wall-content\">Apr\u00e8s pr\u00e8s de six ans de d\u00e9tention provisoire pour ces trois dossiers criminels, la Cour de cassation avait d\u00e9cid\u00e9 de sa remise en libert\u00e9 d\u00e9but octobre\u00a02024, estimant d\u00e9raisonnable le d\u00e9lai avant son jugement. Onze jours avant son proc\u00e8s dans le cadre du dossier Haurus, o\u00f9 il s\u2019\u00e9tait bien pr\u00e9sent\u00e9.<\/p>\n<p class=\" wall-content\"><strong>Avec AFP<\/strong><\/p>\n<p class=\" wall-content\">Suivez toute l\u2019actualit\u00e9 de vos villes et m\u00e9dias favoris en vous inscrivant \u00e0 <a href=\"https:\/\/moncompte.actu.fr\" title=\"D\u00e9couvez Mon Actu\" rel=\"nofollow noopener\" data-trk=\"{&quot;cta&quot;:{&quot;action&quot;:&quot;https:\\\/\\\/moncompte.actu.fr&quot;,&quot;category&quot;:&quot;mon compte&quot;,&quot;from&quot;:&quot;article footer&quot;,&quot;name&quot;:&quot;Mon actu&quot;,&quot;type&quot;:&quot;cta&quot;}}\" target=\"_blank\">Mon Actu<\/a>.<\/p>\n","protected":false},"excerpt":{"rendered":"Par R\u00e9daction Marseille Publi\u00e9 le 11 avr. 2025 \u00e0 10h30 Une \u00ab\u2009erreur humaine\u2009\u00bb est en cause. Pascal Gomez&hellip;\n","protected":false},"author":2,"featured_media":19534,"comment_status":"","ping_status":"","sticky":false,"template":"","format":"standard","meta":{"footnotes":""},"categories":[2814],"tags":[1111,11,7581,1777,674,118,1011,27,884,813,12,899,882,25],"class_list":{"0":"post-19533","1":"post","2":"type-post","3":"status-publish","4":"format-standard","5":"has-post-thumbnail","7":"category-marseille","8":"tag-actu","9":"tag-actualites","10":"tag-darknet","11":"tag-eu","12":"tag-europe","13":"tag-faits-divers","14":"tag-fr","15":"tag-france","16":"tag-marseille","17":"tag-narcotrafiquants","18":"tag-news","19":"tag-prisons","20":"tag-provence-alpes-cote-dazur","21":"tag-republique-francaise"},"share_on_mastodon":{"url":"https:\/\/pubeurope.com\/@fr\/114324316114837876","error":""},"_links":{"self":[{"href":"https:\/\/www.europesays.com\/fr\/wp-json\/wp\/v2\/posts\/19533","targetHints":{"allow":["GET"]}}],"collection":[{"href":"https:\/\/www.europesays.com\/fr\/wp-json\/wp\/v2\/posts"}],"about":[{"href":"https:\/\/www.europesays.com\/fr\/wp-json\/wp\/v2\/types\/post"}],"author":[{"embeddable":true,"href":"https:\/\/www.europesays.com\/fr\/wp-json\/wp\/v2\/users\/2"}],"replies":[{"embeddable":true,"href":"https:\/\/www.europesays.com\/fr\/wp-json\/wp\/v2\/comments?post=19533"}],"version-history":[{"count":0,"href":"https:\/\/www.europesays.com\/fr\/wp-json\/wp\/v2\/posts\/19533\/revisions"}],"wp:featuredmedia":[{"embeddable":true,"href":"https:\/\/www.europesays.com\/fr\/wp-json\/wp\/v2\/media\/19534"}],"wp:attachment":[{"href":"https:\/\/www.europesays.com\/fr\/wp-json\/wp\/v2\/media?parent=19533"}],"wp:term":[{"taxonomy":"category","embeddable":true,"href":"https:\/\/www.europesays.com\/fr\/wp-json\/wp\/v2\/categories?post=19533"},{"taxonomy":"post_tag","embeddable":true,"href":"https:\/\/www.europesays.com\/fr\/wp-json\/wp\/v2\/tags?post=19533"}],"curies":[{"name":"wp","href":"https:\/\/api.w.org\/{rel}","templated":true}]}}