{"id":195333,"date":"2025-06-22T07:28:11","date_gmt":"2025-06-22T07:28:11","guid":{"rendered":"https:\/\/www.europesays.com\/fr\/195333\/"},"modified":"2025-06-22T07:28:11","modified_gmt":"2025-06-22T07:28:11","slug":"berlin-4padel-simplante-en-allemagne","status":"publish","type":"post","link":"https:\/\/www.europesays.com\/fr\/195333\/","title":{"rendered":"BERLIN : 4PADEL s\u2019implante en Allemagne"},"content":{"rendered":"<p><strong>Une expansion europ\u00e9enne strat\u00e9gique.<\/strong><\/p>\n<p>4PADEL, la marque du groupe fran\u00e7ais PLAYERS, sp\u00e9cialiste et leader des lieux de pratique du padel en France avec\u00a0<strong>149 pistes<\/strong>, s\u2019\u00e9tend \u00e0 l\u2019international. Cette expansion se concr\u00e9tise par l\u2019acquisition de\u00a0<strong>40 pistes<\/strong>\u00a0en Allemagne, r\u00e9parties dans\u00a0<strong>5 clubs indoor<\/strong>. Cette initiative marque la volont\u00e9 du groupe PLAYERS d\u2019exporter son savoir-faire et son expertise dans le secteur du loisir sportif indoor, en cr\u00e9ant des lieux de vie sportifs et conviviaux.<\/p>\n<p><strong>Un premier pas \u00e0 l\u2019international<\/strong><\/p>\n<p>L\u2019Allemagne, comme de nombreuses autres nations en Europe, conna\u00eet une croissance tr\u00e8s forte du padel. Le groupe PLAYERS, moteur de l\u2019\u00e9mergence de ce sport, acquiert\u00a0<strong>5 clubs<\/strong>\u00a0pour un total de\u00a0<strong>40 pistes<\/strong>. Cette acquisition permettra d\u2019attirer de nouveaux joueurs, de cr\u00e9er des tournois et de proposer des offres packag\u00e9es, positionnant ainsi le groupe comme un acteur majeur du d\u00e9veloppement du padel en Europe.<\/p>\n<p><strong>Int\u00e9gration des clubs allemands<\/strong><\/p>\n<p>Les clubs situ\u00e9s \u00e0 D\u00fcsseldorf, Berlin, M\u00fcnster, Essen et M\u00fclheim passeront sous l\u2019enseigne \u00ab 4PADEL \u00bb \u00e0 partir de\u00a0<strong>l\u2019\u00e9t\u00e9 2025<\/strong>, sans interruption d\u2019activit\u00e9. Ils seront pleinement int\u00e9gr\u00e9s au groupe PLAYERS. 4PADEL d\u00e9ploiera son mod\u00e8le dans le domaine des sport bars et du digital pour rendre ces clubs encore plus conviviaux et connect\u00e9s.<\/p>\n<p><strong>Une ambition europ\u00e9enne<\/strong><\/p>\n<p><strong>Joseph Vieville, Tony Jalinier et Guillaume Debelmas<\/strong>, <strong>co-fondateurs du groupe PLAYERS, pr\u00e9cisent<\/strong> : \u00ab\u00a0Dans le cadre d\u2019une expansion europ\u00e9enne tr\u00e8s cibl\u00e9e, dans des pays o\u00f9 la pratique du padel n\u2019est pas encore compl\u00e8tement structur\u00e9e, cette acquisition fait partie des leviers de d\u00e9veloppement identifi\u00e9s avec Vendis Capital, le fonds d\u2019investissement entr\u00e9 au capital de PLAYERS l\u2019\u00e9t\u00e9 dernier. Tout en respectant la culture locale, l\u2019ambition de PLAYERS est de d\u00e9velopper ce qui fait le succ\u00e8s de l\u2019exp\u00e9rience joueur 4PADEL en France, \u00e0 savoir l\u2019atmosph\u00e8re \u00ab\u00a0club\u00a0\u00bb convivial et l\u2019exp\u00e9rience digitale \u00e0 360\u00a0\u00bb.<\/p>\n<p><strong>Des perspectives de croissance<\/strong><\/p>\n<p>\u00c0 moyen terme (<strong>2026<\/strong>), 4PADEL annonce l\u2019ouverture de\u00a0<strong>125 nouvelles pistes<\/strong>\u00a0en France. \u00c0 plus long terme (<strong>2030<\/strong>), le groupe PLAYERS vise l\u2019ouverture de\u00a0<strong>10 clubs de padel par an<\/strong>\u00a0en France et l\u2019int\u00e9gration de nouvelles disciplines en vogue dans ses structures.<\/p>\n","protected":false},"excerpt":{"rendered":"Une expansion europ\u00e9enne strat\u00e9gique. 4PADEL, la marque du groupe fran\u00e7ais PLAYERS, sp\u00e9cialiste et leader des lieux de pratique&hellip;\n","protected":false},"author":2,"featured_media":195334,"comment_status":"","ping_status":"","sticky":false,"template":"","format":"standard","meta":{"footnotes":""},"categories":[1587],"tags":[11,672,1804,1805,1803,1777,674,1801,12,1802],"class_list":{"0":"post-195333","1":"post","2":"type-post","3":"status-publish","4":"format-standard","5":"has-post-thumbnail","7":"category-allemagne","8":"tag-actualites","9":"tag-allemagne","10":"tag-bundesrepublik-deutschland","11":"tag-de","12":"tag-deutschland","13":"tag-eu","14":"tag-europe","15":"tag-germany","16":"tag-news","17":"tag-republique-federale-dallemagne"},"share_on_mastodon":{"url":"https:\/\/pubeurope.com\/@fr\/114725840718151982","error":""},"_links":{"self":[{"href":"https:\/\/www.europesays.com\/fr\/wp-json\/wp\/v2\/posts\/195333","targetHints":{"allow":["GET"]}}],"collection":[{"href":"https:\/\/www.europesays.com\/fr\/wp-json\/wp\/v2\/posts"}],"about":[{"href":"https:\/\/www.europesays.com\/fr\/wp-json\/wp\/v2\/types\/post"}],"author":[{"embeddable":true,"href":"https:\/\/www.europesays.com\/fr\/wp-json\/wp\/v2\/users\/2"}],"replies":[{"embeddable":true,"href":"https:\/\/www.europesays.com\/fr\/wp-json\/wp\/v2\/comments?post=195333"}],"version-history":[{"count":0,"href":"https:\/\/www.europesays.com\/fr\/wp-json\/wp\/v2\/posts\/195333\/revisions"}],"wp:featuredmedia":[{"embeddable":true,"href":"https:\/\/www.europesays.com\/fr\/wp-json\/wp\/v2\/media\/195334"}],"wp:attachment":[{"href":"https:\/\/www.europesays.com\/fr\/wp-json\/wp\/v2\/media?parent=195333"}],"wp:term":[{"taxonomy":"category","embeddable":true,"href":"https:\/\/www.europesays.com\/fr\/wp-json\/wp\/v2\/categories?post=195333"},{"taxonomy":"post_tag","embeddable":true,"href":"https:\/\/www.europesays.com\/fr\/wp-json\/wp\/v2\/tags?post=195333"}],"curies":[{"name":"wp","href":"https:\/\/api.w.org\/{rel}","templated":true}]}}