{"id":195335,"date":"2025-06-22T07:29:10","date_gmt":"2025-06-22T07:29:10","guid":{"rendered":"https:\/\/www.europesays.com\/fr\/195335\/"},"modified":"2025-06-22T07:29:10","modified_gmt":"2025-06-22T07:29:10","slug":"salon-du-drone-au-bourget-lenvol-tardif-de-leurope-face-aux-enjeux-internationaux","status":"publish","type":"post","link":"https:\/\/www.europesays.com\/fr\/195335\/","title":{"rendered":"Salon du drone au Bourget\u00a0: l\u2019envol tardif de l\u2019Europe face aux enjeux internationaux"},"content":{"rendered":"<p>Le plus grand rendez-vous mondial de l\u2019a\u00e9rospatial, qui s\u2019ach\u00e8ve ce dimanche, a \u00e9t\u00e9 marqu\u00e9 par une vague de partenariats entre grands groupes europ\u00e9ens et PME. Objectif : trouver un \u00e9quilibre n\u00e9cessaire pour industrialiser cette arme qui bouleverse les r\u00e8gles du jeu des conflits modernes et n\u00e9cessite de rester \u00e0 la pointe. Le groupe italien Leonardo s\u2019est alli\u00e9 \u00e0 l\u2019entreprise turque Baykar afin d\u2019\u00ab acc\u00e9l\u00e9rer de mani\u00e8re sans pr\u00e9c\u00e9dent la technologie des drones au niveau europ\u00e9en \u00bb, a soulign\u00e9 le patron de Leonardo, Roberto Cingolani. Int\u00e9grer de l\u2019\u00e9lectronique sophistiqu\u00e9e italienne sur une plateforme turque robuste aidera \u00e0 la certification et \u00e0 la distribution du drone en Europe.<\/p>\n<p>\u00ab La technologie num\u00e9rique est devenue aussi importante que le mat\u00e9riel militaire \u00bb<\/p>\n<p>Le drone du groupe turc, Bayraktar TB2, a montr\u00e9 une efficacit\u00e9 notable au d\u00e9but de la guerre en Ukraine en ciblant les colonnes russes et en guidant des frappes d\u2019artillerie, mais il est vite devenu inop\u00e9rant \u00e0 cause du brouillage russe. Depuis les capacit\u00e9s des drones et de la lutte anti-drones \u00e9voluent sans cesse, aussi bien en Ukraine qu\u2019en Russie. \u00ab La technologie num\u00e9rique est devenue de mani\u00e8re inattendue aussi importante que le mat\u00e9riel militaire \u00bb, a observ\u00e9 Roberto Cingolani, physicien et ancien ministre de la transition \u00e9cologique italien.<\/p>\n<p>Le groupe Thales a de son c\u00f4t\u00e9 scell\u00e9 une alliance 100 % fran\u00e7aise en s\u2019associant avec Turgis Gaillard pour d\u00e9velopper une solution nationale de drone MALE (moyenne altitude, longue endurance) de reconnaissance. Thales \u00e9quipera l\u2019Aarok &#8211; un drone enti\u00e8rement autofinanc\u00e9 par Turgis Gaillard &#8211; de son radar derni\u00e8re g\u00e9n\u00e9ration AirMaster S. \u00ab Le drone a \u00e9t\u00e9 con\u00e7u pour r\u00e9pondre \u00e0 des missions militaires comme (l\u2019am\u00e9ricain) Reaper. Il peut int\u00e9grer diff\u00e9rents types d\u2019armement comme des radars ou capteurs \u00e9lectroniques \u00bb, a expliqu\u00e9 Fanny Turgis, cofondatrice de l\u2019entreprise Turgis Gaillard.<\/p>\n<p>L\u2019autre alliance de Thales, conclue avec la PME fran\u00e7aise Boreal, sp\u00e9cialiste de drones civils, vise \u00e0 d\u00e9velopper des munitions t\u00e9l\u00e9op\u00e9r\u00e9es de longue port\u00e9e. La start-up de d\u00e9fense am\u00e9ricaine Anduril, qui combine proc\u00e9d\u00e9s industriels et intelligence artificielle (IA), a \u00e9t\u00e9 choisie par le g\u00e9ant allemand Rheinmetall pour d\u00e9velopper la version europ\u00e9enne de son drone de combat. Une d\u00e9cision mal v\u00e9cue par les entreprises europ\u00e9ennes.<\/p>\n<p>Une architecture de drone pens\u00e9e pour el d\u00e9veloppement de l\u2019IA<\/p>\n<p>De son c\u00f4t\u00e9, Helsing, qui avait fourni \u00e0 l\u2019Ukraine un logiciel d\u2019IA pour \u00e9quiper plusieurs milliers de drones d\u2019attaque afin de les rendre insensibles au brouillage russe, est une start-up europ\u00e9enne qui mise sur le d\u00e9veloppement simultan\u00e9 de drones et de l\u2019IA.<\/p>\n<p>\u00ab L\u2019Ukraine a montr\u00e9 ce jeu du chat et de la souris avec des innovations extr\u00eamement rapides pour proposer des solutions aux contre-mesures ennemies \u00bb, a indiqu\u00e9 \u00e0 l\u2019AFP Antoine de Braquilanges, directeur France de Helsing, qui est \u00e9galement pr\u00e9sent en Allemagne, au Royaume-Uni, en Estonie et en Ukraine. Dans ce contexte, l\u2019IA \u00e0 bord est \u00ab n\u00e9cessaire puisque \u00e7a permet \u00e0 un drone de continuer \u00e0 naviguer, \u00e0 se rep\u00e9rer alors qu\u2019il n\u2019a pas de GPS \u00bb.<\/p>\n<p>L\u2019architecture du drone doit \u00eatre pens\u00e9e en m\u00eame temps que le d\u00e9veloppement de l\u2019IA et le choix des capteurs \u00e0 int\u00e9grer. Il faut aller vite et \u00ab \u00eatre pr\u00e8s de l\u2019utilisateur \u00bb, a soulign\u00e9 Antoine de Braquilanges. En Ukraine, \u00ab il faut quelques semaines pour qu\u2019un des bellig\u00e9rants parvienne \u00e0 identifier la parade \u00e0 l\u2019innovation qui a \u00e9t\u00e9 d\u00e9velopp\u00e9e par son adversaire \u00bb, a expliqu\u00e9 le g\u00e9n\u00e9ral Vincent Breton, directeur du centre interarm\u00e9es.<\/p>\n<p>Pour Bastian Mancini, dont le groupe Delair a fourni en Ukraine des drones d\u2019observation et munitions t\u00e9l\u00e9op\u00e9r\u00e9es, le principal besoin sur le terrain est \u00ab de prot\u00e9ger l\u2019op\u00e9rateur \u00bb. La solution d\u2019essaim de drones guid\u00e9 par un seul op\u00e9rateur, dont Thales a fait la d\u00e9monstration \u00e0 Br\u00e9tigny-sur-Orge, pr\u00e8s de Paris fin mai, va dans ce sens en r\u00e9duisant le nombre d\u2019humains impliqu\u00e9s. S\u2019il n\u2019y a pas de pilote \u00e0 bord d\u2019un drone, il y en a un au sol. \u00ab Nous avons mis une vraie autonomie \u00e0 l\u2019int\u00e9rieur de la machine pour qu\u2019elle puisse mener sa mission sans \u00eatre pilot\u00e9e du tout \u00bb avec \u00ab une couche qui interdit aux drones \u00bb de faire des choses non autoris\u00e9es par le commandement et la doctrine, a pr\u00e9cis\u00e9 \u00e0 l\u2019AFP Eric Lenseigne, responsable des activit\u00e9s drones de Thales.<\/p>\n","protected":false},"excerpt":{"rendered":"Le plus grand rendez-vous mondial de l\u2019a\u00e9rospatial, qui s\u2019ach\u00e8ve ce dimanche, a \u00e9t\u00e9 marqu\u00e9 par une vague de&hellip;\n","protected":false},"author":2,"featured_media":195336,"comment_status":"","ping_status":"","sticky":false,"template":"","format":"standard","meta":{"footnotes":""},"categories":[1586],"tags":[11,2120,1782,765,1777,674,1011,27,1146,74,12,25],"class_list":{"0":"post-195335","1":"post","2":"type-post","3":"status-publish","4":"format-standard","5":"has-post-thumbnail","7":"category-europe","8":"tag-actualites","9":"tag-conflit","10":"tag-defense-nationale","11":"tag-en-continu","12":"tag-eu","13":"tag-europe","14":"tag-fr","15":"tag-france","16":"tag-guerre","17":"tag-monde","18":"tag-news","19":"tag-republique-francaise"},"share_on_mastodon":{"url":"https:\/\/pubeurope.com\/@fr\/114725844676940187","error":""},"_links":{"self":[{"href":"https:\/\/www.europesays.com\/fr\/wp-json\/wp\/v2\/posts\/195335","targetHints":{"allow":["GET"]}}],"collection":[{"href":"https:\/\/www.europesays.com\/fr\/wp-json\/wp\/v2\/posts"}],"about":[{"href":"https:\/\/www.europesays.com\/fr\/wp-json\/wp\/v2\/types\/post"}],"author":[{"embeddable":true,"href":"https:\/\/www.europesays.com\/fr\/wp-json\/wp\/v2\/users\/2"}],"replies":[{"embeddable":true,"href":"https:\/\/www.europesays.com\/fr\/wp-json\/wp\/v2\/comments?post=195335"}],"version-history":[{"count":0,"href":"https:\/\/www.europesays.com\/fr\/wp-json\/wp\/v2\/posts\/195335\/revisions"}],"wp:featuredmedia":[{"embeddable":true,"href":"https:\/\/www.europesays.com\/fr\/wp-json\/wp\/v2\/media\/195336"}],"wp:attachment":[{"href":"https:\/\/www.europesays.com\/fr\/wp-json\/wp\/v2\/media?parent=195335"}],"wp:term":[{"taxonomy":"category","embeddable":true,"href":"https:\/\/www.europesays.com\/fr\/wp-json\/wp\/v2\/categories?post=195335"},{"taxonomy":"post_tag","embeddable":true,"href":"https:\/\/www.europesays.com\/fr\/wp-json\/wp\/v2\/tags?post=195335"}],"curies":[{"name":"wp","href":"https:\/\/api.w.org\/{rel}","templated":true}]}}