{"id":195342,"date":"2025-06-22T07:33:27","date_gmt":"2025-06-22T07:33:27","guid":{"rendered":"https:\/\/www.europesays.com\/fr\/195342\/"},"modified":"2025-06-22T07:33:27","modified_gmt":"2025-06-22T07:33:27","slug":"les-enfants-y-meurent-en-silence-par-adeline-hazan-presidente-de-lunicef-france-et-adrien-taquet-ancien-secretaire-detat-a-lenfance","status":"publish","type":"post","link":"https:\/\/www.europesays.com\/fr\/195342\/","title":{"rendered":"les enfants y meurent en silence\u202f\u00bb, par Adeline Hazan, pr\u00e9sidente de l\u2019Unicef France et Adrien Taquet ancien secr\u00e9taire d\u2019\u00c9tat \u00e0 l\u2019Enfance"},"content":{"rendered":"<p>Depuis le vendredi 13 juin, <a href=\"https:\/\/www.latribune.fr\/international\/moyen-orient\/\" target=\"_blank\" rel=\"noopener\">le Moyen-Orient<\/a> conna\u00eet une nouvelle escalade de la violence avec des <a href=\"https:\/\/www.latribune.fr\/economie\/international\/israel-frappe-l-iran-les-dessous-et-les-consequences-d-une-attaque-majeure-1027240.html\" target=\"_blank\" rel=\"noopener\">frappes men\u00e9es en Iran et en Isra\u00ebl<\/a> sur des zones r\u00e9sidentielles, endommageant des infrastructures civiles et faisant des morts et des bless\u00e9s parmi la population -\u202fy compris des enfants.<\/p>\n<p>Ce nouvel acc\u00e8s de tensions montre, une fois encore, que l&rsquo;inaction co\u00fbte cher aux populations civiles, et d&rsquo;abord aux enfants, mais ne doit pas nous faire oublier <a href=\"https:\/\/www.latribune.fr\/idees\/tribunes\/gaza-ce-n-est-pas-parce-qu-on-a-quelque-chose-a-dire-qu-il-faut-ouvrir-sa-gueule-1027084.html\" target=\"_blank\" rel=\"noopener\">Gaza<\/a>, qui reste le c\u0153ur d&rsquo;une <a href=\"https:\/\/www.latribune.fr\/idees\/tribunes\/opinion-repenser-l-aide-humanitaire-mondiale-l-union-europeenne-face-a-l-enjeu-de-la-puissance-structurelle-1026989.html\" target=\"_blank\" rel=\"noopener\">crise humanitaire<\/a> sans pr\u00e9c\u00e9dent o\u00f9 l&rsquo;enfance se consume sous nos yeux. <a href=\"https:\/\/www.latribune.fr\/la-tribune-dimanche\/dans-le-monde\/la-population-de-gaza-attend-desesperement-la-distribution-d-aide-humanitaire-1025546.html\" target=\"_blank\" rel=\"noopener\">Sous les d\u00e9combres<\/a>, dans les d\u00e9dales d&rsquo;un territoire assi\u00e9g\u00e9, des milliers d&rsquo;enfants tentent de survivre face \u00e0 l&rsquo;impuissance de la communaut\u00e9 internationale. Seulement n\u00e9s au mauvais moment, au mauvais endroit. Ils ne sont ni des combattants ni des strat\u00e8ges, seulement des enfants. Et pourtant, ce sont eux qui paient le plus lourd tribut d&rsquo;une guerre sans fin.<\/p>\n","protected":false},"excerpt":{"rendered":"Depuis le vendredi 13 juin, le Moyen-Orient conna\u00eet une nouvelle escalade de la violence avec des frappes men\u00e9es&hellip;\n","protected":false},"author":2,"featured_media":195343,"comment_status":"","ping_status":"","sticky":false,"template":"","format":"standard","meta":{"footnotes":""},"categories":[4],"tags":[17,11,1719,1011,27,665,3102,151,16285,12,4536,33418,5261,25],"class_list":{"0":"post-195342","1":"post","2":"type-post","3":"status-publish","4":"format-standard","5":"has-post-thumbnail","7":"category-france","8":"tag-17","9":"tag-actualites","10":"tag-enfants","11":"tag-fr","12":"tag-france","13":"tag-gaza","14":"tag-la-tribune-dimanche","15":"tag-les","16":"tag-ne","17":"tag-news","18":"tag-opinion","19":"tag-oublier","20":"tag-pas","21":"tag-republique-francaise"},"share_on_mastodon":{"url":"https:\/\/pubeurope.com\/@fr\/114725860505055204","error":""},"_links":{"self":[{"href":"https:\/\/www.europesays.com\/fr\/wp-json\/wp\/v2\/posts\/195342","targetHints":{"allow":["GET"]}}],"collection":[{"href":"https:\/\/www.europesays.com\/fr\/wp-json\/wp\/v2\/posts"}],"about":[{"href":"https:\/\/www.europesays.com\/fr\/wp-json\/wp\/v2\/types\/post"}],"author":[{"embeddable":true,"href":"https:\/\/www.europesays.com\/fr\/wp-json\/wp\/v2\/users\/2"}],"replies":[{"embeddable":true,"href":"https:\/\/www.europesays.com\/fr\/wp-json\/wp\/v2\/comments?post=195342"}],"version-history":[{"count":0,"href":"https:\/\/www.europesays.com\/fr\/wp-json\/wp\/v2\/posts\/195342\/revisions"}],"wp:featuredmedia":[{"embeddable":true,"href":"https:\/\/www.europesays.com\/fr\/wp-json\/wp\/v2\/media\/195343"}],"wp:attachment":[{"href":"https:\/\/www.europesays.com\/fr\/wp-json\/wp\/v2\/media?parent=195342"}],"wp:term":[{"taxonomy":"category","embeddable":true,"href":"https:\/\/www.europesays.com\/fr\/wp-json\/wp\/v2\/categories?post=195342"},{"taxonomy":"post_tag","embeddable":true,"href":"https:\/\/www.europesays.com\/fr\/wp-json\/wp\/v2\/tags?post=195342"}],"curies":[{"name":"wp","href":"https:\/\/api.w.org\/{rel}","templated":true}]}}