{"id":195359,"date":"2025-06-22T07:44:13","date_gmt":"2025-06-22T07:44:13","guid":{"rendered":"https:\/\/www.europesays.com\/fr\/195359\/"},"modified":"2025-06-22T07:44:13","modified_gmt":"2025-06-22T07:44:13","slug":"gustave-fayet-immense-artiste-provencal-oublie-expose-a-labbaye-saint-andre-a-avignon","status":"publish","type":"post","link":"https:\/\/www.europesays.com\/fr\/195359\/","title":{"rendered":"Gustave Fayet, immense artiste proven\u00e7al oubli\u00e9, expos\u00e9 \u00e0 l\u2019abbaye Saint-Andr\u00e9 \u00e0 Avignon"},"content":{"rendered":"<p>     L\u2019exposition r\u00e9unit pour la premi\u00e8re fois l\u2019\u0153uvre proven\u00e7ale de Gustave Fayet qui \u00e9tait \u00e0 la fois artiste, collectionneur et homme d\u2019affaires. Et pr\u00e9sente un riche ensemble de dessins, aquarelles, peintures et livres illustr\u00e9s.                 <\/p>\n<ul class=\"sheet__notation-container \">\n<li class=\"sheet__notation\"><img decoding=\"async\" src=\"https:\/\/www.telerama.fr\/dist\/assets\/img\/icons\/notation\/notation-3.svg\" alt=\"Bien\"\/><\/li>\n<li class=\"sheet__notation-label\">Bien<\/li>\n<\/ul>\n<p>               <a href=\"https:\/\/www.europesays.com\/fr\/wp-content\/uploads\/2025\/06\/74e8de3_upload-1-yuowgexeghp8-gustave-fayet-vague-et-ciel-d-or-huile-sur-carton-2.jpeg\" data-pswp-width=\"\" data-pswp-height=\"\" class=\"media__hd\" target=\"_blank\">      <img decoding=\"async\" fetchpriority=\"high\" src=\"https:\/\/www.europesays.com\/fr\/wp-content\/uploads\/2025\/06\/74e8de3_upload-1-yuowgexeghp8-gustave-fayet-vague-et-ciel-d-or-huile-sur-carton-2.jpeg\" class=\"media__picture js-media-zoom-main \" alt=\"\u00ab\u00a0Vague et ciel d'or\u00a0\u00bb, de Gustave Fayet.\" title=\"Photo Association MAGFF\"\/>      <\/p>\n<p class=\"media__legend\"> \u00ab\u00a0Vague et ciel d&rsquo;or\u00a0\u00bb, de Gustave Fayet.  Photo Association MAGFF  <\/p>\n<p>     <\/a>                    <\/p>\n<p class=\"author author--simple\">Par  <a class=\"author author--link\" href=\"https:\/\/www.telerama.fr\/recherche\/articles?q=Sophie+Cachon\" rel=\"nofollow noopener\" target=\"_blank\"> Sophie Cachon <\/a>    <\/p>\n<p class=\"publication__date\">Publi\u00e9 le 21 juin 2025 \u00e0 17h00<\/p>\n<p>   Partager   <\/p>\n<ul class=\"sharing-popin--results\">\n<li class=\"sharing-popin--item sharing-popin--item-container\"> Partage  <\/li>\n<li data-share=\"linkedin\" class=\"sharing-popin--item\">  LinkedIn <\/li>\n<li data-share=\"facebook\" class=\"sharing-popin--item\">  Facebook <\/li>\n<li data-share=\"mail\" data-social=\"mail\" class=\"sharing-popin--item\">  Envoyer par email <\/li>\n<li data-share=\"copy\" class=\"sharing-popin--item\">  Copier le lien <\/li>\n<\/ul>\n<p>        Favoris       <\/p>\n<p>           Noter (0)          Critiquer (0)      <a class=\"openapp__link\" data-event=\"click-open-app\">  Lire dans l&rsquo;application<br \/>\n  <\/a>                         <\/p>\n<p class=\"paragraph\">Son \u00e9pouse, repr\u00e9sent\u00e9e de profil, donne le sein \u00e0 l\u2019enfant dont on ne voit que le duvet blond de la t\u00eate. Le fond dor\u00e9, phosphorescent, les fleurs sur le mur, qui semblent flotter, la chaise paysanne solidement camp\u00e9e au premier plan, la plan\u00e9it\u00e9 de la toile\u2026 tout \u00e9voque Vincent Van Gogh. Mais il s\u2019agit d\u2019un tableau de Gustave Fayet (1865-1925). Aucun esprit suiveur dans ce portrait de\u00a0Madame Fayet et Yseult\u00a0(1901) par ce peintre quasi inconnu, mais un superbe hommage \u00e0 celui dont il poss\u00e9dera plusieurs toiles majeures.<\/p>\n<p class=\"paragraph\">Gutave Fayet manie aussi le poudroiement de pastels iridescents avec d\u00e9licatesse. Et les traits b\u00e2tonn\u00e9s de sa plume \u00e0 l\u2019encre noire, restituant les paysages de sa Provence d\u2019adoption, montrent sa passion pour l\u2019art du Japon. Cet \u00e9tonnant cr\u00e9ateur, originaire de B\u00e9ziers, fut \u00e0 la fois artiste, collectionneur, designer, musicien, bibliophile, d\u00e9fenseur du patrimoine et homme d\u2019affaires \u2014 richissime \u2014, ayant su faire prosp\u00e9rer les entreprises familiales (viticulture et commerces), pour mener de front plusieurs carri\u00e8res et plusieurs vies. Dans le cadre des manifestations organis\u00e9es pour le centenaire de sa disparition, cette exposition pr\u00e9sente son \u0153uvre \u00e0 l\u2019abbaye Saint-Andr\u00e9 \u00e0 Avignon, o\u00f9 il restaura un site b\u00e9n\u00e9dictin en face des murailles de la ville. \u00c0 l\u2019abbaye cistercienne de Fontfroide, vers Narbonne, qu\u2019il avait acquise en\u00a01908<strong> <\/strong>et magnifiquement r\u00e9habilit\u00e9e, on peut admirer le cycle de peintures murales de son ami Odilon Redon, r\u00e9alis\u00e9 en 1910-1911. Ces pr\u00e9cieux panneaux devraient faire le voyage \u00e0 Paris l\u2019ann\u00e9e prochaine \u00e0 la Fondation Vuitton, pour un hommage \u00e0 cet artiste oubli\u00e9 et immense collectionneur, qui poss\u00e9da plus de trois cents Gauguin, de nombreux Van Gogh, Cezanne, Bonnard et bien autres repr\u00e9sentants de la modernit\u00e9 qu\u2019il a encourag\u00e9s.<\/p>\n","protected":false},"excerpt":{"rendered":"L\u2019exposition r\u00e9unit pour la premi\u00e8re fois l\u2019\u0153uvre proven\u00e7ale de Gustave Fayet qui \u00e9tait \u00e0 la fois artiste, collectionneur&hellip;\n","protected":false},"author":2,"featured_media":195360,"comment_status":"","ping_status":"","sticky":false,"template":"","format":"standard","meta":{"footnotes":""},"categories":[1358],"tags":[1348,1384,1385,1386,58,59,1011,27],"class_list":{"0":"post-195359","1":"post","2":"type-post","3":"status-publish","4":"format-standard","5":"has-post-thumbnail","7":"category-arts-et-design","8":"tag-arts","9":"tag-arts-and-design","10":"tag-arts-et-design","11":"tag-design","12":"tag-divertissement","13":"tag-entertainment","14":"tag-fr","15":"tag-france"},"share_on_mastodon":{"url":"https:\/\/pubeurope.com\/@fr\/114725903874329628","error":""},"_links":{"self":[{"href":"https:\/\/www.europesays.com\/fr\/wp-json\/wp\/v2\/posts\/195359","targetHints":{"allow":["GET"]}}],"collection":[{"href":"https:\/\/www.europesays.com\/fr\/wp-json\/wp\/v2\/posts"}],"about":[{"href":"https:\/\/www.europesays.com\/fr\/wp-json\/wp\/v2\/types\/post"}],"author":[{"embeddable":true,"href":"https:\/\/www.europesays.com\/fr\/wp-json\/wp\/v2\/users\/2"}],"replies":[{"embeddable":true,"href":"https:\/\/www.europesays.com\/fr\/wp-json\/wp\/v2\/comments?post=195359"}],"version-history":[{"count":0,"href":"https:\/\/www.europesays.com\/fr\/wp-json\/wp\/v2\/posts\/195359\/revisions"}],"wp:featuredmedia":[{"embeddable":true,"href":"https:\/\/www.europesays.com\/fr\/wp-json\/wp\/v2\/media\/195360"}],"wp:attachment":[{"href":"https:\/\/www.europesays.com\/fr\/wp-json\/wp\/v2\/media?parent=195359"}],"wp:term":[{"taxonomy":"category","embeddable":true,"href":"https:\/\/www.europesays.com\/fr\/wp-json\/wp\/v2\/categories?post=195359"},{"taxonomy":"post_tag","embeddable":true,"href":"https:\/\/www.europesays.com\/fr\/wp-json\/wp\/v2\/tags?post=195359"}],"curies":[{"name":"wp","href":"https:\/\/api.w.org\/{rel}","templated":true}]}}