{"id":195368,"date":"2025-06-22T07:49:09","date_gmt":"2025-06-22T07:49:09","guid":{"rendered":"https:\/\/www.europesays.com\/fr\/195368\/"},"modified":"2025-06-22T07:49:09","modified_gmt":"2025-06-22T07:49:09","slug":"plongee-dans-le-dernier-sanatorium-de-france","status":"publish","type":"post","link":"https:\/\/www.europesays.com\/fr\/195368\/","title":{"rendered":"plong\u00e9e dans le dernier sanatorium de France"},"content":{"rendered":"<p><strong>REPORTAGE &#8211; <\/strong>En Essonne, le Centre hospitalier de Bligny accueille, pour plusieurs mois, des patients atteints des tuberculoses les plus graves et les plus complexes \u00e0 soigner.<\/p>\n<p class=\"fig-paragraph\">Dans sa chambre qu\u2019elle a d\u00e9cor\u00e9e de fleurs en papiers et de mandalas colori\u00e9s, \u00ab\u00a0Poutchou\u00a0\u00bb, comme on la surnomme ici, m\u00e8ne d\u2019ordinaire l\u2019existence normale des jeunes femmes d\u2019une vingtaine d\u2019ann\u00e9es, dans une ville des bords de Seine comme il en existe tant en \u00cele-de-France. Mais \u00ab\u00a0Poutchou\u00a0\u00bb se retrouve coinc\u00e9e \u00e0 l\u2019h\u00f4pital depuis plusieurs mois. Elle est atteinte de la\u00a0<a href=\"https:\/\/sante.lefigaro.fr\/sante\/maladie\/tuberculose\/quels-sont-signes\" target=\"_blank\" data-fig-type=\"Keyword\" rel=\"noopener\" data-gtm-custom-categorie=\"navigation\" data-gtm-custom-action=\"crossclick\" data-gtm-custom-label=\"Contextuel\" data-gtm-event=\"customEventSPE\" data-fig-domain=\"SANTE\">tuberculose<\/a>. Une pathologie infectieuse que l\u2019on pourrait croire disparue en France, mais qui touche encore pr\u00e8s de 5000 personnes chaque ann\u00e9e. \u00ab\u00a0J\u2019ai un peu honte. Ma s\u0153ur s\u2019est moqu\u00e9e de moi en me disant que c\u2019\u00e9tait\u00a0<a href=\"https:\/\/sante.lefigaro.fr\/article\/tuberculose-une-maladie-de-la-pauvrete\/\" data-fig-type=\"Article\" data-gtm-custom-categorie=\"navigation\" data-gtm-custom-action=\"crossclick\" data-gtm-custom-label=\"Contextuel\" data-gtm-event=\"customEventSPE\" data-fig-domain=\"SANTE\" target=\"_blank\" rel=\"noopener\">une maladie de pauvre<\/a> &#8230;\u00a0\u00bb<\/p>\n<p class=\"fig-paragraph\">\u00ab\u00a0Poutchou\u00a0\u00bb n\u2019a aucune id\u00e9e de la fa\u00e7on dont elle a attrap\u00e9 ce bacille de Koch (Mycobacterium tuberculosis), qui a fini par se nicher au creux de son dos. \u00ab\u00a0J\u2019avais des douleurs de plus en plus fortes, puis j\u2019ai fini par perdre la mobilit\u00e9 de mes jambes. On a d\u00e9tect\u00e9 une masse dans ma colonne vert\u00e9brale, j\u2019ai \u00e9t\u00e9 op\u00e9r\u00e9e en urgence et en l\u2019analysant les m\u00e9decins\u2026<\/p>\n<p class=\"fig-premium-paywall__infos\">\n        Cet article est r\u00e9serv\u00e9 aux abonn\u00e9s.        Il vous reste 92% \u00e0 d\u00e9couvrir.\n    <\/p>\n<p>                <img  data- alt=\"Le Figaro\" class=\"fig-img--complete fig-img\"\/><\/p>\n<p class=\"fig-premium-paywall__title\">Vente Flash<\/p>\n<p class=\"fig-premium-paywall__subtitle\">3,99\u20ac par mois pendant 12 mois. Sans engagement.<\/p>\n<p class=\"fig-premium-paywall__connect\">\n                D\u00e9j\u00e0 abonn\u00e9\u00a0?                <a class=\"fig-premium-paywall__connect-link\" href=\"https:\/\/connect.lefigaro.fr\/login?client=sante_web&amp;type=main&amp;redirect_uri=https%3A%2F%2Fsante.lefigaro.fr%2Fmedecine%2Favoir-la-tuberculose-c-est-la-honte-plongee-dans-le-dernier-sanatorium-de-france-20250622\" data-js-gtm=\"{&quot;customCategorie&quot;: &quot;conversion&quot;, &quot;customAction&quot;: &quot;before_Landing_Connexion_paywall_auto&quot;, &quot;customLabel&quot;: &quot;c2FudGUubGVmaWdhcm8uZnJfXzFmMDQyYjU4LTE0NzEtNmIxNC04ZmIzLTQ5N2RkMDJmZDRjY19fQXJ0aWNsZQ==_\u00abJ\u2019ai honte d\u2019avoir la tuberculose...\u00bb: plong\u00e9e dans le dernier sanatorium de France_365&quot;, &quot;customIDSPE&quot;: &quot;c2FudGUubGVmaWdhcm8uZnJfXzFmMDQyYjU4LTE0NzEtNmIxNC04ZmIzLTQ5N2RkMDJmZDRjY19fQXJ0aWNsZQ==&quot;, &quot;event&quot;: &quot;customEventSPE&quot;}\" target=\"_blank\" rel=\"noopener\"><br \/>\n                    Connectez-vous<br \/>\n                <\/a>\n            <\/p>\n","protected":false},"excerpt":{"rendered":"REPORTAGE &#8211; En Essonne, le Centre hospitalier de Bligny accueille, pour plusieurs mois, des patients atteints des tuberculoses&hellip;\n","protected":false},"author":2,"featured_media":195369,"comment_status":"","ping_status":"","sticky":false,"template":"","format":"standard","meta":{"footnotes":""},"categories":[10],"tags":[237,101,232,231,234,228,1011,27,72,239,230,238,226,224,225,233,229,236,235,71,227],"class_list":{"0":"post-195368","1":"post","2":"type-post","3":"status-publish","4":"format-standard","5":"has-post-thumbnail","7":"category-sante","8":"tag-actualite-sur-les-maladies","9":"tag-cancer","10":"tag-cardiologie","11":"tag-cerveau","12":"tag-diabete","13":"tag-diagnostic","14":"tag-fr","15":"tag-france","16":"tag-health","17":"tag-info-sur-les-maladies","18":"tag-infographie","19":"tag-information-sur-les-maladies","20":"tag-maladie","21":"tag-medecine","22":"tag-medicament","23":"tag-obesite","24":"tag-pathologie","25":"tag-pediatrie","26":"tag-psychiatrie","27":"tag-sante","28":"tag-traitement"},"share_on_mastodon":{"url":"https:\/\/pubeurope.com\/@fr\/114725923317816953","error":""},"_links":{"self":[{"href":"https:\/\/www.europesays.com\/fr\/wp-json\/wp\/v2\/posts\/195368","targetHints":{"allow":["GET"]}}],"collection":[{"href":"https:\/\/www.europesays.com\/fr\/wp-json\/wp\/v2\/posts"}],"about":[{"href":"https:\/\/www.europesays.com\/fr\/wp-json\/wp\/v2\/types\/post"}],"author":[{"embeddable":true,"href":"https:\/\/www.europesays.com\/fr\/wp-json\/wp\/v2\/users\/2"}],"replies":[{"embeddable":true,"href":"https:\/\/www.europesays.com\/fr\/wp-json\/wp\/v2\/comments?post=195368"}],"version-history":[{"count":0,"href":"https:\/\/www.europesays.com\/fr\/wp-json\/wp\/v2\/posts\/195368\/revisions"}],"wp:featuredmedia":[{"embeddable":true,"href":"https:\/\/www.europesays.com\/fr\/wp-json\/wp\/v2\/media\/195369"}],"wp:attachment":[{"href":"https:\/\/www.europesays.com\/fr\/wp-json\/wp\/v2\/media?parent=195368"}],"wp:term":[{"taxonomy":"category","embeddable":true,"href":"https:\/\/www.europesays.com\/fr\/wp-json\/wp\/v2\/categories?post=195368"},{"taxonomy":"post_tag","embeddable":true,"href":"https:\/\/www.europesays.com\/fr\/wp-json\/wp\/v2\/tags?post=195368"}],"curies":[{"name":"wp","href":"https:\/\/api.w.org\/{rel}","templated":true}]}}