{"id":19537,"date":"2025-04-12T09:37:11","date_gmt":"2025-04-12T09:37:11","guid":{"rendered":"https:\/\/www.europesays.com\/fr\/19537\/"},"modified":"2025-04-12T09:37:11","modified_gmt":"2025-04-12T09:37:11","slug":"trenitalia-etudie-le-lancement-dune-ligne-tgv-entre-lyon-et-londres-ce-que-lon-sait","status":"publish","type":"post","link":"https:\/\/www.europesays.com\/fr\/19537\/","title":{"rendered":"Trenitalia \u00e9tudie le lancement d&rsquo;une ligne TGV entre Lyon et Londres, ce que l&rsquo;on sait"},"content":{"rendered":"<p>            Par<br \/>\n        <strong><br \/>\n            <a href=\"https:\/\/actu.fr\/auteur\/nicolas-zaugra\" title=\"Consulter tous les articles de Nicolas Zaugra\" target=\"_blank\" rel=\"noopener\">Nicolas Zaugra<\/a><br \/>\n        <\/strong><\/p>\n<p>        Publi\u00e9 le<\/p>\n<p>            12 avr. 2025 \u00e0 7h46        <\/p>\n<p>Bient\u00f4t une <strong>ligne Trenitalia Lyon-Londres<\/strong> ? La compagnie publique italienne travaille s\u00e9rieusement sur une liaison \u00e0 grande vitesse entre la troisi\u00e8me ville de France et la capitale britannique.<\/p>\n<p class=\" wall-content\">\u00ab\u00a0Des \u00e9valuations sont en cours pour d\u2019\u00e9ventuelles extensions du service Londres-Paris via Lille, Ashford, Lyon, Marseille et Milan\u00a0\u00bb, affirme le groupe FS dont d\u00e9pend <a href=\"https:\/\/actu.fr\/tag\/trenitalia\" target=\"_blank\" rel=\"noopener\">Trenitalia<\/a>. Le groupe Ferrovie dello Stato Italiane (FS) a annonc\u00e9 cette semaine d\u00e9fier le c\u00e9l\u00e8bre <a href=\"https:\/\/actu.fr\/ile-de-france\/paris_75056\/bombe-pres-de-la-gare-du-nord-eurostar-annonce-un-trafic-normal-depuis-paris-ce-samedi_62343995.html\" target=\"_blank\" rel=\"noopener\">Eurostar<\/a> avec un \u00ab\u00a0plan de lancement d\u2019une nouvelle liaison \u00e0 grande vitesse\u00a0\u00bb <a href=\"https:\/\/actu.fr\/ile-de-france\/paris_75056\/trenitalia-veut-concurrencer-eurostar-et-lancer-une-ligne-a-grande-vitesse-entre-paris-et-londres_62481811.html\" target=\"_blank\" rel=\"noopener\">entre Paris et Londres<\/a> d\u2019ici 2029 \u00ab\u00a0avec des rames inspir\u00e9es du Frecciarossa\u00a0\u00bb, le TGV rouge italien.<\/p>\n<p>Bient\u00f4t des trains Lyon-Londres dans le tunnel sous la Manche ?<\/p>\n<p class=\" wall-content\"><a href=\"https:\/\/actu.fr\/hauts-de-france\/coquelles_62239\/pas-calais-brexit-eurotunnel-sequipe-la-reconnaissance-faciale_21547305.html\" target=\"_blank\" rel=\"noopener\">Eurotunnel<\/a>, la soci\u00e9t\u00e9 qui g\u00e8re le tunnel sous la Manche, ne cesse de chercher \u00e0 attirer de nouveaux op\u00e9rateurs. Le tunnel est en mesure d\u2019accueillir\u00a0jusqu\u2019\u00e0 1\u2009000 trains par jour\u00a0au lieu des 400 quotidiens actuels, selon son directeur g\u00e9n\u00e9ral Yann Leriche.<\/p>\n<p class=\" wall-content\">Eurostar avait arr\u00eat\u00e9 sa <a href=\"https:\/\/actu.fr\/auvergne-rhone-alpes\/lyon_69123\/bientot-une-ligne-tgv-directe-lyon-londres-ce-que-l-on-sait-de-ce-projet-serieux_62397679.html\" target=\"_blank\" rel=\"noopener\">liaison directe entre Lyon et Londres<\/a> pendant le Covid en 2020. Lanc\u00e9e cinq ans plus t\u00f4t, elle n\u2019est plus jamais revenue \u00e0 la gare Lyon Part-Dieu.\u00a0<\/p>\n<p class=\" wall-content\">La compagnie italienne Trenitalia, qui perd encore beaucoup d\u2019argent en France depuis son lancement sur le Lyon-Paris, continue de se d\u00e9velopper. En juin, elle lance une <a href=\"https:\/\/actu.fr\/ile-de-france\/paris_75056\/paris-marseille-en-train-trenitalia-lance-une-liaison-directe-avec-quatre-tgv-par-jour-a-partir-de-mi-juin_62144683.html\" target=\"_blank\" rel=\"noopener\">ligne Lyon-Marseille depuis la gare TGV de Saint-Exup\u00e9ry<\/a> et non Part-Dieu en plein centre. Le 1er avril, elle a aussi relanc\u00e9 sa <a href=\"https:\/\/actu.fr\/auvergne-rhone-alpes\/lyon_69123\/trenitalia-rouvre-sa-ligne-lyon-turin-milan-en-avril-2025-des-billets-des-33-euros_62150000.html\" target=\"_blank\" rel=\"noopener\">liaison vers l\u2019Italie (Turin et Milan)<\/a> apr\u00e8s deux ans d\u2019arr\u00eat.<\/p>\n<p>Vid\u00e9os : en ce moment sur Actu<\/p>\n<p class=\" wall-content\">Suivez toute l\u2019actualit\u00e9 de vos villes et m\u00e9dias favoris en vous inscrivant \u00e0 <a href=\"https:\/\/moncompte.actu.fr\" title=\"D\u00e9couvez Mon Actu\" rel=\"nofollow noopener\" data-trk=\"{&quot;cta&quot;:{&quot;action&quot;:&quot;https:\\\/\\\/moncompte.actu.fr&quot;,&quot;category&quot;:&quot;mon compte&quot;,&quot;from&quot;:&quot;article footer&quot;,&quot;name&quot;:&quot;Mon actu&quot;,&quot;type&quot;:&quot;cta&quot;}}\" target=\"_blank\">Mon Actu<\/a>.<\/p>\n","protected":false},"excerpt":{"rendered":"Par Nicolas Zaugra Publi\u00e9 le 12 avr. 2025 \u00e0 7h46 Bient\u00f4t une ligne Trenitalia Lyon-Londres ? La compagnie&hellip;\n","protected":false},"author":2,"featured_media":19538,"comment_status":"","ping_status":"","sticky":false,"template":"","format":"standard","meta":{"footnotes":""},"categories":[1889],"tags":[1111,11,2430,33,1777,674,1011,27,2428,6178,12,25,473,7582],"class_list":{"0":"post-19537","1":"post","2":"type-post","3":"status-publish","4":"format-standard","5":"has-post-thumbnail","7":"category-lyon","8":"tag-actu","9":"tag-actualites","10":"tag-auvergne-rhone-alpes","11":"tag-economie","12":"tag-eu","13":"tag-europe","14":"tag-fr","15":"tag-france","16":"tag-lyon","17":"tag-lyon-part-dieu","18":"tag-news","19":"tag-republique-francaise","20":"tag-royaume-uni","21":"tag-trenitalia"},"share_on_mastodon":{"url":"https:\/\/pubeurope.com\/@fr\/114324324018485912","error":""},"_links":{"self":[{"href":"https:\/\/www.europesays.com\/fr\/wp-json\/wp\/v2\/posts\/19537","targetHints":{"allow":["GET"]}}],"collection":[{"href":"https:\/\/www.europesays.com\/fr\/wp-json\/wp\/v2\/posts"}],"about":[{"href":"https:\/\/www.europesays.com\/fr\/wp-json\/wp\/v2\/types\/post"}],"author":[{"embeddable":true,"href":"https:\/\/www.europesays.com\/fr\/wp-json\/wp\/v2\/users\/2"}],"replies":[{"embeddable":true,"href":"https:\/\/www.europesays.com\/fr\/wp-json\/wp\/v2\/comments?post=19537"}],"version-history":[{"count":0,"href":"https:\/\/www.europesays.com\/fr\/wp-json\/wp\/v2\/posts\/19537\/revisions"}],"wp:featuredmedia":[{"embeddable":true,"href":"https:\/\/www.europesays.com\/fr\/wp-json\/wp\/v2\/media\/19538"}],"wp:attachment":[{"href":"https:\/\/www.europesays.com\/fr\/wp-json\/wp\/v2\/media?parent=19537"}],"wp:term":[{"taxonomy":"category","embeddable":true,"href":"https:\/\/www.europesays.com\/fr\/wp-json\/wp\/v2\/categories?post=19537"},{"taxonomy":"post_tag","embeddable":true,"href":"https:\/\/www.europesays.com\/fr\/wp-json\/wp\/v2\/tags?post=19537"}],"curies":[{"name":"wp","href":"https:\/\/api.w.org\/{rel}","templated":true}]}}