{"id":195372,"date":"2025-06-22T07:51:10","date_gmt":"2025-06-22T07:51:10","guid":{"rendered":"https:\/\/www.europesays.com\/fr\/195372\/"},"modified":"2025-06-22T07:51:10","modified_gmt":"2025-06-22T07:51:10","slug":"il-ma-fait-un-peu-flipper","status":"publish","type":"post","link":"https:\/\/www.europesays.com\/fr\/195372\/","title":{"rendered":"Il m&rsquo;a fait un peu flipper"},"content":{"rendered":"<p>Johnny Hallyday restera \u00e0 jamais dans l\u2019esprit de ses nombreux<br \/>\nfans \u00e0 travers le monde. En effet, pendant pr\u00e8s de six d\u00e9cennies,<br \/>\nce dernier a enflamm\u00e9 les c\u0153urs de son public, notamment avec des<br \/>\ntitres comme Que je t\u2019aime, Allumer le feu ou<br \/>\nencore Je te promets. Avec plus de 110 millions de disques<br \/>\nvendus, 79 albums et des milliers de concerts, l\u2019Idole des jeunes<br \/>\nest devenue une v\u00e9ritable l\u00e9gende. Sa disparition en 2017 a donc<br \/>\n\u00e9t\u00e9 un v\u00e9ritable coup dur pour la France, particuli\u00e8rement pour sa<br \/>\nfamille.<\/p>\n<p>Un hommage poignant<\/p>\n<p>Si Johnny Hallyday \u00e9tait encore en vie, ce dernier aurait<br \/>\nc\u00e9l\u00e9br\u00e9 son 82\u00e8me anniversaire le 15 juin dernier. Une date<br \/>\nsp\u00e9ciale que ses nombreux fans ainsi que ses proches n\u2019ont pas<br \/>\noubli\u00e9. D\u2019ailleurs, \u00e0 cette occasion, ces derniers ont d\u00e9cid\u00e9 de<br \/>\nlui rendre hommage. Et ce de la meilleure des mani\u00e8res. En effet,<br \/>\n<a href=\"https:\/\/www.melty.fr\/people\/comme-un-pere-pascal-obispo-cash-comme-jamais-sur-sa-relation-avec-johnny-hallyday-2242637.html\" target=\"_blank\" rel=\"noopener\"><br \/>\nPascal Obispo, grand ami du chanteur<\/a> et la fille du Taulier<br \/>\nLaura Smet ont d\u00e9voil\u00e9 <strong>le titre \u201cAppelle-moi<br \/>\nJohnny\u201d<\/strong>.<\/p>\n<p>Un projet important pour le chanteur, mais aussi pour l\u2019actrice<br \/>\nde 41 ans qui a v\u00e9cu cela comme une sorte de th\u00e9rapie. \u201cAvec ce<br \/>\nclip en hommage \u00e0 mon p\u00e8re, je me r\u00e9pare ! <strong>Je me sens enfin<br \/>\napais\u00e9e, comme rarement depuis son d\u00e9part<\/strong>\u201d, a-t-elle<br \/>\nr\u00e9v\u00e9l\u00e9. Cependant, si cette derni\u00e8re porte un amour inconditionnel<br \/>\npour son p\u00e8re, elle reconna\u00eet qu\u2019il n\u2019a pas toujours \u00e9t\u00e9 le<br \/>\nmeilleur dans ce r\u00f4le. Notamment lorsque la quadrag\u00e9naire \u00e9tait<br \/>\ntoute jeune.<\/p>\n<p>Laura Smet cash sur le comportement inconscient de son p\u00e8re<br \/>\nJohnny Hallyday<\/p>\n<p>Lors de son passage sur la cha\u00eene 100 Bornes, <a href=\"https:\/\/www.melty.fr\/people\/fille-de-johnny-hallyday-laura-smet-balance-sur-son-pere-cest-tres-malsain-2239175.html\" target=\"_blank\" rel=\"noopener\"><br \/>\nLaura Smet est revenue sur sa relation avec son p\u00e8re<\/a>. Et il<br \/>\nfaut dire que parfois, le Taulier n\u2019a pas souvent \u00e9t\u00e9 \u00e0 la hauteur<br \/>\nmalgr\u00e9 ses efforts. D\u2019ailleurs, lors de cet entretien, la fille de<br \/>\nJohnny Hallyday a \u00e9voqu\u00e9 un jour qu\u2019elle n\u2019est pas pr\u00e8s d\u2019oublier.<br \/>\n\u201cIl avait une Ferrari. <strong>Il y a U2 qui passait en concert<br \/>\n\u00e0 Nice. Je ne sais pas ce qu\u2019il s\u2019\u00e9tait pass\u00e9<\/strong>, mais il<br \/>\nn\u2019\u00e9tait pas de tr\u00e8s bonne humeur ce soir-l\u00e0. Il a d\u00e9cid\u00e9 que ce<br \/>\nsoit moi qui aille dans la voiture pour aller au concert\u201d,<br \/>\na-t-elle confi\u00e9.<\/p>\n<p>Avant d\u2019\u00e9voquer la partie la plus angoissante : \u201cJ\u2019avais<br \/>\n12-13 ans, et je ne sais pas ce qui lui est arriv\u00e9, il n\u2019a pas<br \/>\nparl\u00e9 pendant une heure et demie. <strong>Il roulait \u00e0 plus de<br \/>\n200km\/h sur des petites routes. Il mettait la clim\u2019 \u00e0 fond. J\u2019ai<br \/>\nflipp\u00e9<\/strong><strong>.<\/strong>\u201d Un moment traumatisant pour<br \/>\nLaura Smet qui a clairement eu peur pour sa vie.<\/p>\n<p>\u201cJe ne veux pas faire de mal \u00e0 mon<br \/>\np\u00e8re\u201d<\/p>\n<p>Sur la route avec Johnny Hallyday, Laura Smet a vu sa vie<br \/>\nd\u00e9filer. Heureusement pour cette derni\u00e8re, cette conduite<br \/>\nirresponsable de l\u00a0\u00bbIc\u00f4ne des jeunes n\u2019a pas tourn\u00e9 \u00e0 la<br \/>\ncatastrophe. \u201cOn est arriv\u00e9s sains et saufs, on a vu le<br \/>\nconcert, il \u00e9tait content\u201d, a-t-elle racont\u00e9. Malgr\u00e9 tout, la<br \/>\nchanteuse de 41 ans garde un bon souvenir : \u201c<strong>Il m\u2019a<br \/>\nfait un peu flipper, \u00e7a l\u2019a fait marrer, et on a pass\u00e9 une super<br \/>\nsoir\u00e9e.<\/strong>\u201d<\/p>\n<p>Une anecdote qu\u2019elle ne compte pas oublier, mais qu\u2019elle est<br \/>\nfi\u00e8re de raconter. Lors de cet entretien, Laura Smet est \u00e9galement<br \/>\nrevenue sur sa relation avec ses s\u0153urs. C\u2019est alors qu\u2019<strong>elle<br \/>\na r\u00e9v\u00e9l\u00e9 n\u2019avoir aucun souci avec Jade et Joy<\/strong>. D\u2019ailleurs,<br \/>\nl\u2019actrice fait tout son possible pour apaiser les tensions<br \/>\nfamiliales. \u201cJe me suis beaucoup frein\u00e9e, car je ne veux pas<br \/>\nfaire de mal \u00e0 mon p\u00e8re, ni \u00e0 Jade et Joy qui ne sont pas<br \/>\nresponsables de tout \u00e7a. J\u2019ai beaucoup travaill\u00e9 avec un psy pour<br \/>\nen arriver l\u00e0.\u201d<\/p>\n","protected":false},"excerpt":{"rendered":"Johnny Hallyday restera \u00e0 jamais dans l\u2019esprit de ses nombreux fans \u00e0 travers le monde. En effet, pendant&hellip;\n","protected":false},"author":2,"featured_media":195373,"comment_status":"","ping_status":"","sticky":false,"template":"","format":"standard","meta":{"footnotes":""},"categories":[8],"tags":[58,59,1011,27,1304,15910],"class_list":{"0":"post-195372","1":"post","2":"type-post","3":"status-publish","4":"format-standard","5":"has-post-thumbnail","7":"category-divertissement","8":"tag-divertissement","9":"tag-entertainment","10":"tag-fr","11":"tag-france","12":"tag-johnny-hallyday","13":"tag-laura-smet"},"share_on_mastodon":{"url":"https:\/\/pubeurope.com\/@fr\/114725931171854582","error":""},"_links":{"self":[{"href":"https:\/\/www.europesays.com\/fr\/wp-json\/wp\/v2\/posts\/195372","targetHints":{"allow":["GET"]}}],"collection":[{"href":"https:\/\/www.europesays.com\/fr\/wp-json\/wp\/v2\/posts"}],"about":[{"href":"https:\/\/www.europesays.com\/fr\/wp-json\/wp\/v2\/types\/post"}],"author":[{"embeddable":true,"href":"https:\/\/www.europesays.com\/fr\/wp-json\/wp\/v2\/users\/2"}],"replies":[{"embeddable":true,"href":"https:\/\/www.europesays.com\/fr\/wp-json\/wp\/v2\/comments?post=195372"}],"version-history":[{"count":0,"href":"https:\/\/www.europesays.com\/fr\/wp-json\/wp\/v2\/posts\/195372\/revisions"}],"wp:featuredmedia":[{"embeddable":true,"href":"https:\/\/www.europesays.com\/fr\/wp-json\/wp\/v2\/media\/195373"}],"wp:attachment":[{"href":"https:\/\/www.europesays.com\/fr\/wp-json\/wp\/v2\/media?parent=195372"}],"wp:term":[{"taxonomy":"category","embeddable":true,"href":"https:\/\/www.europesays.com\/fr\/wp-json\/wp\/v2\/categories?post=195372"},{"taxonomy":"post_tag","embeddable":true,"href":"https:\/\/www.europesays.com\/fr\/wp-json\/wp\/v2\/tags?post=195372"}],"curies":[{"name":"wp","href":"https:\/\/api.w.org\/{rel}","templated":true}]}}