{"id":195378,"date":"2025-06-22T07:54:08","date_gmt":"2025-06-22T07:54:08","guid":{"rendered":"https:\/\/www.europesays.com\/fr\/195378\/"},"modified":"2025-06-22T07:54:08","modified_gmt":"2025-06-22T07:54:08","slug":"teheran-affirme-avoir-vise-laeroport-ben-gourion","status":"publish","type":"post","link":"https:\/\/www.europesays.com\/fr\/195378\/","title":{"rendered":"T\u00e9h\u00e9ran affirme avoir vis\u00e9 l&rsquo;a\u00e9roport Ben Gourion"},"content":{"rendered":"<p>Quelques heures \u00e0 peine apr\u00e8s les bombardements am\u00e9ricains en Iran, le r\u00e9gime des mollahs a lanc\u00e9 ce dimanche une salve de missiles vers plusieurs cibles situ\u00e9es en Isra\u00ebl.<\/p>\n<p class=\"fig-paragraph\">La riposte a commenc\u00e9. Les forces arm\u00e9es iraniennes ont d\u00e9clar\u00e9 dimanche 22 juin 2025 avoir pris pour cible plusieurs sites en Isra\u00ebl, dont l&rsquo;a\u00e9roport international Ben Gourion, pr\u00e8s de\u00a0<a href=\"https:\/\/www.lefigaro.fr\/tag\/tel-aviv\" target=\"_blank\" rel=\"noopener\" data-gtm-custom-categorie=\"navigation\" data-gtm-custom-action=\"crossclick\" data-gtm-custom-label=\"Contextuel\" data-gtm-event=\"customEventSPE\">Tel-Aviv<\/a>, apr\u00e8s les\u00a0<a href=\"https:\/\/www.lefigaro.fr\/international\/direct-iran-israel-trump-etats-unis-nucleaire-b-2-fordo-attaque-bombardement-20250622\" data-fig-type=\"Live\" data-gtm-custom-categorie=\"navigation\" data-gtm-custom-action=\"crossclick\" data-gtm-custom-label=\"Contextuel\" data-gtm-event=\"customEventSPE\" data-fig-domain=\"LEFIGARO\" target=\"_blank\" rel=\"noopener\">attaques am\u00e9ricaines contre les principaux sites nucl\u00e9aires de la R\u00e9publique islamique<\/a>.<\/p>\n<p class=\"fig-paragraph\">\u00abLa vingti\u00e8me vague de l&rsquo;op\u00e9ration Honest Promise 3 a commenc\u00e9 \u00e0 utiliser une combinaison de missiles \u00e0 carburant liquide et solide de longue port\u00e9e dot\u00e9s d&rsquo;une puissance d&rsquo;ogive d\u00e9vastatrice\u00bb, ont d\u00e9clar\u00e9 les forces arm\u00e9es dans un communiqu\u00e9 cit\u00e9 par l&rsquo;agence de presse Fars. Les cibles comprenaient l&rsquo;a\u00e9roport, un \u00abcentre de recherche biologique\u00bb, des bases logistiques et plusieurs niveaux de centres de commandement et de contr\u00f4le.<\/p>\n<p class=\"fig-paragraph\">Plus d\u2019informations \u00e0 venir&#8230;<\/p>\n","protected":false},"excerpt":{"rendered":"Quelques heures \u00e0 peine apr\u00e8s les bombardements am\u00e9ricains en Iran, le r\u00e9gime des mollahs a lanc\u00e9 ce dimanche&hellip;\n","protected":false},"author":2,"featured_media":195379,"comment_status":"","ping_status":"","sticky":false,"template":"","format":"standard","meta":{"footnotes":""},"categories":[5],"tags":[259,11,260,1011,27,14,3019,664,261,12,262,28],"class_list":{"0":"post-195378","1":"post","2":"type-post","3":"status-publish","4":"format-standard","5":"has-post-thumbnail","7":"category-international","8":"tag-actualite-internationale","9":"tag-actualites","10":"tag-affaires-etrangeres","11":"tag-fr","12":"tag-france","13":"tag-international","14":"tag-iran","15":"tag-israel","16":"tag-ministere-des-affaires-etrangeres","17":"tag-news","18":"tag-politique-etrangere","19":"tag-world"},"share_on_mastodon":{"url":"https:\/\/pubeurope.com\/@fr\/114725942954565622","error":""},"_links":{"self":[{"href":"https:\/\/www.europesays.com\/fr\/wp-json\/wp\/v2\/posts\/195378","targetHints":{"allow":["GET"]}}],"collection":[{"href":"https:\/\/www.europesays.com\/fr\/wp-json\/wp\/v2\/posts"}],"about":[{"href":"https:\/\/www.europesays.com\/fr\/wp-json\/wp\/v2\/types\/post"}],"author":[{"embeddable":true,"href":"https:\/\/www.europesays.com\/fr\/wp-json\/wp\/v2\/users\/2"}],"replies":[{"embeddable":true,"href":"https:\/\/www.europesays.com\/fr\/wp-json\/wp\/v2\/comments?post=195378"}],"version-history":[{"count":0,"href":"https:\/\/www.europesays.com\/fr\/wp-json\/wp\/v2\/posts\/195378\/revisions"}],"wp:featuredmedia":[{"embeddable":true,"href":"https:\/\/www.europesays.com\/fr\/wp-json\/wp\/v2\/media\/195379"}],"wp:attachment":[{"href":"https:\/\/www.europesays.com\/fr\/wp-json\/wp\/v2\/media?parent=195378"}],"wp:term":[{"taxonomy":"category","embeddable":true,"href":"https:\/\/www.europesays.com\/fr\/wp-json\/wp\/v2\/categories?post=195378"},{"taxonomy":"post_tag","embeddable":true,"href":"https:\/\/www.europesays.com\/fr\/wp-json\/wp\/v2\/tags?post=195378"}],"curies":[{"name":"wp","href":"https:\/\/api.w.org\/{rel}","templated":true}]}}