{"id":195382,"date":"2025-06-22T07:56:11","date_gmt":"2025-06-22T07:56:11","guid":{"rendered":"https:\/\/www.europesays.com\/fr\/195382\/"},"modified":"2025-06-22T07:56:11","modified_gmt":"2025-06-22T07:56:11","slug":"deux-departements-maintenus-en-vigilance-orange-canicule-dimanche-22-juin","status":"publish","type":"post","link":"https:\/\/www.europesays.com\/fr\/195382\/","title":{"rendered":"deux d\u00e9partements maintenus en vigilance orange canicule dimanche 22\u00a0juin"},"content":{"rendered":"<p>        <img decoding=\"async\" loading=\"lazy\" src=\"https:\/\/www.europesays.com\/fr\/wp-content\/uploads\/2025\/06\/334cc22_1689683642540-gettyimages-1242589932.jpg\"  width=\"728\" height=\"409\" alt=\"De tr\u00e8s fortes chaleurs sont encore attendue sur la partie est du pays ce dimanche 22\u00a0juin 2025. (photo d\u2019illustration)\"\/>  <\/p>\n<p>Ulrich Baumgarten \/ U. Baumgarten via Getty Images<\/p>\n<p>De tr\u00e8s fortes chaleurs sont encore attendue sur la partie est du pays ce dimanche 22\u00a0juin 2025. (photo d\u2019illustration)<\/p>\n<p class=\"asset asset-text\">M\u00c9T\u00c9O &#8211; Apr\u00e8s le pic de chaleur samedi en France, les temp\u00e9ratures redescendent (un peu). Alors que 16\u00a0d\u00e9partements \u00e9taient <a href=\"https:\/\/www.huffingtonpost.fr\/france\/article\/meteo-ces-rares-departements-sans-canicule-ou-il-fera-moins-de-30-degres-ce-samedi-21-juin_251609.html\" rel=\"nofollow noopener\" target=\"_blank\">concern\u00e9s la veille par une vigilance orange canicule<\/a>, M\u00e9t\u00e9o-France n\u2019a conserv\u00e9 que deux d\u00e9partements \u00e0 ce <a href=\"https:\/\/www.huffingtonpost.fr\/france\/article\/canicule-13-departements-places-en-vigilance-orange-pour-ce-dimanche-21-juin_251640.html\" rel=\"nofollow noopener\" target=\"_blank\">niveau pour la journ\u00e9e de ce dimanche 22\u00a0juin<\/a>.<\/p>\n<p class=\"asset asset-text\">Apr\u00e8s une nuit encore chaude, le pr\u00e9visionniste a annonc\u00e9 la \u00ab\u00a0fin de l\u2019\u00e9pisode de tr\u00e8s fortes chaleurs sur la moiti\u00e9 ouest du pays\u00a0\u00bb. Mais le maintien de temp\u00e9ratures tr\u00e8s \u00e9lev\u00e9es sur la partie est pousse M\u00e9t\u00e9o-France \u00e0 conserver <a href=\"https:\/\/www.huffingtonpost.fr\/france\/article\/vigilance-orange-canicule-vendredi-sur-16-departements-de-l-ouest-de-la-france_251567.html\" rel=\"nofollow noopener\" target=\"_blank\">le Rh\u00f4ne et l\u2019Is\u00e8re<\/a> en orange. De nombreux d\u00e9partements restent eux plac\u00e9s en vigilance jaune \u00e0 cause de cette \u00ab\u00a0vague de chaleur pr\u00e9coce\u00a0\u00bb sur une bonne partie de la France.<\/p>\n<p> La lecture de ce contenu est susceptible d\u2019entra\u00eener un d\u00e9p\u00f4t de cookies de la part de l\u2019op\u00e9rateur tiers qui l\u2019h\u00e9berge. Compte-tenu des choix que vous avez exprim\u00e9s en mati\u00e8re de d\u00e9p\u00f4t de cookies, nous avons bloqu\u00e9 l\u2019affichage de ce contenu. Si vous souhaitez y acc\u00e9der, vous devez accepter la cat\u00e9gorie de cookies \u201cContenus tiers\u201d en cliquant sur le bouton ci-dessous. <\/p>\n<p> Lire la Vid\u00e9o        Le parc\u00a0nucl\u00e9aire d\u2019EDF affect\u00e9    <\/p>\n<p class=\"asset asset-text\">Pour ce dimanche, M\u00e9t\u00e9o-France attend \u00ab\u00a0souvent 35-36\u00a0\u00b0C sur le Rh\u00f4ne et l\u2019Is\u00e8re\u00a0\u00bb, apr\u00e8s une nouvelle nuit sans forte chute des temp\u00e9ratures. Dans la nuit de samedi \u00e0 dimanche, les temp\u00e9ratures dans ces deux d\u00e9partements \u00e9taient globalement comprises entre 18 et 22\u00a0\u00b0C. Et en journ\u00e9e, elles pourront encore grimper \u00ab\u00a0localement\u00a0\u00bb jusqu\u2019\u00e0 \u00ab\u00a037 \u00e0 38 degr\u00e9s, notamment sur Lyon\u00a0\u00bb.<\/p>\n<p class=\"asset asset-text\">Dans le reste du pays samedi, une temp\u00e9rature maximale de 39\u00a0\u00b0C a \u00e9t\u00e9 relev\u00e9e \u00e0 Angoul\u00eame. \u00ab\u00a0Localement, les 38\u00a0\u00b0C ont \u00e9t\u00e9 atteints en Vend\u00e9e\u00a0\u00bb, indique encore M\u00e9t\u00e9o-France, qui a aussi relev\u00e9 comme temp\u00e9ratures maximales 38\u00a0\u00b0C \u00e0 Saintes et Niort, 37\u00a0\u00b0C \u00e0 Rennes, Angers, Tours et Poitiers, 36\u00b0 au\u00a0Mans, 35\u00a0\u00b0C \u00e0 Laval ou encore 34\u00a0\u00b0C \u00e0 Nantes, La Roche-sur-Yon et La\u00a0Rochelle.<\/p>\n<p class=\"asset asset-text\">Cons\u00e9quence apr\u00e8s ce premier \u00ab\u00a0\u00e9pisode pr\u00e9coce de tr\u00e8s fortes chaleurs\u00a0\u00bb, le groupe EDF a avanc\u00e9 \u00e0 lundi au lieu de mercredi le d\u00e9but de possibles restrictions de production dans son\u00a0parc\u00a0nucl\u00e9aire. Le groupe \u00e9lectricien cible surtout le site de sa centrale du Bugey dans l\u2019Ain, \u00e0 cause du possible impact des temp\u00e9ratures \u00e9lev\u00e9es sur le fleuve Rh\u00f4ne.<\/p>\n","protected":false},"excerpt":{"rendered":"Ulrich Baumgarten \/ U. Baumgarten via Getty Images De tr\u00e8s fortes chaleurs sont encore attendue sur la partie&hellip;\n","protected":false},"author":2,"featured_media":180753,"comment_status":"","ping_status":"","sticky":false,"template":"","format":"standard","meta":{"footnotes":""},"categories":[2],"tags":[11,6698,1011,27,2487,2357,12,27202],"class_list":{"0":"post-195382","1":"post","2":"type-post","3":"status-publish","4":"format-standard","5":"has-post-thumbnail","7":"category-actualites","8":"tag-actualites","9":"tag-canicule","10":"tag-fr","11":"tag-france","12":"tag-meteo","13":"tag-meteo-france","14":"tag-news","15":"tag-vigilance-orange"},"share_on_mastodon":{"url":"https:\/\/pubeurope.com\/@fr\/114725950823042533","error":""},"_links":{"self":[{"href":"https:\/\/www.europesays.com\/fr\/wp-json\/wp\/v2\/posts\/195382","targetHints":{"allow":["GET"]}}],"collection":[{"href":"https:\/\/www.europesays.com\/fr\/wp-json\/wp\/v2\/posts"}],"about":[{"href":"https:\/\/www.europesays.com\/fr\/wp-json\/wp\/v2\/types\/post"}],"author":[{"embeddable":true,"href":"https:\/\/www.europesays.com\/fr\/wp-json\/wp\/v2\/users\/2"}],"replies":[{"embeddable":true,"href":"https:\/\/www.europesays.com\/fr\/wp-json\/wp\/v2\/comments?post=195382"}],"version-history":[{"count":0,"href":"https:\/\/www.europesays.com\/fr\/wp-json\/wp\/v2\/posts\/195382\/revisions"}],"wp:featuredmedia":[{"embeddable":true,"href":"https:\/\/www.europesays.com\/fr\/wp-json\/wp\/v2\/media\/180753"}],"wp:attachment":[{"href":"https:\/\/www.europesays.com\/fr\/wp-json\/wp\/v2\/media?parent=195382"}],"wp:term":[{"taxonomy":"category","embeddable":true,"href":"https:\/\/www.europesays.com\/fr\/wp-json\/wp\/v2\/categories?post=195382"},{"taxonomy":"post_tag","embeddable":true,"href":"https:\/\/www.europesays.com\/fr\/wp-json\/wp\/v2\/tags?post=195382"}],"curies":[{"name":"wp","href":"https:\/\/api.w.org\/{rel}","templated":true}]}}