{"id":195383,"date":"2025-06-22T07:57:19","date_gmt":"2025-06-22T07:57:19","guid":{"rendered":"https:\/\/www.europesays.com\/fr\/195383\/"},"modified":"2025-06-22T07:57:19","modified_gmt":"2025-06-22T07:57:19","slug":"loire-electrification-fibre-optique-bornes-de-recharge-cette-structure-modernise-le-departement-depuis-75-ans","status":"publish","type":"post","link":"https:\/\/www.europesays.com\/fr\/195383\/","title":{"rendered":"Loire. \u00c9lectrification, fibre optique, bornes de recharge&#8230; Cette structure modernise le d\u00e9partement depuis 75 ans"},"content":{"rendered":"<p>Le Siel-Territoire d&rsquo;\u00e9nergie Loire a \u00e9t\u00e9 cr\u00e9\u00e9 par arr\u00eat\u00e9 pr\u00e9fectoral du 13\u00a0juin 1950 \u00e0 l\u2019initiative d\u2019Antoine Pinay. Il s\u2019appelle \u00e0 l&rsquo;\u00e9poque Syndicat intercommunal d\u2019\u00e9lectricit\u00e9 du d\u00e9partement de la Loire.<\/p>\n<p>Il a connu plusieurs pr\u00e9sidents\u00a0: Max Fl\u00e9chet, Paul Pillet, Arnaud Bazin, Louis Mercier, Bernard Fournier, Bernard Laget et actuellement Marie-Christine Thivant.<\/p>\n<p>Les communes vont rapidement choisir de se regrouper et former ainsi les premiers syndicats intercommunaux d\u2019\u00e9lectrification. Elles peuvent ainsi n\u00e9gocier des contrats de concession avec les diverses entreprises de production et de distribution d&rsquo;\u00e9lectricit\u00e9 et de gaz qui existaient avant la nationalisation de 1946 et la cr\u00e9ation d\u2019\u00c9lectricit\u00e9 de France et de Gaz de France.<\/p>\n<p>En application de ses statuts, le syndicat est charg\u00e9 de l\u2019organisation du service public de distribution d\u2019\u00e9nergie (\u00e9lectricit\u00e9 et, depuis 1995, gaz) et il prend en 1997 la d\u00e9nomination de Syndicat intercommunal des \u00e9nergies de la Loire (Siel).<\/p>\n<p>La pr\u00e9sidente explique\u00a0: \u00ab\u00a0Ce syndicat, cr\u00e9\u00e9 apr\u00e8s la Seconde Guerre mondiale, s\u2019est attach\u00e9 en priorit\u00e9 \u00e0 amener l\u2019\u00e9lectricit\u00e9 dans la ruralit\u00e9. Assez vite, il s\u2019est ensuite attach\u00e9 \u00e0 d\u00e9velopper l\u2019\u00e9clairage public de la m\u00eame fa\u00e7on.\u00a0\u00bb<\/p>\n<p>Aujourd\u2019hui, il s\u2019\u00e9loigne de ses missions premi\u00e8res afin de r\u00e9pondre aux besoins des collectivit\u00e9s de la Loire en mati\u00e8re de r\u00e9seaux, d\u2019\u00e9conomies d\u2019\u00e9nergie, d\u2019\u00e9clairage public, d\u2019\u00e9nergies renouvelables, de mobilit\u00e9 \u00e9lectrique.<\/p>\n<p>  D\u00e9velopper le r\u00e9seau d\u2019objets connect\u00e9s<\/p>\n<p>\u00ab\u00a0D\u00e8s 2010, nous avons la soci\u00e9t\u00e9 d\u2019\u00e9conomie mixte SEM Soleil qui peut accompagner les priv\u00e9s dans leur projet de d\u00e9veloppement des \u00e9nergies renouvelables et, en 2011, nous avons mis l\u2019accent sur le num\u00e9rique, avec la volont\u00e9 d\u2019amener le tr\u00e8s haut d\u00e9bit dans la ruralit\u00e9. \u00c0 l\u2019\u00e9poque, les op\u00e9rateurs ne s\u2019int\u00e9ressaient qu\u2019aux territoires des communaut\u00e9s d\u2019agglom\u00e9ration\u00a0\u00bb, rappelle la pr\u00e9sidente. Aujourd\u2019hui, toutes les communes rurales sont reli\u00e9es au tr\u00e8s haut d\u00e9bit.<\/p>\n<p>Nouvelle comp\u00e9tence pour Siel-Territoire d\u2019\u00e9nergie en 2016\u00a0: \u00ab\u00a0le d\u00e9but du r\u00e9seau mobilit\u00e9 \u00e9lectrique Loire avec des bornes de recharges dans les communes (129 bornes de recharges dans la Loire).\u00a0\u00bb<\/p>\n<p>\u00ab\u00a0La Loire, avec l\u2019Oise, a \u00e9t\u00e9 le premier d\u00e9partement fibr\u00e9\u00a0\u00bb<\/p>\n<p>Enfin, sa mission est la r\u00e9alisation d\u2019un r\u00e9seau d\u2019objets connect\u00e9s. \u00ab\u00a0C\u2019est un r\u00e9seau radio bas d\u00e9bit d\u00e9partemental permettant d\u00e8s aujourd\u2019hui des usages connect\u00e9s au travers de l\u2019utilisation de capteurs\u00a0\u00bb, compl\u00e8te Marie-Christine Thivant.<\/p>\n<p>Bernard Fournier a \u00e9t\u00e9 pr\u00e9sident de la structure pendant dix-huit ans\u00a0: \u00ab\u00a0C\u2019est trente ans de ma vie, membre du bureau, vice-pr\u00e9sident et pr\u00e9sident. J\u2019ai ador\u00e9 m\u2019impliquer dans une structure au sein de laquelle toutes les communes et les intercommunalit\u00e9s adh\u00e8rent sans exception. Compte tenu du nombre d\u2019adh\u00e9rents, en plus des conseils syndicaux, j\u2019ai mis en place des commissions g\u00e9ographiques pour \u00eatre au plus pr\u00e8s du terrain et avoir des \u00e9changes constructifs.\u00a0\u00bb<\/p>\n<p>Sa grande fiert\u00e9\u00a0: \u00ab\u00a0l\u2019acc\u00e8s \u00e0 la fibre pour tous les habitants du d\u00e9partement. Les communes, mais aussi les hameaux et m\u00eame les maisons isol\u00e9es, ont \u00e9t\u00e9 raccord\u00e9s. La Loire, avec l\u2019Oise, a \u00e9t\u00e9 le premier d\u00e9partement fibr\u00e9. L\u2019investissement est assez consid\u00e9rable\u00a0: 280\u00a0millions d&rsquo;euros.\u00a0\u00bb<\/p>\n","protected":false},"excerpt":{"rendered":"Le Siel-Territoire d&rsquo;\u00e9nergie Loire a \u00e9t\u00e9 cr\u00e9\u00e9 par arr\u00eat\u00e9 pr\u00e9fectoral du 13\u00a0juin 1950 \u00e0 l\u2019initiative d\u2019Antoine Pinay. Il&hellip;\n","protected":false},"author":2,"featured_media":195384,"comment_status":"","ping_status":"","sticky":false,"template":"","format":"standard","meta":{"footnotes":""},"categories":[9653],"tags":[1111,11,2430,33,7539,893,1777,674,107,1011,27,3367,12,25,4001,9664,15696],"class_list":{"0":"post-195383","1":"post","2":"type-post","3":"status-publish","4":"format-standard","5":"has-post-thumbnail","7":"category-saint-etienne","8":"tag-actu","9":"tag-actualites","10":"tag-auvergne-rhone-alpes","11":"tag-economie","12":"tag-edition-loire-sud","13":"tag-energie","14":"tag-eu","15":"tag-europe","16":"tag-fil-info","17":"tag-fr","18":"tag-france","19":"tag-loire","20":"tag-news","21":"tag-republique-francaise","22":"tag-saint-etienne","23":"tag-saint-etienne-bassin","24":"tag-saint-priest-en-jarez"},"share_on_mastodon":{"url":"https:\/\/pubeurope.com\/@fr\/114725954775302645","error":""},"_links":{"self":[{"href":"https:\/\/www.europesays.com\/fr\/wp-json\/wp\/v2\/posts\/195383","targetHints":{"allow":["GET"]}}],"collection":[{"href":"https:\/\/www.europesays.com\/fr\/wp-json\/wp\/v2\/posts"}],"about":[{"href":"https:\/\/www.europesays.com\/fr\/wp-json\/wp\/v2\/types\/post"}],"author":[{"embeddable":true,"href":"https:\/\/www.europesays.com\/fr\/wp-json\/wp\/v2\/users\/2"}],"replies":[{"embeddable":true,"href":"https:\/\/www.europesays.com\/fr\/wp-json\/wp\/v2\/comments?post=195383"}],"version-history":[{"count":0,"href":"https:\/\/www.europesays.com\/fr\/wp-json\/wp\/v2\/posts\/195383\/revisions"}],"wp:featuredmedia":[{"embeddable":true,"href":"https:\/\/www.europesays.com\/fr\/wp-json\/wp\/v2\/media\/195384"}],"wp:attachment":[{"href":"https:\/\/www.europesays.com\/fr\/wp-json\/wp\/v2\/media?parent=195383"}],"wp:term":[{"taxonomy":"category","embeddable":true,"href":"https:\/\/www.europesays.com\/fr\/wp-json\/wp\/v2\/categories?post=195383"},{"taxonomy":"post_tag","embeddable":true,"href":"https:\/\/www.europesays.com\/fr\/wp-json\/wp\/v2\/tags?post=195383"}],"curies":[{"name":"wp","href":"https:\/\/api.w.org\/{rel}","templated":true}]}}