{"id":195406,"date":"2025-06-22T08:14:03","date_gmt":"2025-06-22T08:14:03","guid":{"rendered":"https:\/\/www.europesays.com\/fr\/195406\/"},"modified":"2025-06-22T08:14:03","modified_gmt":"2025-06-22T08:14:03","slug":"a-strasbourg-retour-sur-5-ans-de-mandat-ecologiste","status":"publish","type":"post","link":"https:\/\/www.europesays.com\/fr\/195406\/","title":{"rendered":"\u00e0 Strasbourg, retour sur 5 ans de mandat \u00e9cologiste"},"content":{"rendered":"<p class=\"p1\"><b>Apr\u00e8s 5 ans de mandat, la majorit\u00e9 \u00e9cologiste strasbourgeoise a d\u00e9cid\u00e9 de publier un \u00ab Panorama de 5 ans d\u2019actions \u00bb. L\u2019occasion pour les \u00e9lu(e)s de retourner tracter sur les march\u00e9s pour se confronter aux habitant(e)s, mais aussi de dresser un premier \u00e9tat des lieux de leur exercice du pouvoir, pol\u00e9miques et alliances compliqu\u00e9es incluses. Pour ce faire, rencontre avec Benjamin Soulet et Floriane Varieras, co-pr\u00e9sident(e)s du groupe au conseil municipal.<\/b><\/p>\n<p class=\"p1\">C\u2019est l\u2019heure des comptes : 47 chiffres pour 5 ans de mandat. Dans leur \u00ab Panorama de 5 ans d\u2019actions \u00e9cologistes, solidaires et citoyennes \u00bb, brochure \u00e9dit\u00e9e avec les moyens du groupe municipal, <b>le groupe Strasbourg \u00c9cologiste Solidaire et Citoyenne d\u00e9taille une partie des mesures que la municipalit\u00e9 a mises en place depuis son arriv\u00e9e au pouvoir en 2020<\/b>.<\/p>\n<p class=\"p1\">P\u00eale-m\u00eale, <b>on y retrouve 5 500 arbres plant\u00e9s, 132 000 m2 de surface d\u00e9min\u00e9ralis\u00e9e, 64 cours d\u2019\u00e9cole v\u00e9g\u00e9talis\u00e9es, 50 km de r\u00e9seau de chaleur<\/b>, 3 grands parcs, 2 900 arceaux \u00e0 v\u00e9lo, 18 distributeurs de protections menstruelles gratuites, 14 abris pour chats errants, 36 % de dioxyde d\u2019azote de moins dans l\u2019air ou 100% du pain distribu\u00e9 dans les cantines qui est bio et local.<\/p>\n<p>    <img width=\"800\" height=\"600\" src=\"https:\/\/www.europesays.com\/fr\/wp-content\/uploads\/2025\/06\/img-9613-grande-800x600.jpeg\" class=\"attachment-image-size-L size-image-size-L\" alt=\"livret \u00e9colo mesures\" decoding=\"async\" loading=\"lazy\"  \/>         Exemple du livret. \u00a9 Nicolas Kaspar \/ Pokaa <\/p>\n<p class=\"p1\">Plus qu\u2019une addition de chiffres et de statistiques, <b>c\u2019est surtout un moyen pour Benjamin Soulet et Floriane Varieras de rendre visible aux habitant(e)s l\u2019action de la municipalit\u00e9 pendant 5 ans<\/b>, celle-ci n\u2019ayant pas brill\u00e9 par sa communication durant le mandat.<\/p>\n<p class=\"p1\"><b>L\u2019occasion aussi de tirer un premier bilan, non seulement des mesures prises, mais \u00e9galement de l\u2019apprentissage du pouvoir pour des \u00e9lu(e)s en majorit\u00e9 novices<\/b>, sur une mandature pas avare en rebondissements et pol\u00e9miques.<\/p>\n<p>    <img width=\"800\" height=\"600\" src=\"https:\/\/www.europesays.com\/fr\/wp-content\/uploads\/2025\/06\/whatsapp-image-2025-06-18-at-105707-800x600.jpeg\" class=\"attachment-image-size-L size-image-size-L\" alt=\"benjamin soulet floriane varieras\" decoding=\"async\" loading=\"lazy\"  \/>         \u00a9 C\u00e9cile Scherer \/ Document remis <\/p>\n<p>Une action \u00ab\u00a0centr\u00e9e sur le quotidien et l\u2019\u00e9quit\u00e9 territoriale\u00a0\u00bb<\/p>\n<p class=\"p1\">Pendant son mandant, la municipalit\u00e9 s\u2019est davantage concentr\u00e9e sur le quotidien, selon Floriane Varieras, adjointe \u00e0 la Ville inclusive. V\u00e9g\u00e9talisation des cours d\u2019\u00e9cole, <a href=\"https:\/\/pokaa.fr\/2024\/10\/10\/la-nouvelle-tarification-solidaire-en-6-points-a-strasbourg-vous-ferez-peut-etre-des-economies\/\" target=\"_blank\" rel=\"noopener nofollow\">refonte de la tarification solidaire<\/a>, prix de la cantine ou des d\u00e9placements du quotidien : le but a \u00e9t\u00e9 de faire en sorte \u00ab\u00a0<b>que tous les habitants et habitantes se sentent concern\u00e9(e)s par ce qui se passe dans la ville, et que les actions men\u00e9es le soient \u00e0 leur b\u00e9n\u00e9fice<\/b> \u00bb.<\/p>\n<p class=\"p1\">Pour Benjamin Soulet, adjoint \u00e0 l\u2019\u00e9quit\u00e9 territoriale, la satisfaction se trouve dans la victoire d\u2019une bataille culturelle : \u00ab\u00a0L\u2019\u00e9quit\u00e9 territoriale, c\u2019est un des mots qui est le plus employ\u00e9 maintenant.\u00a0\u00bb Mais au-del\u00e0 du simple champ lexical, c\u2019est toute une fa\u00e7on de faire que la municipalit\u00e9 a essay\u00e9 de mettre en place une fois au pouvoir. <b>Car il rappelle que, entre 2004 et 2019, seulement 4,3 millions d\u2019euros avaient \u00e9t\u00e9 investis \u00e0 l\u2019Elsau, contre plus de 140 millions dans le quartier Robertsau-Wacken<\/b>. Ainsi : \u00ab L\u2019id\u00e9e \u00e9tait de r\u00e9parer, de r\u00e9orienter les investissements vers plein de territoires qui avaient \u00e9t\u00e9 un peu beaucoup trop sous-dot\u00e9s. \u00bb<\/p>\n<p>    <img width=\"800\" height=\"397\" src=\"https:\/\/www.europesays.com\/fr\/wp-content\/uploads\/2025\/06\/capture-decran-2025-06-18-a-133031-800x397.png\" class=\"attachment-image-size-L size-image-size-L\" alt=\"investissement quartiers\" decoding=\"async\" loading=\"lazy\"  \/>         \u00a9 PPI de la Ville de Strasbourg \/ Document remis <\/p>\n<blockquote><p>\n        On a maintenant cette question de mettre plus l\u00e0 o\u00f9 il y avait moins comme prisme de toutes nos politiques publiques.    <\/p><\/blockquote>\n<p>            Benjamin Soulet, co-pr\u00e9sident du groupe Strasbourg \u00e9cologiste, solidaire et citoyenne<\/p>\n<p class=\"p1\">Une approche transversale confirm\u00e9e par Floriane Varieras : \u00ab\u00a0<b>On a essay\u00e9 de faire plus l\u00e0 o\u00f9 il y avait moins<\/b> : pour les cours d\u2019\u00e9cole v\u00e9g\u00e9talis\u00e9es, quand on est arriv\u00e9, on avait dit, on fait le plus de cours d\u2019\u00e9cole possibles [en r\u00e9alit\u00e9 ils ont dit 100%, ndlr]. \u00c0 la fin, ce sera 70% et on a prioris\u00e9 les \u00e9coles en QPV et \u00eelots de chaleur. <b>\u00c7a montre une grille de lecture un peu diff\u00e9rente et qui, maintenant, est entr\u00e9e dans les habitudes de tous les services de la Ville<\/b>.\u00a0\u00bb<\/p>\n<p class=\"p1\">Enfin, souvent critiqu\u00e9 par l\u2019opposition pour son manque de d\u00e9mocratie locale, le groupe \u00e9cologiste r\u00e9pond par les mots de Benjamin Soulet : \u00ab\u00a0L\u2019opposition veut donner l\u2019impression que c\u2019est tr\u00e8s descendant comme fa\u00e7on de prendre les d\u00e9cisions, mais non. <b>Les assembl\u00e9es de quartier sont plus ouvertes que les conseils de quartier que j\u2019ai connus \u00e0 l\u2019\u00e9poque<\/b>. Moi je trouve qu\u2019elle est tr\u00e8s vivante cette d\u00e9mocratie locale.\u00a0\u00bb Il donne pour exemple le futur tiers-lieu au Neuhof dans l\u2019ancien h\u00f4pital militaire Lyautey, o\u00f9 depuis 2 ans, la Ville travaille \u00e0 sa conception avec 5 habitant(e)s du quartier.<\/p>\n<p>                <a href=\"https:\/\/pokaa.fr\/2023\/12\/08\/neuhof-desaffecte-depuis-15-ans-un-ancien-hopital-militaire-de-23-hectares-va-reprendre-vie\/\" rel=\"nofollow noopener\" target=\"_blank\"><br \/>\n                    <img width=\"450\" height=\"270\" src=\"https:\/\/www.europesays.com\/fr\/wp-content\/uploads\/2025\/06\/neuhof-hopital-lyautey-travaux-strasbourg-450x270.jpg\" class=\"attachment-card-horizontal--same-subject size-card-horizontal--same-subject wp-post-image\" alt=\"\" decoding=\"async\" loading=\"lazy\"\/>                <\/a><\/p>\n<p>Pol\u00e9miques politiques, temps d\u2019adaptation, fa\u00e7on de gouverner : un mandat pour apprendre<\/p>\n<p class=\"p1\">Au-del\u00e0 de l\u2019\u00e9tat des lieux des actions men\u00e9es,<b> il est tout aussi, voire plus int\u00e9ressant, de revenir sur l\u2019apprentissage politique de la gestion d\u2019une collectivit\u00e9 durant ces 5 derni\u00e8res ann\u00e9es<\/b>. \u00c0 l\u2019arriv\u00e9e au pouvoir de Jeanne Barseghian, beaucoup d\u2019\u00e9lu(e)s \u00e9taient novices et ont donc d\u00fb apprendre \u00ab les rouages, les calendriers, comment tu peux pousser un projet, comment travailler \u00e0 son acceptabilit\u00e9 et avec les services \u00bb.<\/p>\n<p class=\"p1\">Un apprentissage \u00e0 la rude qui a demand\u00e9 un temps d\u2019adaptation,\u00a0pas aid\u00e9 par le contexte du Covid, ni par une opposition pr\u00eate \u00e0 faire fructifier chaque erreur des \u00e9cologistes. Une donn\u00e9e pas forc\u00e9ment anticip\u00e9e par le groupe : \u00ab\u00a0On a \u00e9t\u00e9 tr\u00e8s accueillant avec notre opposition. <b>On leur a donn\u00e9 beaucoup plus de moyens qu\u2019avant, et je pense qu\u2019on a sous-estim\u00e9 l\u2019utilisation qu\u2019ils en feraient<\/b>. \u00bb [Ils ont notamment donn\u00e9 plus de moyens d\u2019expression, ce qui se ressent dans les textes additionnels en fin de conseil municipal, ndlr].<\/p>\n<p>    <img width=\"800\" height=\"600\" src=\"https:\/\/www.europesays.com\/fr\/wp-content\/uploads\/2025\/06\/img-5323-800x600.jpeg\" class=\"attachment-image-size-L size-image-size-L\" alt=\"opposition municipale\" decoding=\"async\" loading=\"lazy\"  \/>         Une opposition de plus en plus unie. \u00a9 Nicolas Kaspar \/ Pokaa <\/p>\n<blockquote><p>\n        On cherchait beaucoup de consensus et \u00e0 les faire venir avec nous, et en fait eux n\u2019\u00e9taient pas remis de leur d\u00e9faite, et on a sous-estim\u00e9 le jeu de politique politicienne.    <\/p><\/blockquote>\n<p>            Floriane Varieras, co-pr\u00e9sidente du groupe Strasbourg \u00e9cologiste, solidaire et citoyenne<\/p>\n<p class=\"p1\">En 2021, dans un contexte national peu cl\u00e9ment envers les municipalit\u00e9s \u00e9cologistes qui avaient pris le pouvoir dans plusieurs grandes villes, chaque erreur a \u00e9t\u00e9 scrut\u00e9e et amplifi\u00e9e. <b>\u00c0 Strasbourg, on pense au capharna\u00fcm <a href=\"https:\/\/pokaa.fr\/2021\/03\/23\/subventions-pour-construire-une-mosquee-et-un-nouvel-espace-de-cultures-urbaines-ce-que-strasbourg-a-decide-ce-lundi\/\" target=\"_blank\" rel=\"noopener nofollow\">sur la mosqu\u00e9e Eyy\u00fbb Sultan en mars 2021<\/a> ou <a href=\"https:\/\/pokaa.fr\/2021\/05\/04\/plan-pieton-aides-a-la-culture-et-lutte-contre-lantisemitisme-ce-qui-a-ete-decide-pour-strasbourg-ce-lundi\/\" target=\"_blank\" rel=\"noopener nofollow\">la d\u00e9finition de l\u2019antis\u00e9mitisme en mai 2021<\/a><\/b>. Des pol\u00e9miques qui ont renforc\u00e9 la solidarit\u00e9 du groupe \u00e9cologiste, mais qui ont marqu\u00e9 : \u00ab Nous, on est arriv\u00e9 avec notre projet en se disant que c\u2019est l\u2019int\u00e9r\u00eat g\u00e9n\u00e9ral des habitants qui primerait sur le reste, et en fait, il y a eu pas mal de manigances quand m\u00eame. On \u00e9tait moins m\u00e9fiants, maintenant on fait plus attention. \u00bb<\/p>\n<p class=\"p1\">On peut n\u00e9anmoins relever que, depuis, <b>la municipalit\u00e9 s\u2019est retrouv\u00e9e emp\u00eatr\u00e9e dans un nombre de pol\u00e9miques assez impressionnant<\/b>, entre la rue M\u00e9lanie, <a href=\"https:\/\/pokaa.fr\/2024\/10\/20\/apres-une-semaine-de-polemique-la-cathedrale-de-strasbourg-va-retrouver-ses-lumieres-apres-23h\/\" target=\"_blank\" rel=\"noopener nofollow\">l\u2019extinction de la cath\u00e9drale<\/a>, <a href=\"https:\/\/pokaa.fr\/2025\/01\/20\/strasbourg-la-ville-reflechit-a-rendre-fixe-le-pont-tournant-de-la-petite-france\/\" target=\"_blank\" rel=\"noopener nofollow\">le pont tournant de la Petite France<\/a>, <a href=\"https:\/\/pokaa.fr\/2022\/10\/11\/stras-wars-la-liste-des-produits-interdits-au-prochain-marche-de-noel-cree-la-polemique\/\" target=\"_blank\" rel=\"noopener nofollow\">les produits autoris\u00e9s au march\u00e9 de No\u00ebl<\/a>, <a href=\"https:\/\/pokaa.fr\/2025\/05\/20\/foire-saint-jean-krutenau-et-grand-projet-routier-ce-que-strasbourg-a-decide-ce-lundi\/\" target=\"_blank\" rel=\"noopener nofollow\">la Foire Saint-Jean<\/a>\u2026 Mais pour Benjamin Soulet, l\u2019important est de rester positif : \u00ab\u00a0Je crois qu\u2019on a prouv\u00e9 qu\u2019il n\u2019y a pas besoin d\u2019avoir forc\u00e9ment une culture historique d\u2019un parti depuis 20 ans et quatre mandats derri\u00e8re pour mener une politique publique.\u00a0\u00bb<\/p>\n<p>                <a href=\"https:\/\/pokaa.fr\/2025\/06\/08\/fiasco-de-la-rue-melanie-a-strasbourg-comment-en-est-on-arrive-a-cette-polemique\/\" rel=\"nofollow noopener\" target=\"_blank\"><br \/>\n                    <img width=\"450\" height=\"270\" src=\"https:\/\/www.europesays.com\/fr\/wp-content\/uploads\/2025\/06\/img-9481-grande-450x270.jpeg\" class=\"attachment-card-horizontal--same-subject size-card-horizontal--same-subject wp-post-image\" alt=\"\" decoding=\"async\" loading=\"lazy\"\/>                <\/a><\/p>\n<p>\u00ab\u00a0On \u00e9tait assez soulag\u00e9 que cela prenne fin\u00a0\u00bb : un an et demi d&rsquo;alliance compliqu\u00e9e avec le PS<\/p>\n<p class=\"p1\">En plus de devoir apprendre \u00e0 g\u00e9rer politiquement une opposition de droite et du centre, <b>le groupe \u00e9cologiste a \u00e9galement travers\u00e9 quelques turbulences avec son alli\u00e9 socialiste<\/b>. Avec qui, jusqu\u2019\u00e0 la rupture, les relations ont \u00e9t\u00e9 tr\u00e8s compliqu\u00e9es depuis le ralliement express \u00e0 la suite du second tour des municipales.<\/p>\n<p class=\"p1\">Alors que les listes \u00e9taient d\u00e9j\u00e0 construites dans l\u2019entre-deux-tours pour pr\u00e9parer le ralliement de Catherine Trautmann \u00e0 Jeanne Barseghian, finalement rien ne s\u2019\u00e9tait fait.<\/p>\n<p>                <a href=\"https:\/\/pokaa.fr\/2020\/06\/02\/elles-auraient-pu-saimer-jeanne-barseghian-et-catherine-trautmann-se-disent-non\/\" rel=\"nofollow noopener\" target=\"_blank\"><br \/>\n                    <img width=\"445\" height=\"270\" src=\"https:\/\/www.europesays.com\/fr\/wp-content\/uploads\/2025\/06\/strasbourg-elections-municipales-jeanne-barseghian-alliance-catherine-trautmann-couv.jpg\" class=\"attachment-card-horizontal--same-subject size-card-horizontal--same-subject wp-post-image\" alt=\"\" decoding=\"async\" loading=\"lazy\"  \/>                <\/a><\/p>\n<blockquote><p>\n        On voulait faire confiance, mais \u00e0 chaque fois on se prenait un taquet. Il y avait toujours quelqu&rsquo;un qui faisait une sortie cinglante contre la maire en conseil municipal, donc c&rsquo;\u00e9tait quand m\u00eame un peu douloureux cette alliance.    <\/p><\/blockquote>\n<p>            Floriane Varieras, co-pr\u00e9sidente du groupe Strasbourg \u00e9cologiste, solidaire et citoyenne<\/p>\n<p class=\"p1\">Une d\u00e9cision de ne pas faire l\u2019union qui n\u2019a pas \u00e9t\u00e9 simple \u00e0 prendre : \u00ab\u00a0Le soir m\u00eame on avait fait une visio, on \u00e9tait tous avec une t\u00eate de dix pieds de long, <b>puisque si on \u00e9tait droit dans nos baskets on prenait le risque de perdre, <a href=\"https:\/\/pokaa.fr\/2020\/06\/02\/vive-les-maries-alain-fontanel-et-jean-philippe-vetter-se-prennent-la-main\/\" target=\"_blank\" rel=\"noopener nofollow\">surtout que Vetter et Fontanel avaient fait l\u2019alliance<\/a><\/b>.\u00a0\u00bb Finalement, apr\u00e8s la victoire, ils ont souhait\u00e9 \u00e0 nouveau faire l\u2019union de la gauche, sachant \u00e9galement que le groupe \u00e9cologiste est constitu\u00e9 d\u2019\u00e9lu(e)s de Place Publique, de G\u00e9n\u00e9ration.s. <strong>Sauf que les socialistes ont toujours voulu marquer leur diff\u00e9rence avec les \u00e9cologistes, sur de nombreux sujets<\/strong>.<\/p>\n<p class=\"p1\">Une pratique peu go\u00fbt\u00e9e : \u00ab\u00a0Ce n\u2019\u00e9tait jamais tr\u00e8s agr\u00e9able les \u00e9changes avec eux. Les sorties dans la presse en disant qu\u2019ils \u00e9taient dans la majorit\u00e9 un coup sur deux, c\u2019est pas possible. <b>Aucun maire aurait accept\u00e9 ce genre de sortie, donc on \u00e9tait assez soulag\u00e9s que \u00e7a prenne fin<\/b>.\u00a0\u00bb Un partenariat qui s\u2019est termin\u00e9 en d\u00e9cembre 2021, avec la destitution de C\u00e9line Geissmann. Benjamin Soulet conclut : \u00ab\u00a0\u00c7a n\u2019a jamais r\u00e9ellement \u00e9t\u00e9 des alli\u00e9s.\u00a0\u00bb Cela promet pour 2026.<\/p>\n<p>                <a href=\"https:\/\/pokaa.fr\/2021\/12\/13\/geissmann-barseghian-une-rupture-dans-la-vie-politique-strasbourgeoise\/\" rel=\"nofollow noopener\" target=\"_blank\"><br \/>\n                    <img width=\"450\" height=\"225\" src=\"https:\/\/www.europesays.com\/fr\/wp-content\/uploads\/2025\/06\/celine-geissmann-jeanne-barseghian-strasbourg.jpg\" class=\"attachment-card-horizontal--same-subject size-card-horizontal--same-subject wp-post-image\" alt=\"\" decoding=\"async\" loading=\"lazy\"  \/>                <\/a><\/p>\n<p>\u00ab\u00a0Un mandat qui n\u2019a pas \u00e9t\u00e9 facile\u00a0\u00bb mais dont ils n\u2019ont \u00ab\u00a0pas \u00e0 rougir\u00a0\u00bb<\/p>\n<p class=\"p1\">\u00c0 quelques mois de la fin du mandat, l\u2019heure est donc \u00e0 l\u2019\u00e9tat des lieux. Pour Floriane Varieras : \u00ab\u00a0Ce n\u2019\u00e9tait pas un mandat facile, car on est dans des p\u00e9riodes assez troubles au national et \u00e0 l\u2019international. <b>On n\u2019a pas baiss\u00e9 les bras face aux d\u00e9fis et on a amen\u00e9 pas mal de solutions aux probl\u00e8mes qui pouvaient exister<\/b>, qui ne sont peut-\u00eatre pas satisfaisantes sur tout et qui m\u00e9ritent encore d\u2019\u00eatre amplifi\u00e9es ou d\u2019\u00eatre approfondies. Mais, en tout cas, je trouve qu\u2019on a fait ce sur quoi on s\u2019\u00e9tait engag\u00e9. \u00bb<\/p>\n<p class=\"p1\">Pour Benjamin Soulet : \u00ab On l\u2019a fait avec une certaine sinc\u00e9rit\u00e9, sans entrer dans des petites combines politiciennes. Notre projet voulait \u00eatre un projet de transformation, il a bouscul\u00e9 un peu. <b>C\u2019est vrai que \u00e7a aurait \u00e9t\u00e9 plus facile de faire le stationnement payant au Neudorf dans un deuxi\u00e8me mandat. Mais si on ne l\u2019avait pas fait, qui l\u2019aurait fait ?<\/b> Donc on est aussi all\u00e9 vers des choses comme \u00e7a qui passent peut-\u00eatre mal politiquement. On a d\u00e9roul\u00e9 ce pour quoi on \u00e9tait l\u00e0 et on s\u2019est pas trop pos\u00e9 de questions. \u00bb<\/p>\n<p>                <a href=\"https:\/\/pokaa.fr\/2024\/03\/03\/au-neudorf-larrivee-prochaine-du-stationnement-payant-ravive-les-debats\/\" rel=\"nofollow noopener\" target=\"_blank\"><br \/>\n                    <img width=\"450\" height=\"270\" src=\"https:\/\/www.europesays.com\/fr\/wp-content\/uploads\/2025\/06\/stationnement-neudorf-450x270.png\" class=\"attachment-card-horizontal--same-subject size-card-horizontal--same-subject wp-post-image\" alt=\"\" decoding=\"async\" loading=\"lazy\"\/>                <\/a><\/p>\n<blockquote><p>\n        Le but c&rsquo;est que m\u00eame si on perd, on puisse partir la t\u00eate haute\u2026 m\u00eame si je suis convaincue qu&rsquo;on va gagner.    <\/p><\/blockquote>\n<p>            Floriane Varieras, co-pr\u00e9sidente du groupe Strasbourg \u00e9cologiste, solidaire et citoyenne<\/p>\n<p class=\"p1\">D\u00e9sormais, <b>le but est de mener les derniers projets \u00e0 bien, pour qu\u2019ils ne puissent plus \u00eatre remis en question si changement de municipalit\u00e9 il y a en mars prochain<\/b>. Floriane Varieras \u00e9voque le projet de centre d\u2019h\u00e9bergement de la Montagne Verte et la r\u00e9novation de l\u2019annexe de la HEAR, tandis que Benjamin Soulet insiste sur la conciergerie solidaire au Hohberg, le tiers-lieu Lyautey au Neuhof ou encore le distributeur de billets \u00e0 l\u2019Elsau.<\/p>\n<p class=\"p1\">Apr\u00e8s 5 ans de mandat, il ressort une certaine fiert\u00e9 pour les co-pr\u00e9sident(e)s du groupe : \u00ab\u00a0Avec tout le contexte,<b> il y a une fiert\u00e9 d\u2019avoir bien boss\u00e9, et puis d\u2019avoir un programme qui \u00e9tait vraiment tr\u00e8s orient\u00e9 \u00e0 gauche<\/b>. Pour moi, Strasbourg n\u2019avait jamais \u00e9t\u00e9 autant \u00e0 gauche en termes de mesures sociales et mesures \u00e9cologiques. Voil\u00e0 en cinq ans, c\u2019est pas mal, m\u00eame s\u2019il y a des choses qu\u2019on a pas faites. \u00bb<\/p>\n<p>    <img width=\"800\" height=\"600\" src=\"https:\/\/www.europesays.com\/fr\/wp-content\/uploads\/2025\/06\/whatsapp-image-2025-06-18-at-105707-1-800x600.jpeg\" class=\"attachment-image-size-L size-image-size-L\" alt=\"benjamin soulet floriane varieras\" decoding=\"async\" loading=\"lazy\"  \/>         \u00a9 C\u00e9cile Scherer \/ Document remis <\/p>\n<p>Des choses \u00e0 (re)faire diff\u00e9remment ?<\/p>\n<p class=\"p1\">Si la satisfaction est naturellement de rigueur lorsqu\u2019on fait le bilan, cela n\u2019emp\u00eache pas les co-pr\u00e9sident(e)s d\u2019avoir quelques regrets. <b>Pas de mention du tram Nord ou des remous qui ont agit\u00e9 le groupe avec la d\u00e9mission d\u2019Herv\u00e9 Polesi<\/b>, mais d\u2019autres sujets comme le fait de fermer une heure les mus\u00e9es en septembre 2022, <a href=\"https:\/\/pokaa.fr\/2020\/12\/07\/et-sil-etait-temps-pour-strasbourg-dadopter-le-revenu-universel\/\" target=\"_blank\" rel=\"noopener nofollow\">ne pas avoir exp\u00e9riment\u00e9 le revenu universel<\/a>, le tram gratuit pour les moins de 25 ans sans ressources ou encore le premier m\u00e8tre cube d\u2019eau gratuit [deux derniers sujets \u00e0 mener de concert avec l\u2019Eurom\u00e9tropole, ndlr].<\/p>\n<p class=\"p1\">Mais surtout, s\u2019il fallait faire les choses un peu diff\u00e9remment, ce serait en termes de communication. Benjamin Soulet donne un exemple : \u00ab\u00a0Sur l\u2019histoire des animaux liminaires au d\u00e9but du mandat, le plan d\u2019action contre la prolif\u00e9ration des rats a fini par s\u2019appeler comme \u00e7a. Et m\u00eame si c\u2019est techniquement le bon mot, \u00e7a a fait tout un truc.<b> Depuis, on a notre petit rat sur les DNA toutes les semaines, un peu comme si les \u00e9colos \u00e9taient les amis des rats. Il y a une petite musique qu\u2019on aurait pu peut-\u00eatre s\u2019\u00e9viter si on n\u2019avait pas utilis\u00e9 ce terme<\/b>. Apr\u00e8s, le probl\u00e8me est que chaque truc devient une pol\u00e9mique, donc\u2026 \u00bb<\/p>\n<p>                <a href=\"https:\/\/pokaa.fr\/2022\/09\/05\/coup-dur-pour-la-culture-les-musees-strasbourgeois-fermeront-bientot-leurs-portes-2-jours-par-semaine\/\" rel=\"nofollow noopener\" target=\"_blank\"><br \/>\n                    <img width=\"405\" height=\"270\" src=\"https:\/\/www.europesays.com\/fr\/wp-content\/uploads\/2025\/06\/f3a7604-v1.jpg\" class=\"attachment-card-horizontal--same-subject size-card-horizontal--same-subject wp-post-image\" alt=\"mus\u00e9e rohan cour ext\u00e9rieure\" decoding=\"async\" loading=\"lazy\"  \/>                <\/a><\/p>\n<blockquote><p>\n        Il faut qu\u2019on reste id\u00e9aliste, mais qu\u2019on arrive \u00e0 moins se prendre des coups pour le principe.    <\/p><\/blockquote>\n<p>            Floriane Varieras, co-pr\u00e9sidente du groupe Strasbourg \u00e9cologiste, solidaire et citoyenne<\/p>\n<p class=\"p1\">Un besoin de communication que ne partage pas enti\u00e8rement Floriane Varieras : \u00ab\u00a0Le fait de ne pas assez communiquer, \u00e7a peut \u00eatre pris comme une erreur dans le sens o\u00f9 \u00e7a permet aussi aux habitants de s\u2019emparer des sujets, <b>mais d\u2019un autre c\u00f4t\u00e9, moi, je ne fais pas de la politique pour de la communication<\/b>.\u00a0\u00bb <\/p>\n<p class=\"p1\">L\u2019adjointe pr\u00e9cise alors : \u00ab\u00a0<b>Il faut qu\u2019on reste id\u00e9aliste, mais qu\u2019on arrive \u00e0 moins se prendre des coups pour le principe<\/b>. \u00c7a fait gagner du temps et de l\u2019\u00e9nergie pour monter les projets ; parce que le temps qu\u2019on met \u00e0 se d\u00e9fendre d\u2019une pol\u00e9mique, \u00e7a invisibilise aussi les autres projets men\u00e9s en m\u00eame temps.\u00a0\u00bb <\/p>\n<p class=\"p1\"><strong>Assur\u00e9ment un axe de travail pour un hypoth\u00e9tique deuxi\u00e8me mandat.<\/strong><\/p>\n<p>    <img width=\"800\" height=\"600\" src=\"https:\/\/www.europesays.com\/fr\/wp-content\/uploads\/2025\/06\/img-9327-800x600.jpg\" class=\"attachment-image-size-L size-image-size-L\" alt=\"conseil municipal illustration\" decoding=\"async\" loading=\"lazy\"  \/>         \u00a9\u00a0Nicolas Kaspar \/ Pokaa <\/p>\n","protected":false},"excerpt":{"rendered":"Apr\u00e8s 5 ans de mandat, la majorit\u00e9 \u00e9cologiste strasbourgeoise a d\u00e9cid\u00e9 de publier un \u00ab Panorama de 5&hellip;\n","protected":false},"author":2,"featured_media":195407,"comment_status":"","ping_status":"","sticky":false,"template":"","format":"standard","meta":{"footnotes":""},"categories":[2820],"tags":[1111,11,1984,1777,674,1011,27,775,12,316,25,640],"class_list":{"0":"post-195406","1":"post","2":"type-post","3":"status-publish","4":"format-standard","5":"has-post-thumbnail","7":"category-strasbourg","8":"tag-actu","9":"tag-actualites","10":"tag-conseil-municipal","11":"tag-eu","12":"tag-europe","13":"tag-fr","14":"tag-france","15":"tag-grand-est","16":"tag-news","17":"tag-politique","18":"tag-republique-francaise","19":"tag-strasbourg"},"share_on_mastodon":{"url":"https:\/\/pubeurope.com\/@fr\/114726024106252718","error":""},"_links":{"self":[{"href":"https:\/\/www.europesays.com\/fr\/wp-json\/wp\/v2\/posts\/195406","targetHints":{"allow":["GET"]}}],"collection":[{"href":"https:\/\/www.europesays.com\/fr\/wp-json\/wp\/v2\/posts"}],"about":[{"href":"https:\/\/www.europesays.com\/fr\/wp-json\/wp\/v2\/types\/post"}],"author":[{"embeddable":true,"href":"https:\/\/www.europesays.com\/fr\/wp-json\/wp\/v2\/users\/2"}],"replies":[{"embeddable":true,"href":"https:\/\/www.europesays.com\/fr\/wp-json\/wp\/v2\/comments?post=195406"}],"version-history":[{"count":0,"href":"https:\/\/www.europesays.com\/fr\/wp-json\/wp\/v2\/posts\/195406\/revisions"}],"wp:featuredmedia":[{"embeddable":true,"href":"https:\/\/www.europesays.com\/fr\/wp-json\/wp\/v2\/media\/195407"}],"wp:attachment":[{"href":"https:\/\/www.europesays.com\/fr\/wp-json\/wp\/v2\/media?parent=195406"}],"wp:term":[{"taxonomy":"category","embeddable":true,"href":"https:\/\/www.europesays.com\/fr\/wp-json\/wp\/v2\/categories?post=195406"},{"taxonomy":"post_tag","embeddable":true,"href":"https:\/\/www.europesays.com\/fr\/wp-json\/wp\/v2\/tags?post=195406"}],"curies":[{"name":"wp","href":"https:\/\/api.w.org\/{rel}","templated":true}]}}