{"id":195409,"date":"2025-06-22T08:16:13","date_gmt":"2025-06-22T08:16:13","guid":{"rendered":"https:\/\/www.europesays.com\/fr\/195409\/"},"modified":"2025-06-22T08:16:13","modified_gmt":"2025-06-22T08:16:13","slug":"cette-nicoise-sera-t-elle-elue-miss-internationale-2025","status":"publish","type":"post","link":"https:\/\/www.europesays.com\/fr\/195409\/","title":{"rendered":"Cette Ni\u00e7oise sera-t-elle \u00e9lue Miss Internationale 2025?"},"content":{"rendered":"<p>D\u00e9j\u00e0 couronn\u00e9e une fois, Lucie Carbone, Ni\u00e7oise de 27 ans, ne souhaite pas en rester l\u00e0. La gestionnaire administrative nomm\u00e9e Miss Grand France 2022 a d\u00e9cid\u00e9 de candidater \u00e0 l\u2019\u00e9dition fran\u00e7aise du\u1d49concours de beaut\u00e9 mondial, Miss International France.<\/p>\n<p>\u00ab\u00a0J\u2019avais d\u00e9j\u00e0 fait des concours internationaux. J\u2019ai trouv\u00e9 l\u2019exp\u00e9rience fantastique, \u00eatre entour\u00e9e de 70 jeunes femmes de cultures diff\u00e9rentes, c\u2019\u00e9tait une tr\u00e8s riche \u00ab\u00a0, raconte la jeune femme.<\/p>\n<p>Cet amour pour les concours de beaut\u00e9 s\u2019est confirm\u00e9 tr\u00e8s t\u00f4t: \u00ab\u00a0Mon premier concours, c\u2019\u00e9tait Miss Menton en 2018. La sororit\u00e9 que j\u2019ai pu rencontrer avec les candidates en coulisses m\u2019a plu et s\u2019est v\u00e9rifi\u00e9e \u00e0 nouveau dans mes autres exp\u00e9riences. \u00ab\u00a0<\/p>\n<p>Passionn\u00e9e de Cosplay<\/p>\n<p>\u00ab\u00a0Je ne suis pas trop pour le m\u00e9tro, boulot, dodo. J\u2019aime m\u2019\u00e9panouir dans mon m\u00e9tier. J\u2019\u00e9prouve du plaisir \u00e0 aider les gens\u00a0\u00bb, explique celle qui vit \u00e0 Nice. Combl\u00e9e par son emploi, elle est passionn\u00e9e de Cosplay, une pratique consistant \u00e0 incarner un personnage de culture populaire en partant de la confection du costume au jeu de r\u00f4le. La jeune femme est, d\u2019ailleurs, membre de l\u2019association Cosp\u2019ital qui intervient aupr\u00e8s des enfants dans les h\u00f4pitaux, utilisant l\u2019univers du cosplay pour leur offrir une petite parenth\u00e8se. Selon elle, cette activit\u00e9 r\u00e9sonne parfaitement avec les concours de beaut\u00e9: \u00ab\u00a0L\u2019univers du Cosplay et celui des Miss, c\u2019est deux faces d\u2019une m\u00eame pi\u00e8ce. On retrouve le c\u00f4t\u00e9 sc\u00e9nique intrins\u00e8que dans les deux et l\u2019aspect cr\u00e9atif. \u00ab\u00a0<\/p>\n<p>Derni\u00e8re Fran\u00e7aise \u00e9lue en 1976<\/p>\n<p>Lucie Carbone r\u00eave de marcher dans les pas de la derni\u00e8re fran\u00e7aise nomm\u00e9e Miss International. C\u2019\u00e9tait en 1976: \u00a0\u00bb J\u2019esp\u00e8re l\u2019emporter pour succ\u00e9der \u00e0 Sophie Perin.\u00a0\u00bb Elle se rendra \u00e0 Paris samedi 5 juillet, guid\u00e9e par sa d\u00e9termination: \u00ab\u00a0Si on a un objectif en vue, il faut tout mettre en place pour l\u2019atteindre. Le mien, c\u2019est Miss Internationale 2025.\u00a0\u00bb<\/p>\n","protected":false},"excerpt":{"rendered":"D\u00e9j\u00e0 couronn\u00e9e une fois, Lucie Carbone, Ni\u00e7oise de 27 ans, ne souhaite pas en rester l\u00e0. La gestionnaire&hellip;\n","protected":false},"author":2,"featured_media":195410,"comment_status":"","ping_status":"","sticky":false,"template":"","format":"standard","meta":{"footnotes":""},"categories":[2819],"tags":[1111,11,1777,674,1011,27,12,2401,882,25,3366],"class_list":{"0":"post-195409","1":"post","2":"type-post","3":"status-publish","4":"format-standard","5":"has-post-thumbnail","7":"category-nice","8":"tag-actu","9":"tag-actualites","10":"tag-eu","11":"tag-europe","12":"tag-fr","13":"tag-france","14":"tag-news","15":"tag-nice","16":"tag-provence-alpes-cote-dazur","17":"tag-republique-francaise","18":"tag-vie-locale"},"share_on_mastodon":{"url":"https:\/\/pubeurope.com\/@fr\/114726029600181734","error":""},"_links":{"self":[{"href":"https:\/\/www.europesays.com\/fr\/wp-json\/wp\/v2\/posts\/195409","targetHints":{"allow":["GET"]}}],"collection":[{"href":"https:\/\/www.europesays.com\/fr\/wp-json\/wp\/v2\/posts"}],"about":[{"href":"https:\/\/www.europesays.com\/fr\/wp-json\/wp\/v2\/types\/post"}],"author":[{"embeddable":true,"href":"https:\/\/www.europesays.com\/fr\/wp-json\/wp\/v2\/users\/2"}],"replies":[{"embeddable":true,"href":"https:\/\/www.europesays.com\/fr\/wp-json\/wp\/v2\/comments?post=195409"}],"version-history":[{"count":0,"href":"https:\/\/www.europesays.com\/fr\/wp-json\/wp\/v2\/posts\/195409\/revisions"}],"wp:featuredmedia":[{"embeddable":true,"href":"https:\/\/www.europesays.com\/fr\/wp-json\/wp\/v2\/media\/195410"}],"wp:attachment":[{"href":"https:\/\/www.europesays.com\/fr\/wp-json\/wp\/v2\/media?parent=195409"}],"wp:term":[{"taxonomy":"category","embeddable":true,"href":"https:\/\/www.europesays.com\/fr\/wp-json\/wp\/v2\/categories?post=195409"},{"taxonomy":"post_tag","embeddable":true,"href":"https:\/\/www.europesays.com\/fr\/wp-json\/wp\/v2\/tags?post=195409"}],"curies":[{"name":"wp","href":"https:\/\/api.w.org\/{rel}","templated":true}]}}