{"id":19541,"date":"2025-04-12T09:39:22","date_gmt":"2025-04-12T09:39:22","guid":{"rendered":"https:\/\/www.europesays.com\/fr\/19541\/"},"modified":"2025-04-12T09:39:22","modified_gmt":"2025-04-12T09:39:22","slug":"sur-les-routes-des-transitions-fait-escale-en-ile-de-france-ou-les1","status":"publish","type":"post","link":"https:\/\/www.europesays.com\/fr\/19541\/","title":{"rendered":"\u00ab Sur les Routes des Transitions \u00bb fait escale en \u00cele-de-France o\u00f9 les1"},"content":{"rendered":"<p>\n                        \u00ab Sur les routes des Transitions \u00bb\n        <\/p>\n<p>\n                                L\u2019objectif de cette odyss\u00e9e in\u00e9dite lanc\u00e9e par le Cr\u00e9dit Agricole est d&rsquo;aller \u00e0 la rencontre des entreprises, des collectivit\u00e9s, des professionnels, des agriculteurs, des citoyens qui entreprennent des changements significatifs, \u00e0 leur niveau, dans leurs activit\u00e9s, leurs usages, leurs pratiques commerciales et leur strat\u00e9gie globale pour int\u00e9grer des principes de durabilit\u00e9 environnementale, sociale et \u00e9conomique.<\/p>\n","protected":false},"excerpt":{"rendered":"\u00ab Sur les routes des Transitions \u00bb L\u2019objectif de cette odyss\u00e9e in\u00e9dite lanc\u00e9e par le Cr\u00e9dit Agricole est&hellip;\n","protected":false},"author":2,"featured_media":19542,"comment_status":"","ping_status":"","sticky":false,"template":"","format":"standard","meta":{"footnotes":""},"categories":[1592],"tags":[631,1111,47,11,523,7584,7583,1777,674,1011,27,7585,662,12,626,25],"class_list":{"0":"post-19541","1":"post","2":"type-post","3":"status-publish","4":"format-standard","5":"has-post-thumbnail","7":"category-ile-de-france","8":"tag-action","9":"tag-actu","10":"tag-actualite","11":"tag-actualites","12":"tag-banque","13":"tag-cours-de-bourse","14":"tag-credit-agricole-sa","15":"tag-eu","16":"tag-europe","17":"tag-fr","18":"tag-france","19":"tag-groupe-credit-agricole","20":"tag-ile-de-france","21":"tag-news","22":"tag-paris","23":"tag-republique-francaise"},"share_on_mastodon":{"url":"https:\/\/pubeurope.com\/@fr\/114324331794332707","error":""},"_links":{"self":[{"href":"https:\/\/www.europesays.com\/fr\/wp-json\/wp\/v2\/posts\/19541","targetHints":{"allow":["GET"]}}],"collection":[{"href":"https:\/\/www.europesays.com\/fr\/wp-json\/wp\/v2\/posts"}],"about":[{"href":"https:\/\/www.europesays.com\/fr\/wp-json\/wp\/v2\/types\/post"}],"author":[{"embeddable":true,"href":"https:\/\/www.europesays.com\/fr\/wp-json\/wp\/v2\/users\/2"}],"replies":[{"embeddable":true,"href":"https:\/\/www.europesays.com\/fr\/wp-json\/wp\/v2\/comments?post=19541"}],"version-history":[{"count":0,"href":"https:\/\/www.europesays.com\/fr\/wp-json\/wp\/v2\/posts\/19541\/revisions"}],"wp:featuredmedia":[{"embeddable":true,"href":"https:\/\/www.europesays.com\/fr\/wp-json\/wp\/v2\/media\/19542"}],"wp:attachment":[{"href":"https:\/\/www.europesays.com\/fr\/wp-json\/wp\/v2\/media?parent=19541"}],"wp:term":[{"taxonomy":"category","embeddable":true,"href":"https:\/\/www.europesays.com\/fr\/wp-json\/wp\/v2\/categories?post=19541"},{"taxonomy":"post_tag","embeddable":true,"href":"https:\/\/www.europesays.com\/fr\/wp-json\/wp\/v2\/tags?post=19541"}],"curies":[{"name":"wp","href":"https:\/\/api.w.org\/{rel}","templated":true}]}}