{"id":195424,"date":"2025-06-22T08:25:09","date_gmt":"2025-06-22T08:25:09","guid":{"rendered":"https:\/\/www.europesays.com\/fr\/195424\/"},"modified":"2025-06-22T08:25:09","modified_gmt":"2025-06-22T08:25:09","slug":"ed-sheeran-fait-leloge-de-pierre-garnier-apres-leur-duo-surprise-sur-scene-a-lille","status":"publish","type":"post","link":"https:\/\/www.europesays.com\/fr\/195424\/","title":{"rendered":"Ed Sheeran fait l&rsquo;\u00e9loge de Pierre Garnier apr\u00e8s leur duo surprise sur sc\u00e8ne \u00e0 Lille"},"content":{"rendered":"<p><a data-i13n=\"cpos:1;pos:1\" href=\"https:\/\/fr.news.yahoo.com\/pleure-rire-fans-retrouv%C3%A9-lancien-123200360.html\" data-ylk=\"slk:Pierre Garnier;cpos:1;pos:1;elm:context_link;itc:0;sec:content-canvas;outcm:mb_qualified_link;_E:mb_qualified_link;ct:story;\" class=\"link  yahoo-link\" target=\"_blank\" rel=\"noopener\">Pierre Garnier<\/a> plane sur son petit nuage apr\u00e8s cette soir\u00e9e m\u00e9morable de la <a data-i13n=\"cpos:2;pos:1\" href=\"https:\/\/fr.news.yahoo.com\/fete-de-la-musique-cest-plutot-la-deprime-de-la-musique-quelle-tristesse-cest-plan-plan-tout-ca-ca-serait-bien-de-mettre-des-chansons-qui-bougent-le-concert-evenement-de-france-tv-decoit-massivement-les-internautes-204422504.html\" data-ylk=\"slk:F\u00eate de la musique;cpos:2;pos:1;elm:context_link;itc:0;sec:content-canvas;outcm:mb_qualified_link;_E:mb_qualified_link;ct:story;\" class=\"link  yahoo-link\" target=\"_blank\" rel=\"noopener\">F\u00eate de la musique<\/a>. L&rsquo;artiste de 21 ans vient de vivre un moment qu&rsquo;il n&rsquo;oubliera jamais aux c\u00f4t\u00e9s de l&rsquo;une de ses idoles. <a data-i13n=\"cpos:3;pos:1\" href=\"https:\/\/fr.news.yahoo.com\/sport\/ed-sheeran-stopp%C3%A9-plein-concert-183221189.html\" data-ylk=\"slk:Ed Sheeran;cpos:3;pos:1;elm:context_link;itc:0;sec:content-canvas;outcm:mb_qualified_link;_E:mb_qualified_link;ct:story;\" class=\"link  yahoo-link\" target=\"_blank\" rel=\"noopener\">Ed Sheeran <\/a>parcourt actuellement l&rsquo;Europe avec son \u00ab\u00a0Mathematics Tour\u00a0\u00bb, une tourn\u00e9e internationale o\u00f9 il a pris l&rsquo;habitude d&rsquo;inviter des talents locaux sur sc\u00e8ne dans chaque pays qu&rsquo;il visite. Cette d\u00e9marche fait partie int\u00e9grante de son approche artistique depuis la sortie de son dernier album \u00ab\u00a0Autumn Variations\u00a0\u00bb, o\u00f9 il explore de nouveaux horizons musicaux tout en restant fid\u00e8le \u00e0 son style intimiste et authentique.<\/p>\n<p>\u00ab\u00a0Vraiment le meilleur jour de ma vie\u00a0\u00bb<\/p>\n<p>En v\u00e9ritable gentleman, Ed Sheeran a offert \u00e0 Pierre Garnier un cadeau inestimable en l&rsquo;invitant \u00e0 interpr\u00e9ter sa propre chanson devant des milliers de spectateurs. Le laur\u00e9at de la Star Academy 2023 a ainsi pu chanter \u00ab\u00a0Ceux qu&rsquo;on \u00e9tait\u00a0\u00bb en duo avec la star britannique, dans une version acoustique qui a fait frissonner toute la salle. Le public lillois, conquis par cette collaboration inattendue, a repris en ch\u0153ur les paroles de la chanson de Pierre Garnier faisant r\u00e9sonner le stade Pierre-Mauroy.<\/p>\n<p>Le chanteur originaire de Caen peine \u00e0 se remettre de cette incroyable soir\u00e9e. Des \u00e9toiles encore plein les yeux, il fait part de ses \u00e9motions dans sa story Instagram en republiant le post de son idole, accompagn\u00e9 de ce commentaire : \u00ab\u00a0Vraiment le meilleur jour de ma vie, c&rsquo;\u00e9tait fou\u00a0\u00bb.<\/p>\n<p>L&rsquo;adoubement d&rsquo;Ed Sheeran sur les r\u00e9seaux sociaux<\/p>\n<p>Quelques heures apr\u00e8s le concert, Ed Sheeran a publi\u00e9 un message sur Instagram ne manquant pas de faire l&rsquo;\u00e9loge du jeune chanteur fran\u00e7ais et de l&rsquo;impact de cette rencontre sur lui. Dans son post, il \u00e9crit : \u00ab\u00a0C&rsquo;\u00e9tait un tel plaisir d&rsquo;avoir Pierre sur sc\u00e8ne ce soir, mais aussi juste de passer du temps avec lui avant le spectacle. Quel talent, un mec si charmant. Je dirais que mon fran\u00e7ais a besoin de travail quand m\u00eame hein, j&rsquo;ai rat\u00e9 l&rsquo;allemand au GCSE, je n&rsquo;ai m\u00eame pas pris le fran\u00e7ais mais nous voil\u00e0 fr\u00e9rot. Merci Pierre, merci Lille.\u00a0\u00bb Un message qui m\u00e9lange humour et sinc\u00e9rit\u00e9, \u00e0 l&rsquo;image de l&rsquo;authenticit\u00e9 du chanteur britannique et son appr\u00e9ciation genuine du talent fran\u00e7ais.<\/p>\n<p>Les internautes en fusion devant cette collaboration magique<\/p>\n<p>Les fans de Pierre Garnier ont pass\u00e9 une F\u00eate de la musique m\u00e9morable et sont en totale effervescence depuis cette soir\u00e9e incroyable. Les messages de fiert\u00e9 se multiplient sur X, o\u00f9 les internautes expriment leur \u00e9motion face \u00e0 cette cons\u00e9cration inattendue. \u00ab\u00a0Pierre a chant\u00e9 avec son idole Ed Sheeran, on peut le dire maintenant. Devant un stade de 66 000 personnes. On est tellement fiers de toi Pierre\u00a0\u00bb, \u00e9crit une internaute. D&rsquo;autres soulignent \u00e0 quel point cette reconnaissance est m\u00e9rit\u00e9e : \u00ab\u00a0J&rsquo;ai envie de pleurer, tellement content pour lui, il m\u00e9rite tellement\u00a0\u00bb ou encore \u00ab\u00a0J&rsquo;en reviens pas&#8230; S\u00e9rieusement, il le m\u00e9rite \u00e0 1000%, c&rsquo;est tellement m\u00e9rit\u00e9 que \u00e7a en donne des frissons\u00a0\u00bb.<\/p>\n<p>Les vid\u00e9os du duo circulent massivement sur la plateforme, accompagn\u00e9es de commentaires touchants qui t\u00e9moignent de l&rsquo;attachement du public fran\u00e7ais \u00e0 son jeune talent. Une internaute note avec justesse la complicit\u00e9 \u00e9vidente entre les deux artistes : \u00ab\u00a0Mais la fin, regardez les, c&rsquo;est les deux m\u00eames, ils sont en contact et surtout qu&rsquo;ils le restent\u00a0\u00bb. Cette interpr\u00e9tation spontan\u00e9e du duo laisse-t-elle pr\u00e9sager une future collaboration entre les deux artistes ? Qui sait&#8230; de quoi faire r\u00eaver les fans des deux artistes.<\/p>\n","protected":false},"excerpt":{"rendered":"Pierre Garnier plane sur son petit nuage apr\u00e8s cette soir\u00e9e m\u00e9morable de la F\u00eate de la musique. L&rsquo;artiste&hellip;\n","protected":false},"author":2,"featured_media":195425,"comment_status":"","ping_status":"","sticky":false,"template":"","format":"standard","meta":{"footnotes":""},"categories":[2815],"tags":[1111,11,9472,1777,674,25885,1011,27,811,1307,12,5096,33419,25],"class_list":{"0":"post-195424","1":"post","2":"type-post","3":"status-publish","4":"format-standard","5":"has-post-thumbnail","7":"category-lille","8":"tag-actu","9":"tag-actualites","10":"tag-ed-sheeran","11":"tag-eu","12":"tag-europe","13":"tag-fete-de-la-musique","14":"tag-fr","15":"tag-france","16":"tag-hauts-de-france","17":"tag-lille","18":"tag-news","19":"tag-pierre-garnier","20":"tag-pierre-mauroy-de-lille","21":"tag-republique-francaise"},"share_on_mastodon":{"url":"https:\/\/pubeurope.com\/@fr\/114726065039112731","error":""},"_links":{"self":[{"href":"https:\/\/www.europesays.com\/fr\/wp-json\/wp\/v2\/posts\/195424","targetHints":{"allow":["GET"]}}],"collection":[{"href":"https:\/\/www.europesays.com\/fr\/wp-json\/wp\/v2\/posts"}],"about":[{"href":"https:\/\/www.europesays.com\/fr\/wp-json\/wp\/v2\/types\/post"}],"author":[{"embeddable":true,"href":"https:\/\/www.europesays.com\/fr\/wp-json\/wp\/v2\/users\/2"}],"replies":[{"embeddable":true,"href":"https:\/\/www.europesays.com\/fr\/wp-json\/wp\/v2\/comments?post=195424"}],"version-history":[{"count":0,"href":"https:\/\/www.europesays.com\/fr\/wp-json\/wp\/v2\/posts\/195424\/revisions"}],"wp:featuredmedia":[{"embeddable":true,"href":"https:\/\/www.europesays.com\/fr\/wp-json\/wp\/v2\/media\/195425"}],"wp:attachment":[{"href":"https:\/\/www.europesays.com\/fr\/wp-json\/wp\/v2\/media?parent=195424"}],"wp:term":[{"taxonomy":"category","embeddable":true,"href":"https:\/\/www.europesays.com\/fr\/wp-json\/wp\/v2\/categories?post=195424"},{"taxonomy":"post_tag","embeddable":true,"href":"https:\/\/www.europesays.com\/fr\/wp-json\/wp\/v2\/tags?post=195424"}],"curies":[{"name":"wp","href":"https:\/\/api.w.org\/{rel}","templated":true}]}}