{"id":195426,"date":"2025-06-22T08:26:13","date_gmt":"2025-06-22T08:26:13","guid":{"rendered":"https:\/\/www.europesays.com\/fr\/195426\/"},"modified":"2025-06-22T08:26:13","modified_gmt":"2025-06-22T08:26:13","slug":"les-black-eyed-peas-sur-scene","status":"publish","type":"post","link":"https:\/\/www.europesays.com\/fr\/195426\/","title":{"rendered":"les Black Eyed Peas sur sc\u00e8ne"},"content":{"rendered":"<p>Alors que <a href=\"https:\/\/www.laprovence.com\/article\/culture-loisirs\/1938292327746715\/david-guetta-enchaine-un-set-endiable-au-velodrome\" target=\"_blank\" rel=\"noopener\">David Guetta enflamme le stade olympien<\/a> depuis 21\u00a0h\u00a040 avec un set endiabl\u00e9 et des feux d&rsquo;artifice en parcourant tous ses tubes de \u00ab\u00a0Love don&rsquo;t let me go\u00a0\u00bb et \u00ab\u00a0Love is gone\u00a0\u00bb \u00e0 \u00ab\u00a0Forever Young\u00a0\u00bb en passant par \u00ab\u00a0Titanium\u00a0\u00bb ou \u00ab\u00a0Sexy bitch\u00a0\u00bb, ou encore des remix inattendus <a href=\"https:\/\/www.laprovence.com\/article\/om\/5057635020935914\/om-jul-devoile-sur-scene-le-maillot-domicile-de-la-saison-2025-2026\" target=\"_blank\" rel=\"noopener\">comme ceux des tubes du rap local<\/a> pour un joli clin d&rsquo;\u0153il, une surprise de taille a fait irruption dans le stade \u00e0 23\u00a0h\u00a026.<\/p>\n<p>Les premi\u00e8res notes de \u00ab\u00a0I gotta feeling\u00a0\u00bb, <a href=\"https:\/\/www.laprovence.com\/article\/culture-loisirs\/42426793106069\/david-guetta-au-velodrome-rihanna-black-eyed-peas-sia-des-collaborations-au-sommet\" target=\"_blank\" rel=\"noopener\">tube de 2009 des Black Eyed Peas produit par Guetta<\/a> lui-m\u00eame, retentissent. Et c&rsquo;est bien le groupe californien emmen\u00e9 par Will.I.am qui fait son apparition aux c\u00f4t\u00e9s du DJ star. Avec Feux d&rsquo;artifice encore \u00e9videmment. Le groupe encha\u00eene avec \u00ab\u00a0Pump it\u00a0\u00bb devant un stade en feu.<\/p>\n<p>\u00ab\u00a0\u00c7a fait plus de 20 ans que vous m&rsquo;accompagnez. Merci, je vous aime\u00a0\u00bb, a conclu le DJ en direction du public qui a v\u00e9cu une f\u00eate de la musique m\u00e9morable. Et une conclusion sur un \u00ab\u00a0<a href=\"https:\/\/www.laprovence.com\/article\/societe\/57451030338884\/cest-marseille-ce-que-cache-cette-expression-populaire-qui-semble-tout-justifier\" target=\"_blank\" rel=\"noopener\">C&rsquo;est Marseille b\u00e9b\u00e9<\/a>\u00a0\u00bb en ch\u0153ur.<\/p>\n","protected":false},"excerpt":{"rendered":"Alors que David Guetta enflamme le stade olympien depuis 21\u00a0h\u00a040 avec un set endiabl\u00e9 et des feux d&rsquo;artifice&hellip;\n","protected":false},"author":2,"featured_media":195427,"comment_status":"","ping_status":"","sticky":false,"template":"","format":"standard","meta":{"footnotes":""},"categories":[2814],"tags":[17,1111,11,3623,251,8842,1777,674,33421,1011,27,33420,151,884,12,33422,882,25,957],"class_list":{"0":"post-195426","1":"post","2":"type-post","3":"status-publish","4":"format-standard","5":"has-post-thumbnail","7":"category-marseille","8":"tag-17","9":"tag-actu","10":"tag-actualites","11":"tag-black","12":"tag-culture","13":"tag-david","14":"tag-eu","15":"tag-europe","16":"tag-eyed","17":"tag-fr","18":"tag-france","19":"tag-guetta","20":"tag-les","21":"tag-marseille","22":"tag-news","23":"tag-peas","24":"tag-provence-alpes-cote-dazur","25":"tag-republique-francaise","26":"tag-velodrome"},"share_on_mastodon":{"url":"https:\/\/pubeurope.com\/@fr\/114726068808698061","error":""},"_links":{"self":[{"href":"https:\/\/www.europesays.com\/fr\/wp-json\/wp\/v2\/posts\/195426","targetHints":{"allow":["GET"]}}],"collection":[{"href":"https:\/\/www.europesays.com\/fr\/wp-json\/wp\/v2\/posts"}],"about":[{"href":"https:\/\/www.europesays.com\/fr\/wp-json\/wp\/v2\/types\/post"}],"author":[{"embeddable":true,"href":"https:\/\/www.europesays.com\/fr\/wp-json\/wp\/v2\/users\/2"}],"replies":[{"embeddable":true,"href":"https:\/\/www.europesays.com\/fr\/wp-json\/wp\/v2\/comments?post=195426"}],"version-history":[{"count":0,"href":"https:\/\/www.europesays.com\/fr\/wp-json\/wp\/v2\/posts\/195426\/revisions"}],"wp:featuredmedia":[{"embeddable":true,"href":"https:\/\/www.europesays.com\/fr\/wp-json\/wp\/v2\/media\/195427"}],"wp:attachment":[{"href":"https:\/\/www.europesays.com\/fr\/wp-json\/wp\/v2\/media?parent=195426"}],"wp:term":[{"taxonomy":"category","embeddable":true,"href":"https:\/\/www.europesays.com\/fr\/wp-json\/wp\/v2\/categories?post=195426"},{"taxonomy":"post_tag","embeddable":true,"href":"https:\/\/www.europesays.com\/fr\/wp-json\/wp\/v2\/tags?post=195426"}],"curies":[{"name":"wp","href":"https:\/\/api.w.org\/{rel}","templated":true}]}}