{"id":195428,"date":"2025-06-22T08:27:09","date_gmt":"2025-06-22T08:27:09","guid":{"rendered":"https:\/\/www.europesays.com\/fr\/195428\/"},"modified":"2025-06-22T08:27:09","modified_gmt":"2025-06-22T08:27:09","slug":"david-guetta-en-concert-a-marseille-sons-inedits-effets-visuels-grandioses-black-eyed-peas","status":"publish","type":"post","link":"https:\/\/www.europesays.com\/fr\/195428\/","title":{"rendered":"David Guetta en concert \u00e0 Marseille\u00a0: sons in\u00e9dits, effets visuels grandioses, Black Eyed Peas\u2026"},"content":{"rendered":"<p class=\"paragraph text_align_left lp-f-body-02\">\u00ab La meilleure <a href=\"https:\/\/www.leparisien.fr\/culture-loisirs\/fete-de-la-musique-sur-france-2-un-concert-de-haute-volee-sous-le-ciel-de-paris-22-06-2025-MEAWMSK6MBDJFNZJX5GVM3EW6E.php\" target=\"_blank\" rel=\"noreferrer nofollow noopener\">F\u00eate de la musique<\/a> de France, elle est ici \u00e0 Marseille ! \u00bb Face \u00e0 65 000 spectateurs survolt\u00e9s, <a href=\"https:\/\/www.leparisien.fr\/culture-loisirs\/musique\/david-guetta-annonce-au-stade-velodrome-pour-la-fete-de-la-musique-2025-20-05-2024-MVXFS7QFRFA2PBM2EC3ZNHQQRU.php\" target=\"_blank\" rel=\"noreferrer nofollow noopener\">David Guetta a transform\u00e9 ce samedi soir le stade V\u00e9lodrome<\/a> de Marseille (Bouches-du-Rh\u00f4ne) en fournaise dansante, entre \u00ab melodic techno \u00bb et \u00ab future rave \u00bb plus sombre, sans oublier les incontournables et dansants \u00ab Titanium \u00bb, \u00ab I Gotta Feeling \u00bb ou \u00ab Sexy Bitch \u00bb\u2026 Dans un spectacle sons et lumi\u00e8res total, le DJ a confirm\u00e9 son statut de l\u00e9gende de la musique aux deux Grammy Awards et aux 50 millions de disques vendus et le lien fort avec son public dans la cit\u00e9 phoc\u00e9enne pour sa premi\u00e8re en solo dans l\u2019enceinte de l\u2019<a href=\"https:\/\/www.leparisien.fr\/sports\/football\/ligue-1\/ligue-1-lom-recrute-un-ancien-dirigeant-de-linter-milan-16-06-2025-2DFQ32QIXRBEFEGCI2KPWLTFJA.php\" target=\"_blank\" rel=\"noreferrer nofollow noopener\">OM<\/a>.<\/p>\n<p class=\"paragraph text_align_left lp-f-body-02\">Abandonnant Ibiza et ses clubs pour quelques heures et mixant les sons mais aussi les g\u00e9n\u00e9rations, David Guetta a envoy\u00e9 du lourd durant plus de deux heures dans le cadre de sa tourn\u00e9e \u00ab The Monolith Tour \u00bb.<\/p>\n","protected":false},"excerpt":{"rendered":"\u00ab La meilleure F\u00eate de la musique de France, elle est ici \u00e0 Marseille ! \u00bb Face \u00e0&hellip;\n","protected":false},"author":2,"featured_media":195429,"comment_status":"","ping_status":"","sticky":false,"template":"","format":"standard","meta":{"footnotes":""},"categories":[2814],"tags":[1111,11,872,459,1777,674,1011,27,884,873,12,882,25],"class_list":{"0":"post-195428","1":"post","2":"type-post","3":"status-publish","4":"format-standard","5":"has-post-thumbnail","7":"category-marseille","8":"tag-actu","9":"tag-actualites","10":"tag-culture-et-loisirs","11":"tag-departements-horsidfo","12":"tag-eu","13":"tag-europe","14":"tag-fr","15":"tag-france","16":"tag-marseille","17":"tag-musique","18":"tag-news","19":"tag-provence-alpes-cote-dazur","20":"tag-republique-francaise"},"share_on_mastodon":{"url":"https:\/\/pubeurope.com\/@fr\/114726072721523606","error":""},"_links":{"self":[{"href":"https:\/\/www.europesays.com\/fr\/wp-json\/wp\/v2\/posts\/195428","targetHints":{"allow":["GET"]}}],"collection":[{"href":"https:\/\/www.europesays.com\/fr\/wp-json\/wp\/v2\/posts"}],"about":[{"href":"https:\/\/www.europesays.com\/fr\/wp-json\/wp\/v2\/types\/post"}],"author":[{"embeddable":true,"href":"https:\/\/www.europesays.com\/fr\/wp-json\/wp\/v2\/users\/2"}],"replies":[{"embeddable":true,"href":"https:\/\/www.europesays.com\/fr\/wp-json\/wp\/v2\/comments?post=195428"}],"version-history":[{"count":0,"href":"https:\/\/www.europesays.com\/fr\/wp-json\/wp\/v2\/posts\/195428\/revisions"}],"wp:featuredmedia":[{"embeddable":true,"href":"https:\/\/www.europesays.com\/fr\/wp-json\/wp\/v2\/media\/195429"}],"wp:attachment":[{"href":"https:\/\/www.europesays.com\/fr\/wp-json\/wp\/v2\/media?parent=195428"}],"wp:term":[{"taxonomy":"category","embeddable":true,"href":"https:\/\/www.europesays.com\/fr\/wp-json\/wp\/v2\/categories?post=195428"},{"taxonomy":"post_tag","embeddable":true,"href":"https:\/\/www.europesays.com\/fr\/wp-json\/wp\/v2\/tags?post=195428"}],"curies":[{"name":"wp","href":"https:\/\/api.w.org\/{rel}","templated":true}]}}