{"id":19543,"date":"2025-04-12T09:40:08","date_gmt":"2025-04-12T09:40:08","guid":{"rendered":"https:\/\/www.europesays.com\/fr\/19543\/"},"modified":"2025-04-12T09:40:08","modified_gmt":"2025-04-12T09:40:08","slug":"ces-policiers-municipaux-vont-pouvoir-filmer-leurs-interventions","status":"publish","type":"post","link":"https:\/\/www.europesays.com\/fr\/19543\/","title":{"rendered":"ces policiers municipaux vont pouvoir filmer leurs interventions"},"content":{"rendered":"<p>            Par<br \/>\n        <strong><br \/>\n            <a href=\"https:\/\/actu.fr\/auteur\/redaction-morbihan\" title=\"Consulter tous les articles de R\u00e9daction Morbihan\" rel=\"nofollow noopener\" target=\"_blank\">R\u00e9daction Morbihan<\/a><br \/>\n        <\/strong><\/p>\n<p>        Publi\u00e9 le<\/p>\n<p>            12 avr. 2025 \u00e0 11h00        <\/p>\n<p>Les\u00a0<b>policiers municipaux\u00a0<\/b>de Ploemeur<b> <\/b>(<a href=\"https:\/\/actu.fr\/morbihan\/\" rel=\"nofollow noopener\" target=\"_blank\">Morbihan<\/a>) ont re\u00e7u un nouvel \u00e9quipement. Dans un objectif de totale transparence, ils ont \u00e9t\u00e9 \u00e9quip\u00e9s de\u00a0<b>cam\u00e9ras-pi\u00e9tons<\/b>.<\/p>\n<p>Une cam\u00e9ra sur le gilet tactique<\/p>\n<p class=\" wall-content\">Ce dispositif, port\u00e9 sur le gilet tactique, permet aux policiers municipaux de \u00ab\u2009proc\u00e9der \u00e0<b> l\u2019enregistrement audio-visuel des interventions <\/b>dans l\u2019exercice des missions de police municipale de pr\u00e9vention des atteintes \u00e0 l\u2019ordre public et de protection de la s\u00e9curit\u00e9 des personnes et des biens\u2009\u00bb, informe la municipalit\u00e9 de Ploemeur.<\/p>\n<p class=\" wall-content\">Ces cam\u00e9ras peuvent \u00e9galement \u00eatre utilis\u00e9es lors de missions de\u00a0<b>police judiciaire<\/b>.<\/p>\n<p>Les policiers municipaux \u00e9quip\u00e9s de cam\u00e9ra<\/p>\n<p class=\" wall-content\">\u00ab\u2009Les cam\u00e9ras sont port\u00e9es de<b> fa\u00e7on apparente<\/b> par l\u2019agent. Un signal visuel sp\u00e9cifique indique si la cam\u00e9ra enregistre\u2009\u00bb, indique la ville de Ploemeur avant de pr\u00e9ciser\u2009: \u00ab\u2009Le d\u00e9clenchement de l\u2019enregistrement fait l\u2019objet d\u2019une information des personnes film\u00e9es, sauf si les circonstances l\u2019interdisent.\u2009\u00bb<\/p>\n<p>    <a href=\"https:\/\/www.facebook.com\/plugins\/post.php?href=https%3A%2F%2Fwww.facebook.com%2FAvecRonanLoas%2Fposts%2Fpfbid034cLxU9m7L1CaeGZSZCwoUqwVddZuz7KVpLnXM5pjdaaKHHxUnAi51gy77utKmKr5l&amp;show_text=true&amp;width=350\" title=\"Ouvrie le lien\" rel=\"nofollow noopener\" target=\"_blank\">Cliquez ici pour visualiser le contenu<\/a><\/p>\n<p class=\" wall-content\">Les images enregistr\u00e9es peuvent \u00eatre utilis\u00e9es pour \u00ab\u2009la<b> pr\u00e9vention des incidents<\/b> au cours des interventions\u2009\u00bb et pour \u00ab\u2009le <b>constat des infractions <\/b>et la poursuite de leurs auteurs par la collecte de preuves.\u2009\u00bb L\u2019enregistrement peut \u00e9galement servir pour la formation et la p\u00e9dagogie des agents.<\/p>\n<p>Vid\u00e9os : en ce moment sur Actu<\/p>\n<blockquote class=\"ac-article-quote wall-content\">\n<p>Hormis le cas d\u2019une enqu\u00eate de flagrant d\u00e9lit, d\u2019une proc\u00e9dure judiciaire les enregistrements sont conserv\u00e9s pendant une dur\u00e9e de 1\u00a0mois. \u00c0 l\u2019issue de ce d\u00e9lai, ils sont d\u00e9truits.<\/p>\n<p>Ville de Ploemeur<\/p><\/blockquote>\n<p class=\" wall-content\">L\u2019acc\u00e8s aux donn\u00e9es est r\u00e9serv\u00e9 \u00e0 la cheffe de la police municipale, \u00e0 la gendarmerie ainsi qu\u2019\u00e0 la police nationale.<\/p>\n<p class=\" wall-content\">Suivez toute l\u2019actualit\u00e9 de vos villes et m\u00e9dias favoris en vous inscrivant \u00e0 <a href=\"https:\/\/moncompte.actu.fr\" title=\"D\u00e9couvez Mon Actu\" rel=\"nofollow noopener\" data-trk=\"{&quot;cta&quot;:{&quot;action&quot;:&quot;https:\\\/\\\/moncompte.actu.fr&quot;,&quot;category&quot;:&quot;mon compte&quot;,&quot;from&quot;:&quot;article footer&quot;,&quot;name&quot;:&quot;Mon actu&quot;,&quot;type&quot;:&quot;cta&quot;}}\" target=\"_blank\">Mon Actu<\/a>.<\/p>\n","protected":false},"excerpt":{"rendered":"Par R\u00e9daction Morbihan Publi\u00e9 le 12 avr. 2025 \u00e0 11h00 Les\u00a0policiers municipaux\u00a0de Ploemeur (Morbihan) ont re\u00e7u un nouvel&hellip;\n","protected":false},"author":2,"featured_media":19544,"comment_status":"","ping_status":"","sticky":false,"template":"","format":"standard","meta":{"footnotes":""},"categories":[1888],"tags":[1111,1928,11,1927,1777,674,1011,27,12,1926,626,1925,1072,25,104,133,7374],"class_list":{"0":"post-19543","1":"post","2":"type-post","3":"status-publish","4":"format-standard","5":"has-post-thumbnail","7":"category-paris","8":"tag-actu","9":"tag-actu-paris","10":"tag-actualites","11":"tag-actualites-paris","12":"tag-eu","13":"tag-europe","14":"tag-fr","15":"tag-france","16":"tag-news","17":"tag-news-paris","18":"tag-paris","19":"tag-paris-news","20":"tag-police","21":"tag-republique-francaise","22":"tag-societe","23":"tag-video","24":"tag-violences-policieres"},"share_on_mastodon":{"url":"https:\/\/pubeurope.com\/@fr\/114324335747254306","error":""},"_links":{"self":[{"href":"https:\/\/www.europesays.com\/fr\/wp-json\/wp\/v2\/posts\/19543","targetHints":{"allow":["GET"]}}],"collection":[{"href":"https:\/\/www.europesays.com\/fr\/wp-json\/wp\/v2\/posts"}],"about":[{"href":"https:\/\/www.europesays.com\/fr\/wp-json\/wp\/v2\/types\/post"}],"author":[{"embeddable":true,"href":"https:\/\/www.europesays.com\/fr\/wp-json\/wp\/v2\/users\/2"}],"replies":[{"embeddable":true,"href":"https:\/\/www.europesays.com\/fr\/wp-json\/wp\/v2\/comments?post=19543"}],"version-history":[{"count":0,"href":"https:\/\/www.europesays.com\/fr\/wp-json\/wp\/v2\/posts\/19543\/revisions"}],"wp:featuredmedia":[{"embeddable":true,"href":"https:\/\/www.europesays.com\/fr\/wp-json\/wp\/v2\/media\/19544"}],"wp:attachment":[{"href":"https:\/\/www.europesays.com\/fr\/wp-json\/wp\/v2\/media?parent=19543"}],"wp:term":[{"taxonomy":"category","embeddable":true,"href":"https:\/\/www.europesays.com\/fr\/wp-json\/wp\/v2\/categories?post=19543"},{"taxonomy":"post_tag","embeddable":true,"href":"https:\/\/www.europesays.com\/fr\/wp-json\/wp\/v2\/tags?post=19543"}],"curies":[{"name":"wp","href":"https:\/\/api.w.org\/{rel}","templated":true}]}}