{"id":195430,"date":"2025-06-22T08:28:09","date_gmt":"2025-06-22T08:28:09","guid":{"rendered":"https:\/\/www.europesays.com\/fr\/195430\/"},"modified":"2025-06-22T08:28:09","modified_gmt":"2025-06-22T08:28:09","slug":"pres-de-lyon-une-fillette-fait-une-chute-mortelle-du-4e-etage-dun-immeuble","status":"publish","type":"post","link":"https:\/\/www.europesays.com\/fr\/195430\/","title":{"rendered":"Pr\u00e8s de Lyon : une fillette fait une chute mortelle du 4e \u00e9tage d&rsquo;un immeuble"},"content":{"rendered":"<p>Dans la soir\u00e9e du samedi 21 juin, une jeune fille de 6 ans est morte apr\u00e8s avoir chut\u00e9 du 4e \u00e9tage d&rsquo;un immeuble \u00e0 Rillieux-la-Pape, pr\u00e8s de Lyon.<\/p>\n<p>Un accident dramatique s&rsquo;est produit dans le Rh\u00f4ne. Samedi 21 juin, vers 20h30, une fillette a fait <a class=\"url\" href=\"https:\/\/www.radioscoop.com\/infos\/rhone-un-ouvrier-de-27-ans-chute-d-un-toit-et-meurt_331552\" target=\"_blank\" rel=\"nofollow noopener\">une chute mortelle<\/a>.<\/p>\n<p>La fillette perd la vie, une enqu\u00eate ouverte<\/p>\n<p>La victime, \u00e2g\u00e9e de 6 ans, est tomb\u00e9e depuis le 4e \u00e9tage d&rsquo;un immeuble situ\u00e9 rue Jules Michelet, \u00e0 <b>Rillieux-la-Pape<\/b>, pr\u00e8s de Lyon.<\/p>\n<p>Selon <a class=\"url\" href=\"https:\/\/c.leprogres.fr\/faits-divers-justice\/2025\/06\/21\/une-fillette-decede-apres-une-chute-du-4e-etage-a-rillieux-la-pape\" target=\"_blank\" rel=\"nofollow noopener\">Le Progr\u00e8s<\/a>, <b>la jeune fille est d\u00e9c\u00e9d\u00e9e<\/b>. Une enqu\u00eate a \u00e9t\u00e9 ouverte par la police pour comprendre les circonstances pr\u00e9cises de cette chute mortelle.<\/p>\n<p><img loading=\"lazy\" decoding=\"async\" src=\"https:\/\/www.europesays.com\/fr\/wp-content\/uploads\/2025\/06\/1750580889_89_img\" width=\"350\" height=\"200\" border=\"0\" title=\"Un camion de pompiers\"\/><\/p>\n<p>\u25baFaits divers<\/p>\n<p style=\"font-size: 22px;\"><b>V\u00e9nissieux : l&rsquo;enfant tomb\u00e9 d&rsquo;un immeuble avec son p\u00e8re est sauv\u00e9<\/b><\/p>\n<p>Son p\u00e8re avait saut\u00e9 avec lui du troisi\u00e8me \u00e9tage&#8230;<\/p>\n<p><\/p>\n","protected":false},"excerpt":{"rendered":"Dans la soir\u00e9e du samedi 21 juin, une jeune fille de 6 ans est morte apr\u00e8s avoir chut\u00e9&hellip;\n","protected":false},"author":2,"featured_media":195431,"comment_status":"","ping_status":"","sticky":false,"template":"","format":"standard","meta":{"footnotes":""},"categories":[1889],"tags":[1111,11,2430,837,24563,1777,674,6017,1011,27,2428,18,12,25,17092],"class_list":{"0":"post-195430","1":"post","2":"type-post","3":"status-publish","4":"format-standard","5":"has-post-thumbnail","7":"category-lyon","8":"tag-actu","9":"tag-actualites","10":"tag-auvergne-rhone-alpes","11":"tag-chute","12":"tag-dcs","13":"tag-eu","14":"tag-europe","15":"tag-fait-divers","16":"tag-fr","17":"tag-france","18":"tag-lyon","19":"tag-mort","20":"tag-news","21":"tag-republique-francaise","22":"tag-rillieux-la-pape"},"share_on_mastodon":{"url":"https:\/\/pubeurope.com\/@fr\/114726076715576459","error":""},"_links":{"self":[{"href":"https:\/\/www.europesays.com\/fr\/wp-json\/wp\/v2\/posts\/195430","targetHints":{"allow":["GET"]}}],"collection":[{"href":"https:\/\/www.europesays.com\/fr\/wp-json\/wp\/v2\/posts"}],"about":[{"href":"https:\/\/www.europesays.com\/fr\/wp-json\/wp\/v2\/types\/post"}],"author":[{"embeddable":true,"href":"https:\/\/www.europesays.com\/fr\/wp-json\/wp\/v2\/users\/2"}],"replies":[{"embeddable":true,"href":"https:\/\/www.europesays.com\/fr\/wp-json\/wp\/v2\/comments?post=195430"}],"version-history":[{"count":0,"href":"https:\/\/www.europesays.com\/fr\/wp-json\/wp\/v2\/posts\/195430\/revisions"}],"wp:featuredmedia":[{"embeddable":true,"href":"https:\/\/www.europesays.com\/fr\/wp-json\/wp\/v2\/media\/195431"}],"wp:attachment":[{"href":"https:\/\/www.europesays.com\/fr\/wp-json\/wp\/v2\/media?parent=195430"}],"wp:term":[{"taxonomy":"category","embeddable":true,"href":"https:\/\/www.europesays.com\/fr\/wp-json\/wp\/v2\/categories?post=195430"},{"taxonomy":"post_tag","embeddable":true,"href":"https:\/\/www.europesays.com\/fr\/wp-json\/wp\/v2\/tags?post=195430"}],"curies":[{"name":"wp","href":"https:\/\/api.w.org\/{rel}","templated":true}]}}