{"id":195432,"date":"2025-06-22T08:29:12","date_gmt":"2025-06-22T08:29:12","guid":{"rendered":"https:\/\/www.europesays.com\/fr\/195432\/"},"modified":"2025-06-22T08:29:12","modified_gmt":"2025-06-22T08:29:12","slug":"une-enfant-de-6-ans-meurt-apres-avoir-chute-dun-immeuble","status":"publish","type":"post","link":"https:\/\/www.europesays.com\/fr\/195432\/","title":{"rendered":"une enfant de 6 ans meurt apr\u00e8s avoir chut\u00e9 d&rsquo;un immeuble"},"content":{"rendered":"<p>            Par<br \/>\n        <strong><br \/>\n            <a href=\"https:\/\/actu.fr\/auteur\/redaction-lyon\" title=\"Consulter tous les articles de R\u00e9daction Lyon\" rel=\"nofollow noopener\" target=\"_blank\">R\u00e9daction Lyon<\/a><br \/>\n        <\/strong><\/p>\n<p>        Publi\u00e9 le<\/p>\n<p>            22 juin 2025 \u00e0 9h57        <\/p>\n<p>Drame \u00e0 Rillieux-la-Pape (Rh\u00f4ne) dans la m\u00e9tropole de <a href=\"https:\/\/actu.fr\/auvergne-rhone-alpes\/lyon_69123\" rel=\"nofollow noopener\" target=\"_blank\">Lyon<\/a> samedi 21 juin 2025 dans la soir\u00e9e. Une enfant a chut\u00e9 du logement d\u2019un immeuble rue Jules-Michelet et est d\u00e9c\u00e9d\u00e9e des suites de ses blessures, a appris actu Lyon, confirmant une information du <a href=\"https:\/\/www.leprogres.fr\/faits-divers-justice\/2025\/06\/21\/une-fillette-decede-apres-une-chute-du-4e-etage-a-rillieux-la-pape\" rel=\"nofollow noopener\" target=\"_blank\">Progr\u00e8s<\/a>.<\/p>\n<p class=\" wall-content\">La fillette \u00e2g\u00e9e de 6 ans est d\u00e9c\u00e9d\u00e9e apr\u00e8s une chute du 4e \u00e9tage d\u2019un immeuble de logements au 38 de la rue vers 20h30 dans le quartier des Alagniers.<\/p>\n<p>    <a href=\"https:\/\/www.google.com\/maps\/embed?pb=!3m2!1sfr!2sfr!4v1750578661386!5m2!1sfr!2sfr!6m8!1m7!1sXbd9VVhnX7wEaaYuz7PYsw!2m2!1d45.81593930633328!2d4.891941876151504!3f130.5413917693885!4f0.6189119182327687!5f0.7859082083082056\" title=\"Ouvrie le lien\" rel=\"nofollow noopener\" target=\"_blank\">Cliquez ici pour visualiser le contenu<\/a><\/p>\n<p>Une enqu\u00eate de police ouverte<\/p>\n<p class=\" wall-content\">La petite victime n\u2019\u00e9tait pas d\u00e9c\u00e9d\u00e9e \u00e0 l\u2019arriv\u00e9e des secours. Mais malgr\u00e9 les tentatives de sauver la fillette, elle a succomb\u00e9 sur les lieux.<\/p>\n<p class=\" wall-content\">Une enqu\u00eate de police est ouverte. On ignore \u00e0 ce stade les circonstances du drame.<\/p>\n<p>Vid\u00e9os : en ce moment sur Actu<\/p>\n<p class=\" wall-content\">Suivez toute l\u2019actualit\u00e9 de vos villes et m\u00e9dias favoris en vous inscrivant \u00e0 <a href=\"https:\/\/moncompte.actu.fr\" title=\"D\u00e9couvez Mon Actu\" rel=\"nofollow noopener\" data-trk=\"{&quot;cta&quot;:{&quot;action&quot;:&quot;https:\\\/\\\/moncompte.actu.fr&quot;,&quot;category&quot;:&quot;mon compte&quot;,&quot;from&quot;:&quot;article footer&quot;,&quot;name&quot;:&quot;Mon actu&quot;,&quot;type&quot;:&quot;cta&quot;}}\" target=\"_blank\">Mon Actu<\/a>.<\/p>\n","protected":false},"excerpt":{"rendered":"Par R\u00e9daction Lyon Publi\u00e9 le 22 juin 2025 \u00e0 9h57 Drame \u00e0 Rillieux-la-Pape (Rh\u00f4ne) dans la m\u00e9tropole de&hellip;\n","protected":false},"author":2,"featured_media":195433,"comment_status":"","ping_status":"","sticky":false,"template":"","format":"standard","meta":{"footnotes":""},"categories":[1889],"tags":[1111,11,2430,1777,674,118,1011,27,2428,12,1311,25],"class_list":{"0":"post-195432","1":"post","2":"type-post","3":"status-publish","4":"format-standard","5":"has-post-thumbnail","7":"category-lyon","8":"tag-actu","9":"tag-actualites","10":"tag-auvergne-rhone-alpes","11":"tag-eu","12":"tag-europe","13":"tag-faits-divers","14":"tag-fr","15":"tag-france","16":"tag-lyon","17":"tag-news","18":"tag-pompiers","19":"tag-republique-francaise"},"share_on_mastodon":{"url":"https:\/\/pubeurope.com\/@fr\/114726080530284539","error":""},"_links":{"self":[{"href":"https:\/\/www.europesays.com\/fr\/wp-json\/wp\/v2\/posts\/195432","targetHints":{"allow":["GET"]}}],"collection":[{"href":"https:\/\/www.europesays.com\/fr\/wp-json\/wp\/v2\/posts"}],"about":[{"href":"https:\/\/www.europesays.com\/fr\/wp-json\/wp\/v2\/types\/post"}],"author":[{"embeddable":true,"href":"https:\/\/www.europesays.com\/fr\/wp-json\/wp\/v2\/users\/2"}],"replies":[{"embeddable":true,"href":"https:\/\/www.europesays.com\/fr\/wp-json\/wp\/v2\/comments?post=195432"}],"version-history":[{"count":0,"href":"https:\/\/www.europesays.com\/fr\/wp-json\/wp\/v2\/posts\/195432\/revisions"}],"wp:featuredmedia":[{"embeddable":true,"href":"https:\/\/www.europesays.com\/fr\/wp-json\/wp\/v2\/media\/195433"}],"wp:attachment":[{"href":"https:\/\/www.europesays.com\/fr\/wp-json\/wp\/v2\/media?parent=195432"}],"wp:term":[{"taxonomy":"category","embeddable":true,"href":"https:\/\/www.europesays.com\/fr\/wp-json\/wp\/v2\/categories?post=195432"},{"taxonomy":"post_tag","embeddable":true,"href":"https:\/\/www.europesays.com\/fr\/wp-json\/wp\/v2\/tags?post=195432"}],"curies":[{"name":"wp","href":"https:\/\/api.w.org\/{rel}","templated":true}]}}