{"id":195434,"date":"2025-06-22T08:32:11","date_gmt":"2025-06-22T08:32:11","guid":{"rendered":"https:\/\/www.europesays.com\/fr\/195434\/"},"modified":"2025-06-22T08:32:11","modified_gmt":"2025-06-22T08:32:11","slug":"guinguette-ressourcerie-tout-savoir-sur-le-tiers-lieu-qui-remplace-bercy-beaucoup-a-paris","status":"publish","type":"post","link":"https:\/\/www.europesays.com\/fr\/195434\/","title":{"rendered":"Guinguette, ressourcerie&#8230; Tout savoir sur le tiers-lieu qui remplace Bercy Beaucoup \u00e0 Paris"},"content":{"rendered":"<p>            Par<br \/>\n        <strong><br \/>\n            <a href=\"https:\/\/actu.fr\/auteur\/emilie-salabelle\" title=\"Consulter tous les articles de Emilie Salabelle\" rel=\"nofollow noopener\" target=\"_blank\">Emilie Salabelle<\/a><br \/>\n        <\/strong><\/p>\n<p>        Publi\u00e9 le<\/p>\n<p>            22 juin 2025 \u00e0 8h20        <\/p>\n<p>C\u2019est reparti pour un (long) tour. Apr\u00e8s les trois ans d\u2019occupation transitoire de <a href=\"https:\/\/actu.fr\/ile-de-france\/paris_75056\/guinguette-ressourcerie-spectacles-ce-que-vous-reserve-la-friche-bercy-beaucoup-pour-2023_57783130.html\" rel=\"nofollow noopener\" target=\"_blank\">Bercy Beaucoup<\/a>, la <strong>friche ferroviaire<\/strong> situ\u00e9e entre le <a href=\"https:\/\/actu.fr\/ile-de-france\/val-de-marne_94\" rel=\"nofollow noopener\" target=\"_blank\">Val-de-Marne<\/a> et <a href=\"https:\/\/actu.fr\/paris\/\" rel=\"nofollow noopener\" target=\"_blank\">Paris<\/a> reprend du service sous un nouveau nom, <strong>Bercy Encore.<\/strong> Le <a href=\"https:\/\/actu.fr\/ile-de-france\/paris_75056\/c-est-une-page-qui-se-tourne-sur-le-quai-d-austerlitz-a-paris-les-amarres-s-appretent-a-lever-l-ancre_62480572.html\" rel=\"nofollow noopener\" target=\"_blank\">tiers-lieu<\/a> s\u2019installe pour quatre nouvelles ann\u00e9es, en attendant la r\u00e9alisation encore lointaine de la zone d\u2019am\u00e9nagement concert\u00e9 (ZAC) <a href=\"https:\/\/actu.fr\/ile-de-france\/paris_75056\/a-quoi-va-ressembler-le-futur-quartier-charenton-bercy-bientot-en-phase-de-construction_61234812.html\" rel=\"nofollow noopener\" target=\"_blank\">Bercy-Charenton<\/a>. On y retrouve des classiques et des nouveaut\u00e9s. Guinguette, ressourcerie de jardinage, fablab\u2026 <a href=\"https:\/\/actu.fr\/paris\/\" rel=\"nofollow noopener\" target=\"_blank\">actu Paris<\/a> est all\u00e9 y faire un tour \u00e0 l\u2019occasion de son inauguration, mercredi 18\u00a0juin 2025.<\/p>\n<p>Les cr\u00e9ateurs de Bercy Beaucoup mobilis\u00e9s<\/p>\n<p class=\" wall-content\">Sous un chapiteau d\u2019ampoules \u00e9lectriques, des parasols font bouclier contre un soleil de plomb. Au comptoir de la buvette La Javelle, quelques clients commandent de quoi se d\u00e9salt\u00e9rer. En cette fin d\u2019apr\u00e8s-midi, la foule est encore modeste. Mais les diff\u00e9rents acteurs du tiers-lieu, eux, sont dans les starting-blocks.<\/p>\n<p class=\" wall-content\">Rassembl\u00e9es \u00e0 travers l\u2019association <strong>Jardin des rails de Bercy<\/strong>, les m\u00eames structures qui animaient le site entre\u00a02022 et\u00a02024 n\u2019ont pas h\u00e9sit\u00e9 \u00e0 rempiler pour une seconde \u00e9dition, remport\u00e9e \u00e0 l\u2019issue d\u2019un nouvel appel \u00e0 manifestation d\u2019int\u00e9r\u00eat lanc\u00e9 par la Semapa, soci\u00e9t\u00e9 d\u2019\u00e9conomie mixte en charge des op\u00e9rations urbaines de la Ville de Paris. Elles esp\u00e8rent une fr\u00e9quentation similaire voire sup\u00e9rieure \u00e0 la premi\u00e8re phase d\u2019occupation, qui a accueilli entre\u00a02022 et\u00a02024 360\u2009000\u00a0visiteurs.<\/p>\n<p>Des terrains de paddle attendus<\/p>\n<p class=\" wall-content\">Sur la friche de 7\u2009000 m\u00b2 sur laquelle ont d\u00e9j\u00e0 pouss\u00e9 en trois ans pl\u00e9thore d\u2019arbres, taillis et fourr\u00e9s sous les bons soins des b\u00e9n\u00e9voles et employ\u00e9s du tiers-lieu, on retrouve donc les classiques.<\/p>\n<p><a class=\"jo-module-caroussel__img-container\" href=\"https:\/\/static.actu.fr\/uploads\/2025\/06\/img-1771.jpg\" title=\"Agrandir la photo La friche, autrefois nue, a \u00e9t\u00e9 v\u00e9g\u00e9talis\u00e9e par les acteurs de Bercy Beaucoup. (\u00a9 ES \/ actu Paris)\" data-idx=\"1\" rel=\"nofollow noopener\" target=\"_blank\"><br \/>\n    <img decoding=\"async\" class=\"jo-module-caroussel__img\" loading=\"lazy\" src=\"https:\/\/www.europesays.com\/fr\/wp-content\/uploads\/2025\/06\/img-1771-640x427.jpg\" alt=\"La friche, autrefois nue, a \u00e9t\u00e9 v\u00e9g\u00e9talis\u00e9e par les acteurs de Bercy Beaucoup. (\u00a9 ES \/ actu Paris)\" width=\"640\" height=\"427\"\/><\/a><a class=\"jo-module-caroussel__img-container\" href=\"https:\/\/static.actu.fr\/uploads\/2025\/06\/img-1805.jpg\" title=\"Agrandir la photo La friche, autrefois nue, a \u00e9t\u00e9 v\u00e9g\u00e9talis\u00e9e par les acteurs de Bercy Beaucoup. (\u00a9 ES \/ actu Paris)\" data-idx=\"2\" rel=\"nofollow noopener\" target=\"_blank\"><br \/>\n    <img decoding=\"async\" class=\"jo-module-caroussel__img\" loading=\"lazy\" src=\"https:\/\/www.europesays.com\/fr\/wp-content\/uploads\/2025\/06\/img-1805-640x427.jpg\" alt=\"La friche, autrefois nue, a \u00e9t\u00e9 v\u00e9g\u00e9talis\u00e9e par les acteurs de Bercy Beaucoup. (\u00a9 ES \/ actu Paris)\" width=\"640\" height=\"427\"\/><\/a>Vid\u00e9os : en ce moment sur Actu<\/p>\n<p class=\" wall-content\">La programmation culturelle et festive, entre bals, concerts, et soir\u00e9es \u00e0 th\u00e8mes, est toujours prise en main autour de la guinguette la Javelle, g\u00e9r\u00e9e par l\u2019entreprise Petite Lune. Mais les visiteurs retrouveront de nombreuses autres activit\u00e9s, articul\u00e9es autour de <strong>l\u2019\u00e9cologie et de l\u2019environnement<\/strong>. La ressourcerie de jardinerie de Plan B est toujours de la partie, tout comme les trois ruches de City Buzz, qui produisent chacune 20\u00a0kg de miel, ou la p\u00e9pini\u00e8re d\u2019arbres et d\u2019arbustes de P\u00e9pins nord. Des formations au compost sont \u00e9galement assur\u00e9es par DM Compost. Un fab lab install\u00e9 dans une tiny house accueillera des ateliers ouverts. Un chantier d\u2019insertion est aussi d\u00e9ploy\u00e9 pour l\u2019entretien des espaces verts de Bercy Encore, situ\u00e9 sur la petite ceinture.<\/p>\n<p class=\" wall-content\">\u00ab\u2009Pour cette nouvelle \u00e9dition, on a nous a demand\u00e9 de <strong>renforcer l\u2019aspect \u00e9conomie circulaire<\/strong> tout en proposant plus de nouveaut\u00e9s, notamment en d\u00e9veloppant l\u2019activit\u00e9 sportive\u2009\u00bb, d\u00e9veloppe Camille Tin\u00e9, membre de la guinguette La Javelle. Des petits nouveaux sont donc attendus, avec notamment des <strong>terrains de paddle<\/strong> (attendus pour la saison estivale 2026), ainsi qu\u2019une maison du v\u00e9lo, et un poulailler \u00e9ducatif.<\/p>\n<p>Une exp\u00e9rimentation grandeur nature pour le futur<\/p>\n<p class=\" wall-content\">Le tiers-lieu a d\u2019ailleurs pour mission de \u00ab<strong>\u2009pr\u00e9figurer le futur du site<\/strong> Bercy-Charenton\u2009\u00bb, sur lequel un vaste parc public doit voir le jour. \u00ab\u2009Nos retours serviront de base \u00e0 la Semapa et la Ville de Paris pour d\u00e9cider des usages aux futurs habitants\u2009\u00bb, expose Camille Tin\u00e9.<\/p>\n<p class=\" wall-content\">\u00ab\u2009Les grands projets d\u2019urbanisme comme la ZAC Bercy-Charenton s\u2019inscrivent toujours dans des <a href=\"https:\/\/actu.fr\/ile-de-france\/paris_75056\/fermeture-de-bercy-2-modifications-de-l-echangeur-quel-avenir-pour-la-porte-de-bercy-a-paris_50399490.html\" rel=\"nofollow noopener\" target=\"_blank\">temps extr\u00eamement longs<\/a>. \u00c7a peut g\u00e9n\u00e9rer de la frustration pour les habitants. Ce type d\u2019occupation leur donne du sens. \u00c7a permet d\u2019<strong>\u00e9viter d\u2019avoir des espaces vides pendant longtemps<\/strong>\u2009\u00bb, salue <a href=\"https:\/\/actu.fr\/ile-de-france\/paris_75056\/metro-entierement-accessible-a-paris-impossible-selon-lamia-el-aaraje-l-adjointe-au-handicap_61584384.html\" rel=\"nofollow noopener\" target=\"_blank\">Lamia El Aaraje<\/a>, adjointe d\u2019<a href=\"https:\/\/actu.fr\/tag\/anne-hidalgo\" rel=\"nofollow noopener\" target=\"_blank\">Anne Hidalgo<\/a> en charge de l\u2019urbanisme et du Grand Paris.<\/p>\n<p class=\" wall-content\">Alors que les discussions pr\u00e9alables au projet de la ZAC tendent \u00e0 pi\u00e9tiner entre le Ville et la SNCF sur l\u2019ouverture d\u2019une emprise ferroviaire permettant de relier la rue Baron-le-Roy au boulevard Poniatowski, Bercy Encore pourrait avoir, lui aussi, une descendance apr\u00e8s 2029, en attendant l\u2019avanc\u00e9e du projet. Le nom, Bercy-Bien, est d\u00e9j\u00e0 trouv\u00e9.<\/p>\n<p><strong>Infos pratiques<\/strong><br \/>7 boulevard Poniatowski, Paris 12<br \/>M\u00e9tro 8 Porte de Charenton, 14 Cours Saint-\u00c9milion, T3 Baron Leroy, Bus 111 Baron Leroy<\/p>\n<p class=\" wall-content\">Suivez toute l\u2019actualit\u00e9 de vos villes et m\u00e9dias favoris en vous inscrivant \u00e0 <a href=\"https:\/\/moncompte.actu.fr\" title=\"D\u00e9couvez Mon Actu\" rel=\"nofollow noopener\" data-trk=\"{&quot;cta&quot;:{&quot;action&quot;:&quot;https:\\\/\\\/moncompte.actu.fr&quot;,&quot;category&quot;:&quot;mon compte&quot;,&quot;from&quot;:&quot;article footer&quot;,&quot;name&quot;:&quot;Mon actu&quot;,&quot;type&quot;:&quot;cta&quot;}}\" target=\"_blank\">Mon Actu<\/a>.<\/p>\n","protected":false},"excerpt":{"rendered":"Par Emilie Salabelle Publi\u00e9 le 22 juin 2025 \u00e0 8h20 C\u2019est reparti pour un (long) tour. Apr\u00e8s les&hellip;\n","protected":false},"author":2,"featured_media":195435,"comment_status":"","ping_status":"","sticky":false,"template":"","format":"standard","meta":{"footnotes":""},"categories":[1888],"tags":[1111,1928,11,1927,436,1777,674,1011,27,5691,12,1926,626,1925,25,104,4426],"class_list":{"0":"post-195434","1":"post","2":"type-post","3":"status-publish","4":"format-standard","5":"has-post-thumbnail","7":"category-paris","8":"tag-actu","9":"tag-actu-paris","10":"tag-actualites","11":"tag-actualites-paris","12":"tag-environnement","13":"tag-eu","14":"tag-europe","15":"tag-fr","16":"tag-france","17":"tag-guinguette","18":"tag-news","19":"tag-news-paris","20":"tag-paris","21":"tag-paris-news","22":"tag-republique-francaise","23":"tag-societe","24":"tag-transition-energetique"},"share_on_mastodon":{"url":"https:\/\/pubeurope.com\/@fr\/114726092482695754","error":""},"_links":{"self":[{"href":"https:\/\/www.europesays.com\/fr\/wp-json\/wp\/v2\/posts\/195434","targetHints":{"allow":["GET"]}}],"collection":[{"href":"https:\/\/www.europesays.com\/fr\/wp-json\/wp\/v2\/posts"}],"about":[{"href":"https:\/\/www.europesays.com\/fr\/wp-json\/wp\/v2\/types\/post"}],"author":[{"embeddable":true,"href":"https:\/\/www.europesays.com\/fr\/wp-json\/wp\/v2\/users\/2"}],"replies":[{"embeddable":true,"href":"https:\/\/www.europesays.com\/fr\/wp-json\/wp\/v2\/comments?post=195434"}],"version-history":[{"count":0,"href":"https:\/\/www.europesays.com\/fr\/wp-json\/wp\/v2\/posts\/195434\/revisions"}],"wp:featuredmedia":[{"embeddable":true,"href":"https:\/\/www.europesays.com\/fr\/wp-json\/wp\/v2\/media\/195435"}],"wp:attachment":[{"href":"https:\/\/www.europesays.com\/fr\/wp-json\/wp\/v2\/media?parent=195434"}],"wp:term":[{"taxonomy":"category","embeddable":true,"href":"https:\/\/www.europesays.com\/fr\/wp-json\/wp\/v2\/categories?post=195434"},{"taxonomy":"post_tag","embeddable":true,"href":"https:\/\/www.europesays.com\/fr\/wp-json\/wp\/v2\/tags?post=195434"}],"curies":[{"name":"wp","href":"https:\/\/api.w.org\/{rel}","templated":true}]}}