{"id":195440,"date":"2025-06-22T08:35:09","date_gmt":"2025-06-22T08:35:09","guid":{"rendered":"https:\/\/www.europesays.com\/fr\/195440\/"},"modified":"2025-06-22T08:35:09","modified_gmt":"2025-06-22T08:35:09","slug":"video-la-vasque-olympique-seleve-a-nouveau-dans-le-ciel-de-paris-sur-un-air-de-daniel-balavoine","status":"publish","type":"post","link":"https:\/\/www.europesays.com\/fr\/195440\/","title":{"rendered":"VID\u00c9O. La vasque olympique s&rsquo;\u00e9l\u00e8ve \u00e0 nouveau dans le ciel de Paris, sur un air de Daniel Balavoine"},"content":{"rendered":"<p>            Par<br \/>\n        <strong><br \/>\n            <a href=\"https:\/\/actu.fr\/auteur\/antoine-grotteria02\" title=\"Consulter tous les articles de Antoine Grotteria\" target=\"_blank\" rel=\"noopener\">Antoine Grotteria<\/a><br \/>\n        <\/strong><\/p>\n<p>        Publi\u00e9 le<\/p>\n<p>            22 juin 2025 \u00e0 9h43        <\/p>\n<p>Attendue, elle l\u2019\u00e9tait. Hiss\u00e9e, elle l\u2019est. Un an apr\u00e8s les <a href=\"https:\/\/actu.fr\/jeux-olympiques\" target=\"_blank\" rel=\"noopener\">Jeux olympiques et paralympiques de Paris<\/a>, la <a href=\"https:\/\/actu.fr\/ile-de-france\/paris_75056\/une-grande-epopee-dans-la-tete-de-mathieu-lehanneur-createur-de-la-vasque-montgolfiere-des-jo_61462464.html\" target=\"_blank\" rel=\"noopener\">vasque<\/a> illumine \u00e0 nouveau le ciel de la capitale. Ce samedi 21\u00a0juin 2025 a marqu\u00e9 son <strong>grand retour<\/strong>. L\u2019objet \u00e9lectrique s\u2019est \u00e9lev\u00e9 vers 22h30 des <strong>jardins des Tuileries<\/strong>, alors que le concert de la <a href=\"https:\/\/actu.fr\/ile-de-france\/paris_75056\/cartes-fete-de-la-musique-a-paris-voici-les-lignes-de-metro-rer-et-bus-ouvertes-toute-la-nuit_62802614.html\" target=\"_blank\" rel=\"noopener\">F\u00eate de la musique<\/a> organis\u00e9e pr\u00e8s du <a href=\"https:\/\/actu.fr\/ile-de-france\/paris_75056\/renovation-du-louvre-ce-que-prepare-la-ville-de-paris-pour-embellir-les-abords-du-musee_62180778.html\" target=\"_blank\" rel=\"noopener\">mus\u00e9e du Louvre<\/a> battait son plein, selon des images diffus\u00e9es par France T\u00e9l\u00e9visions.<\/p>\n<p>Visible tous les soirs jusqu\u2019au 14\u00a0septembre<\/p>\n<p class=\" wall-content\">L\u2019organisation a choisi d\u2019escorter ce moment enchanteur d\u2019une r\u00e9orchestration de \u00ab\u2009Sauver l\u2019amour\u2009\u00bb, une chanson de <strong>Daniel Balavoine<\/strong> sortie en 1985. Ce titre faisait \u00e9cho aux diff\u00e9rentes catastrophes humanitaires, notamment dans le cadre du conflit entre l\u2019Iran et l\u2019Irak. Quarante ans apr\u00e8s sa parution, les guerres persistent en Ukraine, au Moyen-Orient et dans plusieurs pays. Un contexte qui r\u00e9sonne dans l\u2019interpr\u00e9tation du <a href=\"https:\/\/actu.fr\/ile-de-france\/paris_75056\/ceremonie-d-ouverture-des-jo-2024-iconique-hallucinant-les-reactions-des-internautes-du-monde-entier_61401096.html\" target=\"_blank\" rel=\"noopener\">compositeur<\/a> de l\u2019hymne des JO <a href=\"https:\/\/actu.fr\/ile-de-france\/paris_75056\/paris-victor-le-masne-compositeur-de-la-musique-des-jo-2024-va-donner-un-concert-au-grand-rex_62040993.html\" target=\"_blank\" rel=\"noopener\">Victor Le Masne<\/a>, chef d\u2019orchestre du soir.<\/p>\n<p class=\" wall-content\">\n<p class=\" wall-content\">Symbole des JO, la vasque repr\u00e9sente un <strong>anneau-flamme compos\u00e9 d\u2019eau <\/strong>et <strong>de lumi\u00e8re<\/strong> de 30\u00a0m\u00e8tres de hauteur et 7\u00a0m\u00e8tres de diam\u00e8tre. Elle a \u00e9t\u00e9 con\u00e7ue par <strong>Mathieu Lehanneur<\/strong> et fabriqu\u00e9e par <strong>EDF<\/strong>. Son envol \u00e0 60\u00a0m\u00e8tres du sol se d\u00e9roulera chaque soir, \u00e0 22h30 en juin et en juillet, \u00e0 21h30 en ao\u00fbt et \u00e0 20h30 en septembre, \u00e0 la tomb\u00e9e de la nuit.<\/p>\n<p class=\" wall-content\">Elle restera jusqu\u2019au 14\u00a0septembre 2025, date de la <a href=\"https:\/\/actu.fr\/sports\/jo-2024-emmanuel-macron-veut-instaurer-une-fete-nationale-du-sport-tous-les-14-septembre_61604954.html\" target=\"_blank\" rel=\"noopener\">F\u00eate du sport<\/a>. Contrairement \u00e0 l\u2019ann\u00e9e derni\u00e8re, l\u2019acc\u00e8s au jardin des Tuileries ne sera conditionn\u00e9 \u00e0 <strong>aucune r\u00e9servation<\/strong>. Et s\u2019il s\u2019av\u00e8re compliqu\u00e9 de l\u2019observer cette ann\u00e9e, pas de panique. Le ballon reviendra en\u00a0<strong>2026 et\u00a02027<\/strong>, jusqu\u2019aux JO de Los Angeles en 2028.<\/p>\n<p class=\" wall-content\">Suivez toute l\u2019actualit\u00e9 de vos villes et m\u00e9dias favoris en vous inscrivant \u00e0 <a href=\"https:\/\/moncompte.actu.fr\" title=\"D\u00e9couvez Mon Actu\" rel=\"nofollow noopener\" data-trk=\"{&quot;cta&quot;:{&quot;action&quot;:&quot;https:\\\/\\\/moncompte.actu.fr&quot;,&quot;category&quot;:&quot;mon compte&quot;,&quot;from&quot;:&quot;article footer&quot;,&quot;name&quot;:&quot;Mon actu&quot;,&quot;type&quot;:&quot;cta&quot;}}\" target=\"_blank\">Mon Actu<\/a>.<\/p>\n","protected":false},"excerpt":{"rendered":"Par Antoine Grotteria Publi\u00e9 le 22 juin 2025 \u00e0 9h43 Attendue, elle l\u2019\u00e9tait. Hiss\u00e9e, elle l\u2019est. Un an&hellip;\n","protected":false},"author":2,"featured_media":167502,"comment_status":"","ping_status":"","sticky":false,"template":"","format":"standard","meta":{"footnotes":""},"categories":[1888],"tags":[11,1777,674,25885,1011,27,7941,1652,3094,12,626,25],"class_list":{"0":"post-195440","1":"post","2":"type-post","3":"status-publish","4":"format-standard","5":"has-post-thumbnail","7":"category-paris","8":"tag-actualites","9":"tag-eu","10":"tag-europe","11":"tag-fete-de-la-musique","12":"tag-fr","13":"tag-france","14":"tag-jo-paris-2024","15":"tag-loisirs-culture","16":"tag-musee-du-louvre","17":"tag-news","18":"tag-paris","19":"tag-republique-francaise"},"share_on_mastodon":{"url":"https:\/\/pubeurope.com\/@fr\/114726104123190946","error":""},"_links":{"self":[{"href":"https:\/\/www.europesays.com\/fr\/wp-json\/wp\/v2\/posts\/195440","targetHints":{"allow":["GET"]}}],"collection":[{"href":"https:\/\/www.europesays.com\/fr\/wp-json\/wp\/v2\/posts"}],"about":[{"href":"https:\/\/www.europesays.com\/fr\/wp-json\/wp\/v2\/types\/post"}],"author":[{"embeddable":true,"href":"https:\/\/www.europesays.com\/fr\/wp-json\/wp\/v2\/users\/2"}],"replies":[{"embeddable":true,"href":"https:\/\/www.europesays.com\/fr\/wp-json\/wp\/v2\/comments?post=195440"}],"version-history":[{"count":0,"href":"https:\/\/www.europesays.com\/fr\/wp-json\/wp\/v2\/posts\/195440\/revisions"}],"wp:featuredmedia":[{"embeddable":true,"href":"https:\/\/www.europesays.com\/fr\/wp-json\/wp\/v2\/media\/167502"}],"wp:attachment":[{"href":"https:\/\/www.europesays.com\/fr\/wp-json\/wp\/v2\/media?parent=195440"}],"wp:term":[{"taxonomy":"category","embeddable":true,"href":"https:\/\/www.europesays.com\/fr\/wp-json\/wp\/v2\/categories?post=195440"},{"taxonomy":"post_tag","embeddable":true,"href":"https:\/\/www.europesays.com\/fr\/wp-json\/wp\/v2\/tags?post=195440"}],"curies":[{"name":"wp","href":"https:\/\/api.w.org\/{rel}","templated":true}]}}