{"id":195449,"date":"2025-06-22T08:40:14","date_gmt":"2025-06-22T08:40:14","guid":{"rendered":"https:\/\/www.europesays.com\/fr\/195449\/"},"modified":"2025-06-22T08:40:14","modified_gmt":"2025-06-22T08:40:14","slug":"nick-woltemade-le-bomber-que-lallemagne-nattendait-plus-20-06-2025-a-0959","status":"publish","type":"post","link":"https:\/\/www.europesays.com\/fr\/195449\/","title":{"rendered":"Nick Woltemade : le bomber que l\u2019Allemagne n\u2019attendait plus &#8211; 20\/06\/2025 \u00e0 09:59"},"content":{"rendered":"<p>        <img fetchpriority=\"high\" decoding=\"async\" src=\"https:\/\/www.europesays.com\/fr\/wp-content\/uploads\/2025\/06\/5273a4d4b76484dbf6a2cc6121cd7cff-760x507.jpg\" alt=\"Nick Woltemade : le bomber que l\u2019Allemagne n\u2019attendait plus\" loading=\"eager\" width=\"760\" height=\"507\" style=\"max-width: 100%!important; height: auto;\"\/><\/p>\n<p class=\"c-image-news__legend\">Nick Woltemade : le bomber que l\u2019Allemagne n\u2019attendait plus<\/p>\n<p>\n <strong><br \/>\n  Dans l\u2019histoire, l\u2019Allemagne a toujours eu des grands num\u00e9ros 9, aussi bien par la taille que par le talent. Mais depuis 2016 et ce cher Mario G\u00f3mez, rideau. La Mannschaft a peut-\u00eatre retrouv\u00e9 son attaquant tant esp\u00e9r\u00e9 en la personne de Nick Woltemade. 1,98m, des buts \u00e0 la pelle : ne cherchez plus, Gerd M\u00fcller a trouv\u00e9 son rempla\u00e7ant.<br \/>\n <\/strong>\n<\/p>\n<p>\n Il y a eu Gerd M\u00fcller et son pied droit capable de nettoyer n\u2019importe quelle lucarne, puis la tignasse de Rudi V\u00f6ller et sa moustache l\u00e9gendaire, avant de laisser place au meilleur buteur de l\u2019histoire de la Coupe du monde, Miroslav Klose. Si Mario G\u00f3mez a \u00e9t\u00e9 loin de faire tache dans tout ce beau monde, la tradition du 9 allemand a peu \u00e0 peu disparu depuis l\u2019Euro 2016 et cette foutue blessure en quarts de finale de l\u2019ancien attaquant du Bayern Munich. Toute l\u2019affection que l\u2019on porte \u00e0 Niclas F\u00fcllkrug ne peut masquer les carences de l\u2019avant-centre de Dortmund. Mais depuis plusieurs mois maintenant, un nom sort du lot pour prendre la rel\u00e8ve : Nick Woltemade. Pas compliqu\u00e9 de le remarquer du haut de son imposant m\u00e8tre 98, qui fait s\u2019\u00e9poumoner Jean-Charles Sabattier depuis le mois de d\u00e9cembre.\n<\/p>\n<p> Woltemade in Germany<\/p>\n<p>\n Le joueur form\u00e9 au Werder Br\u00eame a beau avoir \u00e9t\u00e9 le plus jeune joueur de l\u2019histoire du club \u00e0 jouer en Bundesliga, \u00e0 17 ans et 352 jours (le record a depuis \u00e9t\u00e9 battu par Fabio Chiarodia \u00e0 17 ans et 139 jours), il n\u2019\u00e9tait pas destin\u00e9 \u00e0 se retrouver sous le feu des projecteurs aussi t\u00f4t. Difficile \u00e0 croire quand on le voit aujourd\u2019hui exploser avec les espoirs lors de l\u2019Euro. Tripl\u00e9 contre la Slov\u00e9nie avec un succ\u00e8s 3-0, un but, deux passes d\u00e9cisives face \u00e0 la Tch\u00e9quie et cette victoire 4-2, Nick prend son pied dans cette jeune \u00e9quipe allemande, en attendant d\u2019affronter l\u2019Italie ce dimanche.\u2026\n<\/p>\n<p>\n <strong><br \/>\n  Par Rapha\u00ebl Faurie-Pacaud  pour SOFOOT.com<br \/>\n <\/strong>\n<\/p>\n<p><a data-tag-commander-click=\"{&quot;label&quot;: &quot;articles::lire_la_suite_site_partenaire::so_foot::nick_woltemade_le_bomber_que_l_allemagne_n_attendait_plus&quot;, &quot;s2&quot;: 2, &quot;type&quot;: &quot;exit&quot;}\" target=\"_blank\" rel=\"noopener noreferrer canonical nofollow\" class=\"lienExterne c-link c-link--animated u-text-size-lg\" href=\"https:\/\/www.sofoot.com\/articles\/avec-nick-woltemade-le-mythe-du-numero-9-allemand-nen-est-peut-etre-plus-un\">Lire la suite de l&rsquo;article sur SoFoot.com<\/a><\/p>\n","protected":false},"excerpt":{"rendered":"Nick Woltemade : le bomber que l\u2019Allemagne n\u2019attendait plus Dans l\u2019histoire, l\u2019Allemagne a toujours eu des grands num\u00e9ros&hellip;\n","protected":false},"author":2,"featured_media":195450,"comment_status":"","ping_status":"","sticky":false,"template":"","format":"standard","meta":{"footnotes":""},"categories":[1587],"tags":[400,11,672,398,408,1804,405,1805,1803,1777,674,1801,403,402,399,404,12,1802,401,406,407],"class_list":{"0":"post-195449","1":"post","2":"type-post","3":"status-publish","4":"format-standard","5":"has-post-thumbnail","7":"category-allemagne","8":"tag-action-cac-40","9":"tag-actualites","10":"tag-allemagne","11":"tag-bourse-de-paris","12":"tag-boursorama","13":"tag-bundesrepublik-deutschland","14":"tag-cotations","15":"tag-de","16":"tag-deutschland","17":"tag-eu","18":"tag-europe","19":"tag-germany","20":"tag-indices-devises","21":"tag-investir","22":"tag-investissement","23":"tag-marche-boursier","24":"tag-news","25":"tag-republique-federale-dallemagne","26":"tag-sicav","27":"tag-trackers","28":"tag-warrants"},"share_on_mastodon":{"url":"https:\/\/pubeurope.com\/@fr\/114726123865569653","error":""},"_links":{"self":[{"href":"https:\/\/www.europesays.com\/fr\/wp-json\/wp\/v2\/posts\/195449","targetHints":{"allow":["GET"]}}],"collection":[{"href":"https:\/\/www.europesays.com\/fr\/wp-json\/wp\/v2\/posts"}],"about":[{"href":"https:\/\/www.europesays.com\/fr\/wp-json\/wp\/v2\/types\/post"}],"author":[{"embeddable":true,"href":"https:\/\/www.europesays.com\/fr\/wp-json\/wp\/v2\/users\/2"}],"replies":[{"embeddable":true,"href":"https:\/\/www.europesays.com\/fr\/wp-json\/wp\/v2\/comments?post=195449"}],"version-history":[{"count":0,"href":"https:\/\/www.europesays.com\/fr\/wp-json\/wp\/v2\/posts\/195449\/revisions"}],"wp:featuredmedia":[{"embeddable":true,"href":"https:\/\/www.europesays.com\/fr\/wp-json\/wp\/v2\/media\/195450"}],"wp:attachment":[{"href":"https:\/\/www.europesays.com\/fr\/wp-json\/wp\/v2\/media?parent=195449"}],"wp:term":[{"taxonomy":"category","embeddable":true,"href":"https:\/\/www.europesays.com\/fr\/wp-json\/wp\/v2\/categories?post=195449"},{"taxonomy":"post_tag","embeddable":true,"href":"https:\/\/www.europesays.com\/fr\/wp-json\/wp\/v2\/tags?post=195449"}],"curies":[{"name":"wp","href":"https:\/\/api.w.org\/{rel}","templated":true}]}}