{"id":195453,"date":"2025-06-22T08:42:18","date_gmt":"2025-06-22T08:42:18","guid":{"rendered":"https:\/\/www.europesays.com\/fr\/195453\/"},"modified":"2025-06-22T08:42:18","modified_gmt":"2025-06-22T08:42:18","slug":"jai-eu-des-menaces-de-mort-dans-differentes-langues","status":"publish","type":"post","link":"https:\/\/www.europesays.com\/fr\/195453\/","title":{"rendered":"J\u2019ai eu des menaces de mort dans diff\u00e9rentes langues"},"content":{"rendered":"<p class=\"article-p mdl\">Parmi les tableaux de la c\u00e9r\u00e9monie des Jeux Olympiques de Paris 2024, celui imagin\u00e9 avec\u00a0<a class=\"link\" href=\"https:\/\/www.rtl.fr\/culture\/musique\/invite-rtl-philippe-katerine-la-flambee-de-chansons-commence-quand-j-achete-le-cahier-7900459804\" target=\"_blank\" rel=\"noopener\">Philippe Katerine<\/a>. Per\u00e7u par certains comme une parodie de la\u00a0<a class=\"link\" href=\"https:\/\/www.rtl.fr\/culture\/arts-spectacles\/jo-paris-2024-dans-ma-demarche-il-n-y-avait-rien-de-provocant-philippe-katerine-repond-aux-critiques-sur-rtl-7900405427\" target=\"_blank\" rel=\"noopener\">C\u00e8ne<\/a>, celui-ci\u00a0a d\u00e9clench\u00e9 une vive pol\u00e9mique. Une autre sc\u00e8ne repr\u00e9sentant Marie-Antoinette d\u00e9capit\u00e9e a \u00e9galement \u00e9t\u00e9 point\u00e9e du doigt. Pour\u00a0<a class=\"link\" href=\"https:\/\/www.rtl.fr\/culture\/medias-people\/daphne-burki-un-snobisme-incroyable-pour-la-tele-en-journee-7795923250\" target=\"_blank\" rel=\"noopener\">Daphn\u00e9 B\u00fcrki<\/a>, ces r\u00e9actions sont venues \u00e0 l\u2019encontre de l\u2019intention originelle de l\u2019\u00e9v\u00e9nement.<strong> \u00ab\u00a0On a fait des c\u00e9r\u00e9monies pour se rassembler<\/strong> et je ne pensais pas qu&rsquo;en faisant un banquet sur un tableau que vous avez vu 300 fois au Louvre ou au mus\u00e9e [\u2026] les gens allaient forc\u00e9ment projeter quelque chose.\u00a0\u00bb<\/p>\n<p class=\"article-p mdl\">Mais c\u2019est surtout la violence de certains discours qui a marqu\u00e9\u00a0l&rsquo;animatrice : \u00ab\u00a0Ce n&rsquo;est pas qu&rsquo;il y a eu des probl\u00e8mes avec certains catholiques, c&rsquo;est qu&rsquo;il y a eu de l&rsquo;handiphobie, de la transphobie, de l&rsquo;<a class=\"link\" href=\"https:\/\/www.rtl.fr\/sport\/football\/insultes-homophobes-dans-les-stades-ce-n-est-plus-admissible-affirme-marie-barsacq-ministre-des-sports-sur-rtl-7900506322\" target=\"_blank\" rel=\"noopener\">homophobie<\/a>, de l&rsquo;antis\u00e9mitisme. Il y a tout eu. (\u2026) <strong>La haine est tr\u00e8s, tr\u00e8s bien organis\u00e9e. Il faudrait que la paix le soit aussi\u00a0\u00bb<\/strong>.\u00a0<\/p>\n<p class=\"article-p mdl\">Et pourtant, rien dans les intentions ou le contenu transmis \u00e0 la presse ne pouvait laisser pr\u00e9sager un tel contresens : \u00ab\u00a0On envoie ce qu&rsquo;on appelle un \u00ab\u00a0media guide\u00a0\u00bb aux journalistes du monde entier (\u2026) <strong>il n&rsquo;y avait aucune ambigu\u00eft\u00e9 sur le moindre centim\u00e8tre carr\u00e9 de ce tableau<\/strong>\u00ab\u00a0.\u00a0Elle rappelle que l&rsquo;\u00e9v\u00e9nement a \u00e9t\u00e9 vu plus de cinq milliards de fois \u00e0 travers le monde et que toute cr\u00e9ation d&rsquo;une telle envergure est forc\u00e9ment sujette \u00e0 des r\u00e9actions extr\u00eames.<\/p>\n<p>            \u00ab\u00a0J&rsquo;\u00e9tais habitu\u00e9e \u00e0 prendre des menaces de mort\u00a0\u00bb<\/p>\n<p class=\"article-p mdl\">Au-del\u00e0 de la pol\u00e9mique publique, Daphn\u00e9 B\u00fcrki a aussi \u00e9t\u00e9 personnellement vis\u00e9e. Sur les r\u00e9seaux sociaux, elle a re\u00e7u une avalanche de critiques, jusqu\u2019\u00e0 des menaces de mort, y compris apr\u00e8s des prises de position de grandes figures politiques internationales. \u00ab\u00a0Le lendemain de la c\u00e9r\u00e9monie, il y a\u00a0<a class=\"link\" href=\"https:\/\/www.rtl.fr\/actu\/international\/emmanuel-ne-comprend-jamais-rien-trump-reproche-a-macron-d-avoir-presente-de-maniere-erronee-ses-intentions-sur-l-iran-7900516448\" target=\"_blank\" rel=\"noopener\">Donald Trump<\/a>, Elon Musk et Erdogan qui l\u00e2chent les chiens et qui disent : \u00ab\u00a0\u00e7a ne se passera jamais chez nous\u00a0\u00bb. L\u00e0, on peut parler de vraies menaces de mort et de gens du monde entier\u00a0\u00bb avoue-t-elle avant de poursuivre avec ironie : <strong>\u00ab\u00a0J\u2019ai eu des menaces de mort dans diff\u00e9rentes langues<\/strong>. Je peux mettre \u00e7a sur mon\u00a0<a class=\"link\" href=\"https:\/\/www.rtl.fr\/culture\/culture-generale\/pourquoi-wikipedia-et-wikileaks-s-appellent-ainsi-7900398427\" target=\"_blank\" rel=\"noopener\">Wikip\u00e9dia<\/a>\u00ab\u00a0.<\/p>\n<p class=\"article-p mdl\">Si certains internautes lui reprochaient de \u00ab\u00a0trop se mettre en avant\u00a0\u00bb, elle relativise aujourd\u2019hui, pr\u00e9cisant que l\u2019ampleur des critiques en ligne reste le fait d\u2019une minorit\u00e9 bruyante. \u00ab\u00a0C&rsquo;\u00e9tait tout petit en r\u00e9alit\u00e9 [\u2026] <strong>une centaine de tweetos diff\u00e9rents et qui ont fait beaucoup de bruit\u00a0\u00bb.<br \/>\n<\/strong><\/p>\n<p class=\"article-p mdl\">Elle confesse avoir \u00e9t\u00e9 profond\u00e9ment touch\u00e9e par cette violence verbale, bien qu\u2019elle y soit, malheureusement, en partie habitu\u00e9e : \u00ab\u00a0J\u2019ai toujours pris la parole contre les extr\u00eames. [\u2026] Cette phrase est bizarre, mais je vais la dire :<strong> j\u2019\u00e9tais habitu\u00e9e \u00e0 prendre des\u00a0<a class=\"link\" href=\"https:\/\/www.rtl.fr\/actu\/sante\/ce-n-est-pas-la-premiere-fois-un-maire-vise-par-des-menaces-de-mort-en-moselle-7900512500\" target=\"_blank\" rel=\"noopener\">menaces de mort<\/a>\u00ab\u00a0.<\/strong><\/p>\n<p class=\"article-p mdl\">Depuis, elle a tourn\u00e9 la page des r\u00e9seaux sociaux : \u00ab\u00a0<strong><a class=\"link\" href=\"https:\/\/www.rtl.fr\/actu\/justice-faits-divers\/rachat-de-twitter-par-elon-musk-des-e-mails-du-milliardaire-epingles-par-la-justice-francaise-7900505696\" target=\"_blank\" rel=\"noopener\">Twitter<\/a>, c\u2019est fini pour moi.<\/strong> Je n\u2019ai pas ferm\u00e9, mais je ne poste plus. D\u2019ailleurs \u00e7a s\u2019appelle X, et peut-\u00eatre que c\u2019est un endroit \u00e0 fermer\u00a0\u00bb, conclut-elle dans On refait la t\u00e9l\u00e9.\n<\/p>\n<p>            Les improbables d&rsquo;Eva Kruyver<\/p>\n<p class=\"article-p mdl\">Eva Kruyver s&rsquo;est amus\u00e9e \u00e0 fouiller dans les dossiers de Daphn\u00e9 B\u00fcrki : ses<strong> b\u00eatises au coll\u00e8ge<\/strong>, son <strong>talent de chanteuse<\/strong> ou encore ses <strong>tatouages<\/strong>, d\u00e9couvrez les\u00a0<a class=\"link\" href=\"https:\/\/www.dailymotion.com\/video\/x9kx196\" target=\"_blank\" rel=\"noopener\">improbables<\/a>\u00a0en vid\u00e9o.<\/p>\n<p>    Une actualit\u00e9 bien remplie<\/p>\n<p class=\"article-p mdl\">Loin de se laisser abattre, Daphn\u00e9 B\u00fcrki continue d\u2019encha\u00eener les projets. Ce 21 juin, elle pr\u00e9sentera en direct la <strong>F\u00eate de la musique\u00a0<\/strong>sur France 2 aux c\u00f4t\u00e9s de\u00a0<a class=\"link\" href=\"https:\/\/www.rtl.fr\/auteur\/mohamed-bouhafsi\" target=\"_blank\" rel=\"noopener\">Mohammed Bouhafsi<\/a>. Et \u00e0 partir du 10 juillet, elle sera dans le jury d&rsquo;une version \u00ab\u00a0All Stars\u00a0\u00bb  du concours <strong>Drag Race\u00a0<\/strong>r\u00e9unissant d&rsquo;anciennes reines du concours de Drag Queens .   A d\u00e9couvrir  sur France 2 et sur la plateforme france.tv.<\/p>\n<p>    L&rsquo;\u00e9quipe de l&rsquo;\u00e9mission vous recommande<\/p>\n<p class=\"s-newsletter__title\">\n                L\u2019actualit\u00e9 par la r\u00e9daction de RTL dans votre bo\u00eete mail.\n            <\/p>\n<p class=\"s-newsletter__subtitle\">\n                Gr\u00e2ce \u00e0 votre compte RTL abonnez-vous \u00e0 la newsletter RTL info pour suivre toute l&rsquo;actualit\u00e9 au quotidien\n            <\/p>\n<p>\n                                    Lire la suite\n                                <\/p>\n","protected":false},"excerpt":{"rendered":"Parmi les tableaux de la c\u00e9r\u00e9monie des Jeux Olympiques de Paris 2024, celui imagin\u00e9 avec\u00a0Philippe Katerine. Per\u00e7u par&hellip;\n","protected":false},"author":2,"featured_media":195454,"comment_status":"","ping_status":"","sticky":false,"template":"","format":"standard","meta":{"footnotes":""},"categories":[1586],"tags":[11,33384,58,11889,1777,674,1779,2414,107,1011,27,2400,2173,33423,500,12,25,33424,252,1778,364,133],"class_list":{"0":"post-195453","1":"post","2":"type-post","3":"status-publish","4":"format-standard","5":"has-post-thumbnail","7":"category-europe","8":"tag-actualites","9":"tag-daphne-burki","10":"tag-divertissement","11":"tag-eric-dussart","12":"tag-eu","13":"tag-europe","14":"tag-european-union","15":"tag-fil-culture","16":"tag-fil-info","17":"tag-fr","18":"tag-france","19":"tag-france-televisions","20":"tag-interview","21":"tag-jade","22":"tag-medias","23":"tag-news","24":"tag-republique-francaise","25":"tag-rtl-divertissement","26":"tag-television","27":"tag-ue","28":"tag-union-europeenne","29":"tag-video"},"share_on_mastodon":{"url":"https:\/\/pubeurope.com\/@fr\/114726131790615413","error":""},"_links":{"self":[{"href":"https:\/\/www.europesays.com\/fr\/wp-json\/wp\/v2\/posts\/195453","targetHints":{"allow":["GET"]}}],"collection":[{"href":"https:\/\/www.europesays.com\/fr\/wp-json\/wp\/v2\/posts"}],"about":[{"href":"https:\/\/www.europesays.com\/fr\/wp-json\/wp\/v2\/types\/post"}],"author":[{"embeddable":true,"href":"https:\/\/www.europesays.com\/fr\/wp-json\/wp\/v2\/users\/2"}],"replies":[{"embeddable":true,"href":"https:\/\/www.europesays.com\/fr\/wp-json\/wp\/v2\/comments?post=195453"}],"version-history":[{"count":0,"href":"https:\/\/www.europesays.com\/fr\/wp-json\/wp\/v2\/posts\/195453\/revisions"}],"wp:featuredmedia":[{"embeddable":true,"href":"https:\/\/www.europesays.com\/fr\/wp-json\/wp\/v2\/media\/195454"}],"wp:attachment":[{"href":"https:\/\/www.europesays.com\/fr\/wp-json\/wp\/v2\/media?parent=195453"}],"wp:term":[{"taxonomy":"category","embeddable":true,"href":"https:\/\/www.europesays.com\/fr\/wp-json\/wp\/v2\/categories?post=195453"},{"taxonomy":"post_tag","embeddable":true,"href":"https:\/\/www.europesays.com\/fr\/wp-json\/wp\/v2\/tags?post=195453"}],"curies":[{"name":"wp","href":"https:\/\/api.w.org\/{rel}","templated":true}]}}