{"id":195459,"date":"2025-06-22T08:45:15","date_gmt":"2025-06-22T08:45:15","guid":{"rendered":"https:\/\/www.europesays.com\/fr\/195459\/"},"modified":"2025-06-22T08:45:15","modified_gmt":"2025-06-22T08:45:15","slug":"quarante-ans-de-danse-et-damour-lecole-marie-france-ceschel-va-celebrer-sa-grande-histoire-a-menton","status":"publish","type":"post","link":"https:\/\/www.europesays.com\/fr\/195459\/","title":{"rendered":"Quarante ans de danse et d\u2019amour: l\u2019\u00e9cole Marie-France Ceschel va c\u00e9l\u00e9brer sa grande histoire \u00e0 Menton"},"content":{"rendered":"<p>\u00ab\u00a0Pour certains, je suis la maman de la danse, et pour d\u2019autres, la mamie&#8230;\u00a0\u00bb. Depuis quatre d\u00e9cennies, Marie-France Ceschel se consacre corps et \u00e2me \u00e0 son \u00e9cole \u00e9ponyme, situ\u00e9e en plein centre de Menton.<\/p>\n<p>Le temps a gliss\u00e9 \u2013 sans l\u2019ab\u00eemer \u2013 sur le parquet de danse de cette institution chor\u00e9graphique, qui a tenu la barre haute dans l\u2019univers artistique de la cit\u00e9 des citrons, o\u00f9 des centaines de petits talents ont pu \u00e9clore sur les pointes, et dont certains ont pris la rel\u00e8ve et perp\u00e9tuent d\u00e9sormais ce travail de formation et de passion \u00e0 ses c\u00f4t\u00e9s.<\/p>\n<p>Pour marquer cet anniversaire in\u00e9dit, un spectacle-r\u00e9trospective sera propos\u00e9 le week-end prochain au th\u00e9\u00e2tre du Palais de l\u2019Europe, avec pas moins de 220 danseurs sur sc\u00e8ne!<\/p>\n<p>Intitul\u00e9 \u00ab\u00a0L\u2019anniversaire, le Top 40 1985-2025\u00a0\u00bb, il fait la liaison entre quatre g\u00e9n\u00e9rations d\u2019\u00e9l\u00e8ves du pass\u00e9 et du pr\u00e9sent&#8230; qui montent (et remontent) sur sc\u00e8ne pour cette occasion unique!<\/p>\n<p>\u00ab\u00a0Mon \u00e9cole est avant tout l\u2019histoire d\u2019une grande famille ind\u00e9fectible, et je suis heureuse de compter parmi les danseurs pr\u00e9sents, d\u2019anciennes \u00e9l\u00e8ves qui avaient trois ans quand elles ont commenc\u00e9 chez moi et qui reviennent pour f\u00eater les quarante ans avec leurs enfants, petits-enfants et&#8230; m\u00eame leur mari!\u00a0\u00bb, se r\u00e9jouit Marie-France Ceschel.<\/p>\n<p>\u00ab\u00a0C\u2019est \u00e9mouvant, elles n\u2019ont jamais perdu le lien et de les voir retrouver la sc\u00e8ne du th\u00e9\u00e2tre en m\u00eame temps que leurs enfants qui leur ressemblent tellement, j\u2019en perds la notion du temps!&#8230;\u00a0\u00bb s\u2019\u00e9meut la danseuse.<\/p>\n<p>Comme chaque ann\u00e9e, toutes les disciplines de danse enseign\u00e9es seront repr\u00e9sent\u00e9es: les chor\u00e9graphies de jazz sont sign\u00e9es Magali Saluzzo, qui est aussi la cr\u00e9atrice de cet \u00e9v\u00e9nement (une ancienne \u00e9l\u00e8ve devenue professeur), le classique est assur\u00e9 par Maria Picarelli, le contemporain par Luna Cedro, le street par Clarisse Campo et Herman Vanel pour le breakdance.<\/p>\n<p>L\u2019envers du d\u00e9cor racont\u00e9 en tableaux dans\u00e9s<\/p>\n<p>\u00ab\u00a0C\u2018est un spectacle de plus de deux heures, jonch\u00e9 de souvenirs et d\u2019anecdotes qui nous sont arriv\u00e9s au fil de toutes ces ann\u00e9es!\u00a0\u00bb s\u2019enthousiasme Marie-France.<\/p>\n<p>\u00ab\u00a0Nous avons choisi un mode humoristique pour raconter l\u2019envers du d\u00e9cor de quarante ans de spectacles et pr\u00e9senter sur sc\u00e8ne les coulisses, ce que le public ne voit jamais, mais qui repr\u00e9sente quelque chose pour nous\u00a0\u00bb. Il m\u00ealera les cr\u00e9ations pr\u00e9sent\u00e9es \u00e0 chaque fin d\u2019ann\u00e9e scolaire \u2013 traditionnellement le dernier week-end de juin ou d\u00e9but juillet \u2013 et pour lesquelles les familles se d\u00e9placent toujours en grand nombre pour venir applaudir leur prog\u00e9niture sur sc\u00e8ne, mais aussi toutes les repr\u00e9sentations donn\u00e9es au profit d\u2019associations caritatives de Menton (Amnesty International, Les C\u0153urs du Campanin, Mir, le Secours catholique, le T\u00e9l\u00e9thon, le Sidaction, la Croix Rouge)&#8230;<\/p>\n<p>Pour harmoniser le tout, Marie-France a fait appel \u00e0 son plus fid\u00e8le admirateur et complice, qui n\u2019est autre que son mari et artiste peintre Michel Isnard. Celui qui a r\u00e9alis\u00e9 inlassablement l\u2019ensemble des d\u00e9cors de ses spectacles depuis&#8230; quarante ans, les a tous retravaill\u00e9s et redessin\u00e9s pour les projeter sur sc\u00e8ne.<\/p>\n<p>\u00ab\u00a0Et on a beaucoup mis\u00e9 sur la bande sonore inspir\u00e9e de l\u2019\u00e9mission culte de l\u2019\u00e9poque \u2018Top 50\u2019\u00a0\u00bb, ajoute Magali Saluzzo, professeur \u00e0 l\u2019\u00e9cole depuis 2004, pr\u00e9cisant: \u00ab\u00a0On a \u00e9galement jou\u00e9 sur les costumes pour illustrer les tableaux de danse des ann\u00e9es 80 \u00e0 aujourd\u2019hui!\u00a0\u00bb.<\/p>\n<p>Enti\u00e8rement cr\u00e9\u00e9es et cousues fil \u00e0 fil par Marie-France, assist\u00e9e d\u2019Anne-Sophie Matas et de Rose Marie Chalaye, ces centaines de pi\u00e8ces, color\u00e9es et temporelles ont n\u00e9cessit\u00e9, comme le spectacle, des mois intensifs de pr\u00e9paration.<\/p>\n<p>D\u2019ailleurs, la machine \u00e0 coudre de Marie-France Ceschel figure toujours en bonne place \u00e0 l\u2019\u00e9cole!<\/p>\n<p>Ce spectacle promet des moments \u00e9mouvants, dr\u00f4les et empreints de nostalgie, dans lequel nombre de Mentonnais se reconna\u00eetront au c\u0153ur de cette grande famille de la danse&#8230; Le r\u00eave continue.<\/p>\n<p>\u00ab\u00a0Un lieu habit\u00e9 par la danse\u00a0\u00bb<\/p>\n<p>Issue d\u2019une famille mentonnaise et n\u00e9e \u00e0 Menton \u00e0 la fin des ann\u00e9es cinquante, Marie-France Ceschel a cr\u00e9\u00e9 et ouvert son \u00e9cole de danse le 1er septembre 1985, \u00e0 quelques m\u00e8tres de son lieu de naissance, avenue Carnot, et au rez-de-chauss\u00e9e d\u2019un ancien h\u00f4tel Belle \u00c9poque class\u00e9, \u00ab\u00a0L\u2019Astoria\u00a0\u00bb.<\/p>\n<p>Elle fait ses premiers pas de danse au conservatoire de la ville avec sa professeure Marika Besobrasova (des g\u00e9n\u00e9rations de Mentonnais s\u2019en souviennent!) jusqu\u2019\u00e0 la terminale, et reprend des cours de danse \u00e0 la MJC de Magnan, alors qu\u2019elle fait des \u00e9tudes \u00e0 la facult\u00e9 de Sciences \u00e9co de Nice.<\/p>\n<p>\u00ab\u00a0J\u2019ai pris un cours et je me suis rendu compte que c\u2019\u00e9tait mon r\u00eave, ce que je voulais faire de ma vie, contre l\u2019avis de mon p\u00e8re!&#8230; C\u2019\u00e9tait une mani\u00e8re de m\u2019adresser au monde et de m\u2019exprimer\u00a0\u00bb. Elle rentre \u00e0 \u00ab\u00a0Studio 9\u00a0\u00bb, une \u00e9cole situ\u00e9e place Saint-Fran\u00e7ois dans le Vieux-Nice, et prend des cours aupr\u00e8s de Marie-Rose Basso-Visconti, puis elle enseignera le classique dans cette m\u00eame \u00e9cole. Parall\u00e8lement, elle devient danseuse-com\u00e9dienne dans la compagnie de Jacques Fenouillet et confie que le th\u00e9\u00e2tre lui a beaucoup apport\u00e9 dans sa carri\u00e8re.<\/p>\n<p>Plus tard, elle commence \u00e0 donner des cours dans l\u2019\u00e9cole de danse que ses s\u0153urs fr\u00e9quentaient \u00e0 Menton (chez Mme Martin) et finit par la remplacer durant une ann\u00e9e.<\/p>\n<p>Plut\u00f4t qu\u2019\u00e0 \u00eatre dirig\u00e9e, elle choisit de se lancer, \u00ab\u00a0j\u2019ai toujours aim\u00e9 \u00eatre libre, alors j\u2019ai fait le choix de cr\u00e9er ma propre \u00e9cole, dans un ancien local qui appartenait \u00e0 mon p\u00e8re et lui servait de d\u00e9barras! J\u2019adore \u00eatre l\u00e0, c\u2019est un beau lieu habit\u00e9 d\u2019histoire et d\u2019\u00e2me, habit\u00e9 par la danse&#8230;\u00a0\u00bb.<\/p>\n<p>Au d\u00e9part, Marie-France Ceschel donnait plus de 12 heures de cours par jour dans plusieurs disciplines, l\u2019\u00e9cole devient rapidement un lieu d\u2019activit\u00e9s culturelles intense avec au moins deux cr\u00e9ations originales par an, des ateliers chor\u00e9graphiques, des expositions\u2026 C\u2019est le premier spectacle pr\u00e9sent\u00e9 en janvier 1986 au \u00ab\u00a0Club 06\u00a0\u00bb \u00e0 Menton, dans le cadre d\u2019un petit festival de danse r\u00e9unissant les \u00e9coles du Mentonnais, qui lance durablement son institut.<\/p>\n<p>\u00ab\u00a0J\u2019ai commenc\u00e9 \u00e0 recruter des professeurs et \u00e0 cr\u00e9er un spectacle chaque ann\u00e9e\u00a0\u00bb.<\/p>\n<p>Marie-France Ceschel a particip\u00e9 \u00e0 de nombreux festivals et multipli\u00e9 les stages pour \u00ab\u00a0sortir de ma m\u00e9canique et casser mes codes, mais aussi apporter du mat\u00e9riel nouveau \u00e0 mes \u00e9l\u00e8ves\u00a0\u00bb. <\/p>\n<p>Elle a travaill\u00e9 avec les plus grands noms de la danse: Carolyn Carlson, Quentin Rouiller, Larrio Ekson, Jorma Uotinen, et bien d\u2019autres&#8230;<\/p>\n<p>Aujourd\u2019hui, elle voit ses \u00e9l\u00e8ves s\u2019\u00e9panouir, et certains prendre leur envol en int\u00e9grant des compagnies professionnelles en France et \u00e0 l\u2019\u00e9tranger.<\/p>\n<p>L\u2019\u00e9cole rayonne aussi au-del\u00e0 de Menton, au travers des concours d\u00e9partementaux, r\u00e9gionaux et nationaux qu\u2019elle a r\u00e9guli\u00e8rement remport\u00e9s.<\/p>\n<p>            L&rsquo;info<\/p>\n<p>Le spectacle r\u00e9trospectif \u00ab\u00a0Top 40 1985- 2025\u00a0\u00bb sera donn\u00e9 vendredi 27 juin et samedi 28 juin, \u00e0 20 heures, au th\u00e9\u00e2tre Francis-Palmero du Palais de l\u2019Europe, \u00e0 Menton.<\/p>\n<p>Places en vente \u00e0 l\u2019\u00e9cole situ\u00e9e au 23, avenue Carnot, du lundi au vendredi de 17h \u00e0 18h30 et sur place les soirs de spectacle.<\/p>\n","protected":false},"excerpt":{"rendered":"\u00ab\u00a0Pour certains, je suis la maman de la danse, et pour d\u2019autres, la mamie&#8230;\u00a0\u00bb. Depuis quatre d\u00e9cennies, Marie-France&hellip;\n","protected":false},"author":2,"featured_media":195460,"comment_status":"","ping_status":"","sticky":false,"template":"","format":"standard","meta":{"footnotes":""},"categories":[4],"tags":[11,1011,27,12,25,3366],"class_list":{"0":"post-195459","1":"post","2":"type-post","3":"status-publish","4":"format-standard","5":"has-post-thumbnail","7":"category-france","8":"tag-actualites","9":"tag-fr","10":"tag-france","11":"tag-news","12":"tag-republique-francaise","13":"tag-vie-locale"},"share_on_mastodon":{"url":"https:\/\/pubeurope.com\/@fr\/114726143668467129","error":""},"_links":{"self":[{"href":"https:\/\/www.europesays.com\/fr\/wp-json\/wp\/v2\/posts\/195459","targetHints":{"allow":["GET"]}}],"collection":[{"href":"https:\/\/www.europesays.com\/fr\/wp-json\/wp\/v2\/posts"}],"about":[{"href":"https:\/\/www.europesays.com\/fr\/wp-json\/wp\/v2\/types\/post"}],"author":[{"embeddable":true,"href":"https:\/\/www.europesays.com\/fr\/wp-json\/wp\/v2\/users\/2"}],"replies":[{"embeddable":true,"href":"https:\/\/www.europesays.com\/fr\/wp-json\/wp\/v2\/comments?post=195459"}],"version-history":[{"count":0,"href":"https:\/\/www.europesays.com\/fr\/wp-json\/wp\/v2\/posts\/195459\/revisions"}],"wp:featuredmedia":[{"embeddable":true,"href":"https:\/\/www.europesays.com\/fr\/wp-json\/wp\/v2\/media\/195460"}],"wp:attachment":[{"href":"https:\/\/www.europesays.com\/fr\/wp-json\/wp\/v2\/media?parent=195459"}],"wp:term":[{"taxonomy":"category","embeddable":true,"href":"https:\/\/www.europesays.com\/fr\/wp-json\/wp\/v2\/categories?post=195459"},{"taxonomy":"post_tag","embeddable":true,"href":"https:\/\/www.europesays.com\/fr\/wp-json\/wp\/v2\/tags?post=195459"}],"curies":[{"name":"wp","href":"https:\/\/api.w.org\/{rel}","templated":true}]}}