{"id":19547,"date":"2025-04-12T09:42:09","date_gmt":"2025-04-12T09:42:09","guid":{"rendered":"https:\/\/www.europesays.com\/fr\/19547\/"},"modified":"2025-04-12T09:42:09","modified_gmt":"2025-04-12T09:42:09","slug":"quand-on-met-les-corons-les-gens-chantent-ca-comme-la-marseillaise-a-paris-lincroyable-succes-des-chorales-pop","status":"publish","type":"post","link":"https:\/\/www.europesays.com\/fr\/19547\/","title":{"rendered":"\u00ab\u00a0Quand on met Les Corons, les gens chantent \u00e7a comme La Marseillaise\u00a0\u00bb\u00a0: \u00e0 Paris, l\u2019incroyable succ\u00e8s des chorales pop"},"content":{"rendered":"<p class=\"paragraph text_align_left\">Eduardo, 23 ans, un verre de bi\u00e8re \u00e0 la main, s\u2019\u00e9poumone avec ses potes sur une chanson de <a href=\"https:\/\/www.leparisien.fr\/culture-loisirs\/musique\/clara-luciani-chanteuse-populaire-cest-le-plus-beau-compliment-quon-puisse-me-faire-03-02-2023-AWGLBZHB3ZAEFDJGXBPEGK32GM.php\" target=\"_blank\" rel=\"nofollow noopener\">Clara Luciani<\/a> avant d\u2019encha\u00eener avec le m\u00eame entrain avec un titre du <a href=\"https:\/\/www.leparisien.fr\/culture-loisirs\/musique\/hologrammes-pub-londonien-a-paillettes-pourquoi-abba-voyage-le-show-hommage-triomphe-a-londres-09-11-2024-QHX7S7TCRRBCLMA7EHLPDSLZPI.php\" target=\"_blank\" rel=\"nofollow noopener\">groupe Abba<\/a>. C\u2019est la troisi\u00e8me fois qu\u2019il vient go\u00fbter la fi\u00e8vre du mercredi soir au restaurant Le Grand Breguet, \u00e0 Paris (XIe). Peu importe si \u00e7a chante un peu faux, \u00ab avec le nombre, cela harmonise \u00bb, sourit l\u2019\u00e9tudiant.<\/p>\n<p class=\"paragraph text_align_left\">Ils sont plus de 350 comme lui \u00e0 se rendre le premier mercredi du mois dans cette cantine bio de 450 m2, install\u00e9e dans un ancien local de La Poste. Juste pour le plaisir de chanter et de faire la f\u00eate avec la chorale Envie de chanter. Un v\u00e9ritable ph\u00e9nom\u00e8ne.<\/p>\n","protected":false},"excerpt":{"rendered":"Eduardo, 23 ans, un verre de bi\u00e8re \u00e0 la main, s\u2019\u00e9poumone avec ses potes sur une chanson de&hellip;\n","protected":false},"author":2,"featured_media":19548,"comment_status":"","ping_status":"","sticky":false,"template":"","format":"standard","meta":{"footnotes":""},"categories":[1888],"tags":[11,872,1777,674,1011,27,1944,12,626,25],"class_list":{"0":"post-19547","1":"post","2":"type-post","3":"status-publish","4":"format-standard","5":"has-post-thumbnail","7":"category-paris","8":"tag-actualites","9":"tag-culture-et-loisirs","10":"tag-eu","11":"tag-europe","12":"tag-fr","13":"tag-france","14":"tag-ma-ville","15":"tag-news","16":"tag-paris","17":"tag-republique-francaise"},"share_on_mastodon":{"url":"https:\/\/pubeurope.com\/@fr\/114324343705952008","error":""},"_links":{"self":[{"href":"https:\/\/www.europesays.com\/fr\/wp-json\/wp\/v2\/posts\/19547","targetHints":{"allow":["GET"]}}],"collection":[{"href":"https:\/\/www.europesays.com\/fr\/wp-json\/wp\/v2\/posts"}],"about":[{"href":"https:\/\/www.europesays.com\/fr\/wp-json\/wp\/v2\/types\/post"}],"author":[{"embeddable":true,"href":"https:\/\/www.europesays.com\/fr\/wp-json\/wp\/v2\/users\/2"}],"replies":[{"embeddable":true,"href":"https:\/\/www.europesays.com\/fr\/wp-json\/wp\/v2\/comments?post=19547"}],"version-history":[{"count":0,"href":"https:\/\/www.europesays.com\/fr\/wp-json\/wp\/v2\/posts\/19547\/revisions"}],"wp:featuredmedia":[{"embeddable":true,"href":"https:\/\/www.europesays.com\/fr\/wp-json\/wp\/v2\/media\/19548"}],"wp:attachment":[{"href":"https:\/\/www.europesays.com\/fr\/wp-json\/wp\/v2\/media?parent=19547"}],"wp:term":[{"taxonomy":"category","embeddable":true,"href":"https:\/\/www.europesays.com\/fr\/wp-json\/wp\/v2\/categories?post=19547"},{"taxonomy":"post_tag","embeddable":true,"href":"https:\/\/www.europesays.com\/fr\/wp-json\/wp\/v2\/tags?post=19547"}],"curies":[{"name":"wp","href":"https:\/\/api.w.org\/{rel}","templated":true}]}}